{"id":60808,"date":"2017-06-06T08:18:32","date_gmt":"2017-06-06T06:18:32","guid":{"rendered":"http:\/\/semmelweis.hu\/hirek\/?p=60808"},"modified":"2023-09-26T12:14:25","modified_gmt":"2023-09-26T10:14:25","slug":"dr-hegedus-katalin-az-oszinte-beszelgetes-a-jo-halal-egyik-alapja","status":"publish","type":"post","link":"https:\/\/semmelweis.hu\/hirek\/2017\/06\/06\/dr-hegedus-katalin-az-oszinte-beszelgetes-a-jo-halal-egyik-alapja\/","title":{"rendered":"Dr. Heged\u0171s Katalin: Az \u0151szinte besz\u00e9lget\u00e9s a \u201ej\u00f3 hal\u00e1l\u201d egyik alapja"},"content":{"rendered":"<p>A besz\u00e9lget\u00e9s, a ny\u00edlt kommunik\u00e1ci\u00f3 az egyik olyan t\u00e9nyez\u0151, mely hozz\u00e1seg\u00edt a \u201ej\u00f3 hal\u00e1lhoz\u201d \u2013 v\u00e9li dr. Heged\u0171s Katalin. A Magatart\u00e1studom\u00e1nyi Int\u00e9zet igazgat\u00f3helyettese k\u00f6zelm\u00faltban megjelent k\u00f6tet\u00e9ben amellett, hogy \u00f6sszegezte az elm\u00falt k\u00e9t \u00e9s f\u00e9l \u00e9vtized haldokl\u00f3k \u00e9s gy\u00e1szol\u00f3k seg\u00edt\u00e9se sor\u00e1n \u00f6sszegy\u0171jt\u00f6tt tapasztalatait, t\u00f6bb friss kutat\u00e1s eredm\u00e9ny\u00e9t is k\u00f6zli.<\/p>\n<p><a href=\"https:\/\/semmelweis.hu\/hirek\/files\/2017\/05\/RS62475_IMG_2330-scr.jpg\"><img loading=\"lazy\" decoding=\"async\" class=\"alignleft size-medium wp-image-60809\" src=\"https:\/\/semmelweis.hu\/hirek\/files\/2017\/05\/RS62475_IMG_2330-scr-200x300.jpg\" alt=\"\" width=\"200\" height=\"300\" srcset=\"https:\/\/semmelweis.hu\/hirek\/files\/2017\/05\/RS62475_IMG_2330-scr-200x300.jpg 200w, https:\/\/semmelweis.hu\/hirek\/files\/2017\/05\/RS62475_IMG_2330-scr-267x400.jpg 267w, https:\/\/semmelweis.hu\/hirek\/files\/2017\/05\/RS62475_IMG_2330-scr.jpg 500w\" sizes=\"auto, (max-width: 200px) 100vw, 200px\" \/><\/a>Mib\u0151l mer\u00edtenek er\u0151t azok az eg\u00e9szs\u00e9g\u00fcgyi dolgoz\u00f3k, akik haldokl\u00f3kkal foglalkoznak? Egyebek mellett ezt a k\u00e9rd\u00e9st is vizsg\u00e1lta dr. Heged\u0171s Katalin a kutat\u00f3csoportj\u00e1val. Eredm\u00e9nyeik szerint saj\u00e1tos szem\u00e9lyis\u00e9gvon\u00e1sokkal rendelkeznek azok az emberek, akik kitart\u00f3an ezen a p\u00e1ly\u00e1n maradnak: nagyobb rugalmass\u00e1g, \u00fan. koherencia\u00e9rz\u00e9k (\u00f6sszerendezetts\u00e9g, harm\u00f3nia) jellemz\u0151 r\u00e1juk, jobban meg tudnak k\u00fczdeni a neh\u00e9z helyzetekkel, \u00e9s eredend\u0151en pozit\u00edv szem\u00e9lyis\u00e9g\u0171 emberek. Sokat seg\u00edt \u00e9s meger\u0151s\u00edti megk\u00fczd\u00e9si strat\u00e9gi\u00e1ikat, ha kapnak pozit\u00edv visszajelz\u00e9st a betegt\u0151l, illetve a hozz\u00e1tartoz\u00f3kt\u00f3l. A Magatart\u00e1studom\u00e1nyi Int\u00e9zet docense azt is vizsg\u00e1lta, hogy mi jav\u00edtja legink\u00e1bb az orvosok \u00e9s az eg\u00e9szs\u00e9g\u00fcgyi dolgoz\u00f3k haldokl\u00f3 betegekkel val\u00f3 kommunik\u00e1ci\u00f3j\u00e1t. Meg\u00e1llap\u00edt\u00e1sai szerint az el\u0151ad\u00e1sok helyett a kiscsoportos tr\u00e9ningeknek \u00e9s megbesz\u00e9l\u00e9seknek van legink\u00e1bb seg\u00edt\u0151 hat\u00e1sa.<\/p>\n<p>A harmadik kutat\u00e1s, amely a most megjelent \u201eL\u00e9tezik-e j\u00f3 hal\u00e1l?\u201d c\u00edm\u0171 k\u00f6tetben \u00a0olvashat\u00f3, gy\u00e1szol\u00f3k napl\u00f3inak elemz\u00e9s\u00e9n alapul. Maga a napl\u00f3, az \u00e9rz\u00e9sek le\u00edr\u00e1sa sokat seg\u00edt a gy\u00e1sz feldolgoz\u00e1s\u00e1nak folyamat\u00e1ban, mint dr. Heged\u0171s Katalin mondja, ezt mindig javasolni szokta a klienseinek. A t\u00f6bb \u00e9v alatt \u00f6sszegy\u0171lt napl\u00f3k elemz\u00e9s\u00e9b\u0151l az l\u00e1tszik, hogy a gy\u00e1szol\u00f3k \u00e9rz\u00e9sei, a gy\u00e1sz folyamat\u00e1nak egyes st\u00e1diumai nagyon hasonl\u00f3ak mindenkin\u00e9l, kort\u00f3l \u00e9s nemt\u0151l f\u00fcggetlen\u00fcl. Sokan le\u00edrj\u00e1k, hogy a t\u00e1rsadalomban el\u0151t\u00e9rbe ker\u00fclt a gy\u00e1szol\u00f3 \u201es\u00fcrget\u00e9se\u201d: min\u00e9l el\u0151bb fejezze be a gy\u00e1szol\u00e1st. Kev\u00e9s emp\u00e1tia \u00e9s t\u00fcrelem veszi k\u00f6r\u00fcl \u0151ket az els\u0151 egy-k\u00e9t h\u00f3nap ut\u00e1n, holott a gy\u00e1sz lefoly\u00e1sa sokkal hosszabb id\u0151 \u2013 hangs\u00falyozza a szerz\u0151.<\/p>\n<p>A docens szerint a hal\u00e1l k\u00e9rd\u00e9se a v\u00e1rhat\u00f3 \u00e9lettartam kitol\u00f3d\u00e1s\u00e1val egyre ink\u00e1bb el\u0151t\u00e9rbe ker\u00fcl, de alapvet\u0151en m\u00e9g ma is tabut\u00e9ma a t\u00e1rsadalomban. Nem besz\u00e9lnek r\u00f3la a csal\u00e1dokban, a s\u00falyos betegek k\u00f3rh\u00e1zakban, id\u0151sotthonokban halnak meg, gener\u00e1ci\u00f3k n\u0151nek fel \u00fagy, hogy nem l\u00e1tnak haldokl\u00f3t, nem tudnak gy\u00e1szolni, elvesztek az ezt t\u00e1mogat\u00f3 r\u00edtusok. \u00c9ppen a felk\u00e9sz\u00fcletlens\u00e9g \u00e9s a h\u00e1r\u00edt\u00e1s az, ami er\u0151s\u00edti a hal\u00e1lf\u00e9lelmet a ma ember\u00e9ben \u2013 hangs\u00falyozta.<\/p>\n<p><a href=\"https:\/\/semmelweis.hu\/hirek\/files\/2017\/05\/RS62479_IMG_2291-scr.jpg\"><img loading=\"lazy\" decoding=\"async\" class=\"alignright size-medium wp-image-60810\" src=\"https:\/\/semmelweis.hu\/hirek\/files\/2017\/05\/RS62479_IMG_2291-scr-300x200.jpg\" alt=\"\" width=\"300\" height=\"200\" srcset=\"https:\/\/semmelweis.hu\/hirek\/files\/2017\/05\/RS62479_IMG_2291-scr-300x200.jpg 300w, https:\/\/semmelweis.hu\/hirek\/files\/2017\/05\/RS62479_IMG_2291-scr-768x512.jpg 768w, https:\/\/semmelweis.hu\/hirek\/files\/2017\/05\/RS62479_IMG_2291-scr-600x400.jpg 600w, https:\/\/semmelweis.hu\/hirek\/files\/2017\/05\/RS62479_IMG_2291-scr-450x300.jpg 450w, https:\/\/semmelweis.hu\/hirek\/files\/2017\/05\/RS62479_IMG_2291-scr.jpg 950w\" sizes=\"auto, (max-width: 300px) 100vw, 300px\" \/><\/a>Dr. Heged\u0171s Katalin t\u00f6bb mint 25 \u00e9ves tapasztalata azt mutatja, kevesen jutnak el oda, hogy \u201ej\u00f3 hal\u00e1lt\u201d halhatnak, \u00e9s ennek alapvet\u0151 oka \u00e9ppen a k\u00e9rd\u00e9s tabus\u00edt\u00e1sa, az, hogy nincs ny\u00edlt kommunik\u00e1ci\u00f3 se az eg\u00e9szs\u00e9g\u00fcgyi szem\u00e9lyzettel, se a beteg \u00e9s a hozz\u00e1tartoz\u00f3 k\u00f6z\u00f6tt. Van egy \u00e1ltal\u00e1nos t\u00e9vhit, hogy ha nem mondj\u00e1k a betegnek, akkor nem tudja, mennyire s\u00falyos a helyzet. A tapasztalatok szerint viszont ennek \u00e9ppen az ellenkez\u0151je az igaz: a betegek \u00e1ltal\u00e1ban pontosan tiszt\u00e1ban vannak az \u00e1llapotukkal akkor is, ha nem besz\u00e9lnek err\u0151l, viszont \u0151szinte besz\u00e9lget\u00e9sek n\u00e9lk\u00fcl egyed\u00fcl maradnak a f\u00e9lelmeikkel, szorong\u00e1saikkal, \u00e9s minden f\u00e9l megfosztja mag\u00e1t a b\u00facs\u00faz\u00e1s lehet\u0151s\u00e9g\u00e9t\u0151l is.<\/p>\n<p>A szakember a term\u00e9szetess\u00e9get javasolja, mint alapelvet az ilyen helyzetekben: besz\u00e9lj\u00fcnk ugyan\u00fagy szerett\u00fcnkkel vagy beteg\u00fcnkkel, mint kor\u00e1bban. \u201eSokan fordulnak hozz\u00e1m azzal a k\u00e9rd\u00e9ssel \u2013 ak\u00e1r orvostanhallgat\u00f3k is a hal\u00e1llal, haldokl\u00e1ssal foglalkoz\u00f3 Tanatol\u00f3gia kurzusomon \u2013, hogy mivel kezdj\u00fcnk egy ilyen besz\u00e9lget\u00e9st. A legegyszer\u0171bb dolgokat szoktam javasolni: hogy \u00e9rzi mag\u00e1t, vannak-e panaszai, mi az, amit\u0151l tart, mi esne j\u00f3l, milyen elk\u00e9pzel\u00e9sei vannak a j\u00f6v\u0151re vonatkoz\u00f3an?\u201d \u2013 osztotta meg dr. Heged\u0171s Katalin, hozz\u00e1t\u00e9ve, hogy a v\u00e1laszokb\u00f3l az is kider\u00fcl, hogy mennyire nyitott a beteg a m\u00e9lyebb besz\u00e9lget\u00e9sre, fontos, hogy ebben az \u0151 akarata legyen az ir\u00e1nyad\u00f3.<\/p>\n<p>Nem szabad misztifik\u00e1lni az \u00e9let v\u00e9g\u00e9t, mert akkor elt\u00e1volodunk att\u00f3l, aki ezzel k\u00fczd vagy gy\u00e1szol. Akkor tudunk igazi seg\u00edt\u0151i lenni a legs\u00falyosabb \u00e1llapot\u00fa betegnek, ha nem f\u00e9l\u00fcnk a vele val\u00f3 besz\u00e9lget\u00e9st\u0151l \u2013 fogalmazott a szakember.<\/p>\n<p>Dobozi P\u00e1lma<br \/>\nFot\u00f3: Kov\u00e1cs Attila, Semmelweis Egyetem<\/p>\n","protected":false},"excerpt":{"rendered":"<p>A besz\u00e9lget\u00e9s, a ny\u00edlt kommunik\u00e1ci\u00f3 az egyik olyan t\u00e9nyez\u0151, mely hozz\u00e1seg\u00edt a \u201ej\u00f3 hal\u00e1lhoz\u201d \u2013 v\u00e9li dr. Heged\u0171s Katalin. A Magatart\u00e1studom\u00e1nyi Int\u00e9zet igazgat\u00f3helyettese k\u00f6zelm\u00faltban megjelent k\u00f6tet\u00e9ben amellett, hogy \u00f6sszegezte az elm\u00falt k\u00e9t \u00e9s f\u00e9l \u00e9vtized haldokl\u00f3k \u00e9s gy\u00e1szol\u00f3k seg\u00edt\u00e9se sor\u00e1n \u00f6sszegy\u0171jt\u00f6tt tapasztalatait, t\u00f6bb friss kutat\u00e1s eredm\u00e9ny\u00e9t is k\u00f6zli. <a href=\"https:\/\/semmelweis.hu\/hirek\/files\/2017\/05\/RS62475_IMG_2330-scr.jpg\"><\/a> Mib\u0151l mer\u00edtenek er\u0151t azok az eg\u00e9szs\u00e9g\u00fcgyi dolgoz\u00f3k, &hellip;<\/p>\n","protected":false},"author":13,"featured_media":60810,"comment_status":"closed","ping_status":"closed","sticky":false,"template":"","format":"standard","meta":{"_acf_changed":false,"footnotes":""},"categories":[157,168],"tags":[345,3996],"class_list":["post-60808","post","type-post","status-publish","format-standard","has-post-thumbnail","hentry","category-semmelweis-vilag","category-kiemelt","tag-esemenyek-es-beszamolok","tag-interju"],"acf":[],"_links":{"self":[{"href":"https:\/\/semmelweis.hu\/hirek\/wp-json\/wp\/v2\/posts\/60808","targetHints":{"allow":["GET"]}}],"collection":[{"href":"https:\/\/semmelweis.hu\/hirek\/wp-json\/wp\/v2\/posts"}],"about":[{"href":"https:\/\/semmelweis.hu\/hirek\/wp-json\/wp\/v2\/types\/post"}],"author":[{"embeddable":true,"href":"https:\/\/semmelweis.hu\/hirek\/wp-json\/wp\/v2\/users\/13"}],"replies":[{"embeddable":true,"href":"https:\/\/semmelweis.hu\/hirek\/wp-json\/wp\/v2\/comments?post=60808"}],"version-history":[{"count":4,"href":"https:\/\/semmelweis.hu\/hirek\/wp-json\/wp\/v2\/posts\/60808\/revisions"}],"predecessor-version":[{"id":131483,"href":"https:\/\/semmelweis.hu\/hirek\/wp-json\/wp\/v2\/posts\/60808\/revisions\/131483"}],"wp:featuredmedia":[{"embeddable":true,"href":"https:\/\/semmelweis.hu\/hirek\/wp-json\/wp\/v2\/media\/60810"}],"wp:attachment":[{"href":"https:\/\/semmelweis.hu\/hirek\/wp-json\/wp\/v2\/media?parent=60808"}],"wp:term":[{"taxonomy":"category","embeddable":true,"href":"https:\/\/semmelweis.hu\/hirek\/wp-json\/wp\/v2\/categories?post=60808"},{"taxonomy":"post_tag","embeddable":true,"href":"https:\/\/semmelweis.hu\/hirek\/wp-json\/wp\/v2\/tags?post=60808"}],"curies":[{"name":"wp","href":"https:\/\/api.w.org\/{rel}","templated":true}]}}