{"id":60299,"date":"2017-05-15T16:16:03","date_gmt":"2017-05-15T14:16:03","guid":{"rendered":"http:\/\/semmelweis.hu\/hirek\/?p=60299"},"modified":"2018-02-06T13:06:40","modified_gmt":"2018-02-06T12:06:40","slug":"in-memoriam-dr-forgacs-ivan-professor-emeritus","status":"publish","type":"post","link":"https:\/\/semmelweis.hu\/hirek\/2017\/05\/15\/in-memoriam-dr-forgacs-ivan-professor-emeritus\/","title":{"rendered":"In Memoriam dr. Forg\u00e1cs Iv\u00e1n professor emeritus"},"content":{"rendered":"<p>Dr. Forg\u00e1cs Iv\u00e1n 1933. febru\u00e1r 12-\u00e9n sz\u00fcletett Budapesten \u00e9s sikeres, gazdag \u00e9let\u00fat, egyetemi p\u00e1lyafut\u00e1s ut\u00e1n 2017. m\u00e1jus 15-\u00e9n 84 \u00e9ves kor\u00e1ban hunyt el.<\/p>\n<p><a href=\"https:\/\/semmelweis.hu\/hirek\/files\/2017\/05\/Forgacs_Ivan_fekete_1.jpg\"><img loading=\"lazy\" decoding=\"async\" class=\"alignleft size-medium wp-image-60300\" src=\"https:\/\/semmelweis.hu\/hirek\/files\/2017\/05\/Forgacs_Ivan_fekete_1-300x203.jpg\" alt=\"\" width=\"300\" height=\"203\" srcset=\"https:\/\/semmelweis.hu\/hirek\/files\/2017\/05\/Forgacs_Ivan_fekete_1-300x203.jpg 300w, https:\/\/semmelweis.hu\/hirek\/files\/2017\/05\/Forgacs_Ivan_fekete_1-768x520.jpg 768w, https:\/\/semmelweis.hu\/hirek\/files\/2017\/05\/Forgacs_Ivan_fekete_1-591x400.jpg 591w, https:\/\/semmelweis.hu\/hirek\/files\/2017\/05\/Forgacs_Ivan_fekete_1-443x300.jpg 443w, https:\/\/semmelweis.hu\/hirek\/files\/2017\/05\/Forgacs_Ivan_fekete_1-600x406.jpg 600w\" sizes=\"auto, (max-width: 300px) 100vw, 300px\" \/><\/a>1957-ben szerzett orvosi diplom\u00e1t a Budapesti Orvostudom\u00e1nyi Egyetemen, majd ezt k\u00f6vet\u0151en az egyetem \u00c9lettani Int\u00e9zet\u00e9ben demonstr\u00e1tor, gyakornok, tan\u00e1rseg\u00e9d, adjunktus \u00e9s docens volt. 1961-ben laborat\u00f3riumi vizsg\u00e1latok szakvizsg\u00e1t szerzett, majd 1966-t\u00f3l az orvostudom\u00e1nyok kandid\u00e1tusa. Az \u00c9lettani Int\u00e9zetben elt\u00f6lt\u00f6tt \u00e9vekre, az ottani oktat\u00e1sra, tudom\u00e1nyos munk\u00e1ra, mindig nagyon b\u00fcszke volt, \u00e9s gondolkod\u00e1s\u00e1t az \u00e9lettanban szerzett m\u00e9ly ismeretei egy \u00e9leten kereszt\u00fcl meghat\u00e1rozt\u00e1k.<\/p>\n<p>1976-t\u00f3l az Eg\u00e9szs\u00e9g\u00fcgyi Miniszt\u00e9riumban f\u0151oszt\u00e1lyvezet\u0151-helyettesk\u00e9nt az egyetemi oszt\u00e1lyt vezette. Szoros kapcsolata a Semmelweis Egyetemmel megmaradt, \u00e9s ez csak tov\u00e1bb b\u0151v\u00fclt a t\u00f6bbi hazai orvosegyetemmel.<\/p>\n<p>A miniszt\u00e9riumi \u00e9vek alatt is akt\u00edvan foglalkozott a Semmelweis Orvostudom\u00e1nyi Egyetem orvosk\u00e9pz\u00e9si \u00e9s oktat\u00e1stechnikai k\u00e9rd\u00e9seivel, az akkor alap\u00edtott Orvosk\u00e9pz\u00e9si \u00e9s Oktat\u00e1stechnikai Csoport vezet\u0151je lett egyetemi tan\u00e1rk\u00e9nt.<\/p>\n<p>1982-t\u0151l az Orvostov\u00e1bbk\u00e9pz\u0151 Egyetem T\u00e1rsadalom-orvostani Int\u00e9zet egyetemi tan\u00e1ra, igazgat\u00f3ja. Ebben az id\u0151szakban miniszteri szaktan\u00e1csad\u00f3k\u00e9nt, miniszteri biztosk\u00e9nt is tev\u00e9kenykedett. 1983-1990 k\u00f6z\u00f6tt oktat\u00e1si rektorhelyettes, majd 1990-1993 k\u00f6z\u00f6tt az Orvostov\u00e1bbk\u00e9pz\u0151 Egyetem rektora volt.<\/p>\n<p>1996-1998 k\u00f6z\u00f6tt a Szent-Gy\u00f6rgyi Albert Orvostudom\u00e1nyi Egyetem N\u00e9peg\u00e9szs\u00e9gtani Int\u00e9zet\u00e9nek igazgat\u00f3ja, 1998-2003 k\u00f6z\u00f6tt egyetemi tan\u00e1ra. 1995-t\u0151l 2010-ig r\u00e9szt vett modulvezet\u0151k\u00e9nt a Debreceni Orvostudom\u00e1nyi Egyetem N\u00e9peg\u00e9szs\u00e9g\u00fcgyi Iskol\u00e1j\u00e1nak munk\u00e1j\u00e1ban.<\/p>\n<p>2000-t\u0151l a Semmelweis Egyetem Eg\u00e9szs\u00e9gtudom\u00e1nyi Kar\u00e1nak egyetemi tan\u00e1ra. 2003-t\u00f3l professzor emeritus.<\/p>\n<p>Szakmai \u00e9s tudom\u00e1nyos tev\u00e9kenys\u00e9ge sor\u00e1n a magyar orvosk\u00e9pz\u00e9si \u00e9s eg\u00e9szs\u00e9g\u00fcgyi \u00e9s oktat\u00e1si t\u00e1rsas\u00e1g alap\u00edt\u00f3 f\u0151titk\u00e1ra majd eln\u00f6ke. T\u00f6bb \u00e9ven kereszt\u00fcl a T\u00e1rsadalom-orvostudom\u00e1nyi Szakmai Koll\u00e9gium eln\u00f6ke, illetve a Megel\u0151z\u0151-Orvostani N\u00e9peg\u00e9szs\u00e9g\u00fcgyi Szakmai Koll\u00e9gium tagja.<\/p>\n<p>T\u00f6bb \u00e9ven kereszt\u00fcl t\u00f6bb szakaszban az ETT eln\u00f6ks\u00e9g\u00e9nek tagja, illetve az ETT Fels\u0151oktat\u00e1si Bizotts\u00e1g\u00e1nak eln\u00f6ke.<\/p>\n<p>1984-1987 k\u00f6z\u00f6tt a WHO V\u00e9grehajt\u00f3 Tan\u00e1cs\u00e1nak tagja. Ezt k\u00f6vet\u0151en t\u00f6bb nemzetk\u00f6zi szervezet eln\u00f6ke illetve aleln\u00f6ke.<\/p>\n<p>Hossz\u00fa \u00e9veken kereszt\u00fcl az Orvosi Hetilap, az \u00c9let \u00e9s Tudom\u00e1ny, LAM, Journal of Health Policy, European Journal of Public Health valamint Journal of Health Management szerkeszt\u0151bizotts\u00e1gainak, illetve tan\u00e1csad\u00f3 test\u00fcleteinek tagja.<\/p>\n<p>1985-ben Munka \u00c9rdemrend arany fokozat\u00e1t kapta, \u00e9s 1998-ban a Magyar K\u00f6zt\u00e1rsas\u00e1g \u00c9rdemrend Tisztikeresztj\u00e9vel t\u00fcntett\u00e9k ki.<\/p>\n<p>A Semmelweis Egyetem Eg\u00e9szs\u00e9gtudom\u00e1nyi Kar\u00e1n professzor emeritusk\u00e9nt akt\u00edvan dolgozott \u2013 k\u00fcl\u00f6n\u00f6sen gazdag \u00e9s eredm\u00e9nyes az a tev\u00e9kenys\u00e9g, amelyet a Doktori Iskol\u00e1ban v\u00e9gzett. R\u00e9szt vett a fokozatszerz\u00e9si elj\u00e1r\u00e1s minden f\u00e1zis\u00e1ban. Vizsg\u00e1ztatott, \u00e9s \u00e1lland\u00f3 megh\u00edvottja volt az egyetem Doktori Tan\u00e1cs\u00e1nak.<\/p>\n<p>Az ETK-n t\u00f6lt\u00f6tt \u00e9vek j\u00f3l kapcsol\u00f3dtak a kor\u00e1bbi Eg\u00e9szs\u00e9g\u00fcgyi F\u0151iskolai Karon folytatott tev\u00e9kenys\u00e9g\u00e9hez. Mindannyian tapasztalhattuk, hogy nyitotts\u00e1ga, fiatalos gondolkod\u00e1sa, rugalmass\u00e1ga mindv\u00e9gig megmaradt. 2015-ben az Eg\u00e9szs\u00e9gtudom\u00e1nyi Kar 40. jubileumi \u00e9vfordul\u00f3j\u00e1n az ez alkalomb\u00f3l alap\u00edtott Eml\u00e9kplakett els\u0151 tulajdonosa lett.<\/p>\n<p>Nagy b\u00f6lcsess\u00e9ggel \u00e9s odafigyel\u00e9ssel seg\u00edtette a kar munkat\u00e1rsainak tev\u00e9kenys\u00e9g\u00e9t, el\u0151ad\u00e1saival, kurzusaival a hallgat\u00f3k szeretet\u00e9t \u00e9s tisztelet\u00e9t is kiv\u00edvta. B\u00f6lcs tan\u00e1csaival, \u00e9lettapasztalat\u00e1val mindannyiunkat t\u00e1mogatott, b\u00e1tor\u00edtott.<\/p>\n<p>K\u00fcl\u00f6n\u00f6sen szeretett azokr\u00f3l a nemzetk\u00f6zi kapcsolatokr\u00f3l \u00e9s tapasztalatokr\u00f3l besz\u00e9lni, amelyeket \u00e9let\u00fatja sor\u00e1n megszerzett, visszaeml\u00e9kez\u00e9sei sor\u00e1n is tapasztalhattuk a mindv\u00e9gig megmaradt optimizmus\u00e1t.<\/p>\n<p>K\u00f6zvetlens\u00e9g\u00e9vel \u00e9s szer\u00e9nys\u00e9g\u00e9vel p\u00e9ld\u00e1t mutatott, m\u00f3dot \u00e9s lehet\u0151s\u00e9get adott arra, hogy tudom\u00e1nyos \u00e9s oktat\u00e1si t\u00e9m\u00e1kon t\u00fal bepillant\u00e1st nyerhett\u00fcnk szem\u00e9lyes \u00e9let\u00e9be, fia orvosi p\u00e1lyafut\u00e1s\u00e1nak alakul\u00e1s\u00e1ba \u00e9s unok\u00e1ja el\u0151rehalad\u00e1s\u00e1ra, amelyekre nagyon b\u00fcszke volt.<\/p>\n<p><a href=\"https:\/\/semmelweis.hu\/hirek\/files\/2017\/05\/gyaszlap02.jpg\"><img loading=\"lazy\" decoding=\"async\" class=\"aligncenter size-large wp-image-60766\" src=\"https:\/\/semmelweis.hu\/hirek\/files\/2017\/05\/gyaszlap02-600x283.jpg\" alt=\"\" width=\"600\" height=\"283\" srcset=\"https:\/\/semmelweis.hu\/hirek\/files\/2017\/05\/gyaszlap02-600x283.jpg 600w, https:\/\/semmelweis.hu\/hirek\/files\/2017\/05\/gyaszlap02-300x141.jpg 300w, https:\/\/semmelweis.hu\/hirek\/files\/2017\/05\/gyaszlap02-768x362.jpg 768w, https:\/\/semmelweis.hu\/hirek\/files\/2017\/05\/gyaszlap02-580x274.jpg 580w, https:\/\/semmelweis.hu\/hirek\/files\/2017\/05\/gyaszlap02.jpg 793w\" sizes=\"auto, (max-width: 600px) 100vw, 600px\" \/><\/a><\/p>\n<p>Eg\u00e9szs\u00e9gtudom\u00e1nyi Kar<\/p>\n","protected":false},"excerpt":{"rendered":"<p>Dr. Forg\u00e1cs Iv\u00e1n 1933. febru\u00e1r 12-\u00e9n sz\u00fcletett Budapesten \u00e9s sikeres, gazdag \u00e9let\u00fat, egyetemi p\u00e1lyafut\u00e1s ut\u00e1n 2017. m\u00e1jus 15-\u00e9n 84 \u00e9ves kor\u00e1ban hunyt el. <a href=\"https:\/\/semmelweis.hu\/hirek\/files\/2017\/05\/Forgacs_Ivan_fekete_1.jpg\"><\/a> 1957-ben szerzett orvosi diplom\u00e1t a Budapesti Orvostudom\u00e1nyi Egyetemen, majd ezt k\u00f6vet\u0151en az egyetem \u00c9lettani Int\u00e9zet\u00e9ben demonstr\u00e1tor, gyakornok, tan\u00e1rseg\u00e9d, adjunktus \u00e9s docens volt. 1961-ben laborat\u00f3riumi vizsg\u00e1latok szakvizsg\u00e1t szerzett, majd 1966-t\u00f3l az orvostudom\u00e1nyok kandid\u00e1tusa. &hellip;<\/p>\n","protected":false},"author":13,"featured_media":60300,"comment_status":"closed","ping_status":"closed","sticky":false,"template":"","format":"standard","meta":{"_acf_changed":false,"footnotes":""},"categories":[157],"tags":[345,4108],"class_list":["post-60299","post","type-post","status-publish","format-standard","has-post-thumbnail","hentry","category-semmelweis-vilag","tag-esemenyek-es-beszamolok","tag-gyaszhir"],"acf":[],"_links":{"self":[{"href":"https:\/\/semmelweis.hu\/hirek\/wp-json\/wp\/v2\/posts\/60299","targetHints":{"allow":["GET"]}}],"collection":[{"href":"https:\/\/semmelweis.hu\/hirek\/wp-json\/wp\/v2\/posts"}],"about":[{"href":"https:\/\/semmelweis.hu\/hirek\/wp-json\/wp\/v2\/types\/post"}],"author":[{"embeddable":true,"href":"https:\/\/semmelweis.hu\/hirek\/wp-json\/wp\/v2\/users\/13"}],"replies":[{"embeddable":true,"href":"https:\/\/semmelweis.hu\/hirek\/wp-json\/wp\/v2\/comments?post=60299"}],"version-history":[{"count":4,"href":"https:\/\/semmelweis.hu\/hirek\/wp-json\/wp\/v2\/posts\/60299\/revisions"}],"predecessor-version":[{"id":60767,"href":"https:\/\/semmelweis.hu\/hirek\/wp-json\/wp\/v2\/posts\/60299\/revisions\/60767"}],"wp:featuredmedia":[{"embeddable":true,"href":"https:\/\/semmelweis.hu\/hirek\/wp-json\/wp\/v2\/media\/60300"}],"wp:attachment":[{"href":"https:\/\/semmelweis.hu\/hirek\/wp-json\/wp\/v2\/media?parent=60299"}],"wp:term":[{"taxonomy":"category","embeddable":true,"href":"https:\/\/semmelweis.hu\/hirek\/wp-json\/wp\/v2\/categories?post=60299"},{"taxonomy":"post_tag","embeddable":true,"href":"https:\/\/semmelweis.hu\/hirek\/wp-json\/wp\/v2\/tags?post=60299"}],"curies":[{"name":"wp","href":"https:\/\/api.w.org\/{rel}","templated":true}]}}