{"id":58928,"date":"2017-03-21T11:05:54","date_gmt":"2017-03-21T10:05:54","guid":{"rendered":"http:\/\/semmelweis.hu\/hirek\/?p=58928"},"modified":"2018-07-25T14:05:12","modified_gmt":"2018-07-25T12:05:12","slug":"felmerik-az-egeszsegugyi-dolgozok-atoltottsagat-az-egyetem-klinikain","status":"publish","type":"post","link":"https:\/\/semmelweis.hu\/hirek\/2017\/03\/21\/felmerik-az-egeszsegugyi-dolgozok-atoltottsagat-az-egyetem-klinikain\/","title":{"rendered":"Felm\u00e9rik az eg\u00e9szs\u00e9g\u00fcgyi dolgoz\u00f3k \u00e1toltotts\u00e1g\u00e1t az egyetem klinik\u00e1in"},"content":{"rendered":"<p>Hamarosan a Semmelweis Egyetem valamennyi klinikai dolgoz\u00f3j\u00e1hoz eljut az a k\u00e9rd\u0151\u00edv, amely a kanyar\u00f3 elleni int\u00e9zm\u00e9nyen bel\u00fcli \u00e1toltotts\u00e1got k\u00edv\u00e1nja felm\u00e9rni. Els\u0151 k\u00f6rben az eg\u00e9szs\u00e9g\u00fcgyi dolgoz\u00f3k azon adatait k\u00e9ri be az Emberier\u0151forr\u00e1s-gazd\u00e1lkod\u00e1si F\u0151igazgat\u00f3s\u00e1g k\u00f6zrem\u0171k\u00f6d\u00e9s\u00e9vel a K\u00f3rh\u00e1zhigi\u00e9n\u00e9s Oszt\u00e1ly, amelyekb\u0151l nagy val\u00f3sz\u00edn\u0171s\u00e9ggel kider\u00edthet\u0151, hogy kapott-e kor\u00e1bban v\u00e9d\u0151olt\u00e1st a dolgoz\u00f3, vagy esetleg \u00e1tesett kanyar\u00f3s megbeteged\u00e9sen \u2013 mondta el dr. Antmann Katalin oszt\u00e1lyvezet\u0151 f\u0151orvos hangs\u00falyozva: az adminisztrat\u00edv jelleg\u0171 adatbek\u00e9r\u00e9s csak el\u0151vigy\u00e1zatoss\u00e1gb\u00f3l t\u00f6rt\u00e9nik, mivel Magyarorsz\u00e1gon az <a href=\"https:\/\/www.antsz.hu\/felso_menu\/temaink\/jarvany\/kanyaro\" target=\"_blank\">\u00c1llami N\u00e9peg\u00e9szs\u00e9g\u00fcgyi \u00e9s Tisztiorvosi Szolg\u00e1lat<\/a> (\u00c1NTSZ) \u00e9s az <a href=\"http:\/\/www.oek.hu\/oek.web?to=2550&amp;nid=1301&amp;pid=1&amp;lang=hun\" target=\"_blank\">Orsz\u00e1gos Epidemiol\u00f3giai K\u00f6zpont<\/a> (OEK) folyamatosan friss\u00fcl\u0151 adatai szerint nincs orsz\u00e1gos m\u00e9ret\u0171 kanyar\u00f3j\u00e1rv\u00e1ny.<\/p>\n<p><a href=\"https:\/\/semmelweis.hu\/hirek\/files\/2017\/03\/RS10949_KA-20110722-IMG_5259-scr.jpg\"><img loading=\"lazy\" decoding=\"async\" class=\"size-medium wp-image-58931 alignleft\" src=\"https:\/\/semmelweis.hu\/hirek\/files\/2017\/03\/RS10949_KA-20110722-IMG_5259-scr-300x198.jpg\" alt=\"\" width=\"300\" height=\"198\" srcset=\"https:\/\/semmelweis.hu\/hirek\/files\/2017\/03\/RS10949_KA-20110722-IMG_5259-scr-300x198.jpg 300w, https:\/\/semmelweis.hu\/hirek\/files\/2017\/03\/RS10949_KA-20110722-IMG_5259-scr-768x507.jpg 768w, https:\/\/semmelweis.hu\/hirek\/files\/2017\/03\/RS10949_KA-20110722-IMG_5259-scr-600x396.jpg 600w, https:\/\/semmelweis.hu\/hirek\/files\/2017\/03\/RS10949_KA-20110722-IMG_5259-scr-455x300.jpg 455w, https:\/\/semmelweis.hu\/hirek\/files\/2017\/03\/RS10949_KA-20110722-IMG_5259-scr.jpg 950w\" sizes=\"auto, (max-width: 300px) 100vw, 300px\" \/><\/a>Magyarorsz\u00e1gon 1969-ben vezett\u00e9k be a kanyar\u00f3 elleni v\u00e9d\u0151olt\u00e1sokat, amelynek k\u00f6sz\u00f6nhet\u0151en a 47 \u00e9v alattiak legal\u00e1bb egy kanyar\u00f3 elleni olt\u00e1st kaptak. A hossz\u00fa t\u00e1v\u00fa v\u00e9detts\u00e9g kialak\u00edt\u00e1sa \u00e9rdek\u00e9ben 1989-t\u0151l k\u00e9t alkalommal, 15 h\u00f3napos, majd 11 \u00e9ves korban kapnak olt\u00e1st a gyerekek, \u00edgy az elm\u00falt k\u00e9t \u00e9vtizedben Magyarorsz\u00e1gon az \u00e1toltotts\u00e1g meghaladta a 98 sz\u00e1zal\u00e9kot. Egy esetleges kanyar\u00f3j\u00e1rv\u00e1ny eset\u00e9n nem oltand\u00f3 az, aki \u201989 ut\u00e1n illetve 1978 \u00e9s 1989 k\u00f6z\u00f6tt sz\u00fcletett Magyarorsz\u00e1gon \u00e9s megkapta mindk\u00e9t olt\u00e1st. Aki 1975 el\u0151tt sz\u00fcletett \u2013 amennyiben nem esett \u00e1t kor\u00e1bban kanyar\u00f3s megbeteged\u00e9sen \u2013 nagy val\u00f3sz\u00edn\u0171s\u00e9ggel sz\u00fcks\u00e9ges v\u00e9d\u0151olt\u00e1st kapnia. Az oszt\u00e1lyvezet\u0151 f\u0151orvos ismertette, a v\u00e9detts\u00e9g k\u00e9t h\u00e9t alatt alakul ki az MMR nev\u0171 kombin\u00e1lt v\u00e9d\u0151olt\u00e1s eset\u00e9n, amelyet a kanyar\u00f3, a mumsz \u00e9s a rubeola ellen fejlesztettek ki.<\/p>\n<p>Dr. Antmann Katalin a hallgat\u00f3k \u00e9s az ing\u00e1z\u00f3 eg\u00e9szs\u00e9g\u00fcgyi dolgoz\u00f3k v\u00e9detts\u00e9ge kapcs\u00e1n elmondta, fontos, hogy kanyar\u00f3 \u00e1ltal s\u00fajtott ter\u00fcletekre \u2013 pl. Rom\u00e1nia, Ukrajna \u2013 csak olyanok menjenek, akik megkapt\u00e1k a dupla olt\u00e1st. Lesz\u00f6gezte ugyanakkor, hogy nincs ok az aggodalomra, eddig mind\u00f6ssze 15 beteget regisztr\u00e1ltak Magyarorsz\u00e1g keleti r\u00e9sz\u00e9n, a Rom\u00e1ni\u00e1val hat\u00e1ros megy\u00e9kben. Hozz\u00e1tette, egyel\u0151re nem sz\u00fcks\u00e9ges v\u00e9d\u0151olt\u00e1st k\u00e9rnie m\u00e9g a vesz\u00e9lyeztetett korcsoportba es\u0151knek sem. Betegell\u00e1t\u00e1s sor\u00e1n fontos az \u00fan. epidemiol\u00f3giai anamn\u00e9zis felv\u00e9tele, \u00e9s ha gyan\u00fa mer\u00fcl fel kanyar\u00f3s fert\u0151z\u0151d\u00e9sre, akkor maszk visel\u00e9se sz\u00fcks\u00e9ges. Hangs\u00falyozta, az eg\u00e9szs\u00e9g\u00fcgyi dolgoz\u00f3k k\u00f6telesek m\u00e1r a kanyar\u00f3 gyan\u00faj\u00e1t is jelenteni, a Semmelweis Egyetemen ezt a K\u00f3rh\u00e1zhigi\u00e9n\u00e9s Oszt\u00e1ly seg\u00edts\u00e9g\u00e9vel online kell megtenni az \u00c1NTSZ fel\u00e9.<\/p>\n<p>A kanyar\u00f3 (Morbilli) egy v\u00edrus okozta, heveny, magas fert\u0151z\u0151 k\u00e9pess\u00e9g\u0171, ki\u00fct\u00e9sekkel j\u00e1r\u00f3 betegs\u00e9g \u2013 olvashat\u00f3 <a href=\"https:\/\/semmelweis.hu\/hirek\/files\/2017\/03\/A-kanyaro_1.pdf\" target=\"_blank\">a S\u00fcrg\u0151ss\u00e9gi Betegell\u00e1t\u00f3 Oszt\u00e1ly \u00e1ltal \u00f6ssze\u00e1ll\u00edtott anyagban<\/a>. A fert\u0151z\u0151k\u00e9pess\u00e9g a hurutos szakasszal kezd\u0151dik \u00e9s a ki\u00fct\u00e9ses szakasz 2-3. napj\u00e1ig tart. Kiz\u00e1r\u00f3lag cseppfert\u0151z\u00e9ssel terjed, oltatlan k\u00f6z\u00f6ss\u00e9gekben 2-3 \u00e9vente fordul el\u0151 j\u00e1rv\u00e1ny. Aki m\u00e1r \u00e1tesett a betegs\u00e9gen, eg\u00e9sz \u00e9let\u00e9ben immunis lesz ellene. Magyarorsz\u00e1gon az 1969 \u00f3ta rendszers\u00edtett olt\u00e1sok hat\u00e9konyak, a megbeteged\u00e9s az elm\u00falt k\u00f6zel harminc \u00e9vben 200-n\u00e1l kevesebb embert \u00e9rintett.<\/p>\n<p>Keresztes Eszter<br \/>\n Fot\u00f3 (illusztr\u00e1ci\u00f3): Kov\u00e1cs Attila &#8211; Semmelweis Egyetem<\/p>\n","protected":false},"excerpt":{"rendered":"<p>Hamarosan a Semmelweis Egyetem valamennyi klinikai dolgoz\u00f3j\u00e1hoz eljut az a k\u00e9rd\u0151\u00edv, amely a kanyar\u00f3 elleni int\u00e9zm\u00e9nyen bel\u00fcli \u00e1toltotts\u00e1got k\u00edv\u00e1nja felm\u00e9rni. Els\u0151 k\u00f6rben az eg\u00e9szs\u00e9g\u00fcgyi dolgoz\u00f3k azon adatait k\u00e9ri be az Emberier\u0151forr\u00e1s-gazd\u00e1lkod\u00e1si F\u0151igazgat\u00f3s\u00e1g k\u00f6zrem\u0171k\u00f6d\u00e9s\u00e9vel a K\u00f3rh\u00e1zhigi\u00e9n\u00e9s Oszt\u00e1ly, amelyekb\u0151l nagy val\u00f3sz\u00edn\u0171s\u00e9ggel kider\u00edthet\u0151, hogy kapott-e kor\u00e1bban v\u00e9d\u0151olt\u00e1st a dolgoz\u00f3, vagy esetleg \u00e1tesett kanyar\u00f3s megbeteged\u00e9sen \u2013 mondta el dr. &hellip;<\/p>\n","protected":false},"author":101132,"featured_media":58931,"comment_status":"closed","ping_status":"closed","sticky":false,"template":"","format":"standard","meta":{"_acf_changed":false,"footnotes":""},"categories":[154,168],"tags":[4206,162],"class_list":["post-58928","post","type-post","status-publish","format-standard","has-post-thumbnail","hentry","category-egeszseg","category-kiemelt","tag-prevencio","tag-eletmod-eletmod"],"acf":[],"_links":{"self":[{"href":"https:\/\/semmelweis.hu\/hirek\/wp-json\/wp\/v2\/posts\/58928","targetHints":{"allow":["GET"]}}],"collection":[{"href":"https:\/\/semmelweis.hu\/hirek\/wp-json\/wp\/v2\/posts"}],"about":[{"href":"https:\/\/semmelweis.hu\/hirek\/wp-json\/wp\/v2\/types\/post"}],"author":[{"embeddable":true,"href":"https:\/\/semmelweis.hu\/hirek\/wp-json\/wp\/v2\/users\/101132"}],"replies":[{"embeddable":true,"href":"https:\/\/semmelweis.hu\/hirek\/wp-json\/wp\/v2\/comments?post=58928"}],"version-history":[{"count":4,"href":"https:\/\/semmelweis.hu\/hirek\/wp-json\/wp\/v2\/posts\/58928\/revisions"}],"predecessor-version":[{"id":58958,"href":"https:\/\/semmelweis.hu\/hirek\/wp-json\/wp\/v2\/posts\/58928\/revisions\/58958"}],"wp:featuredmedia":[{"embeddable":true,"href":"https:\/\/semmelweis.hu\/hirek\/wp-json\/wp\/v2\/media\/58931"}],"wp:attachment":[{"href":"https:\/\/semmelweis.hu\/hirek\/wp-json\/wp\/v2\/media?parent=58928"}],"wp:term":[{"taxonomy":"category","embeddable":true,"href":"https:\/\/semmelweis.hu\/hirek\/wp-json\/wp\/v2\/categories?post=58928"},{"taxonomy":"post_tag","embeddable":true,"href":"https:\/\/semmelweis.hu\/hirek\/wp-json\/wp\/v2\/tags?post=58928"}],"curies":[{"name":"wp","href":"https:\/\/api.w.org\/{rel}","templated":true}]}}