{"id":58869,"date":"2017-03-24T11:20:28","date_gmt":"2017-03-24T10:20:28","guid":{"rendered":"http:\/\/semmelweis.hu\/hirek\/?p=58869"},"modified":"2018-03-27T13:49:05","modified_gmt":"2018-03-27T11:49:05","slug":"szuperrezolucios-mikroszkophoz-jut-a-semmelweis-egyetem-palyazati-forrasbol","status":"publish","type":"post","link":"https:\/\/semmelweis.hu\/hirek\/2017\/03\/24\/szuperrezolucios-mikroszkophoz-jut-a-semmelweis-egyetem-palyazati-forrasbol\/","title":{"rendered":"Szuperrezol\u00faci\u00f3s mikroszk\u00f3phoz jut a Semmelweis Egyetem p\u00e1ly\u00e1zati forr\u00e1sb\u00f3l"},"content":{"rendered":"<p>K\u00e9tfotonos gerjeszt\u00e9ssel is kombin\u00e1lhat\u00f3 STED szuperrezol\u00faci\u00f3s mikroszk\u00f3p beszerz\u00e9s\u00e9hez nyert 198 milli\u00f3 forint vissza nem t\u00e9r\u00edtend\u0151, eur\u00f3pai uni\u00f3s t\u00e1mogat\u00e1st a Semmelweis Egyetem a Versenyk\u00e9pes K\u00f6z\u00e9p-Magyarorsz\u00e1gi Operat\u00edv Program keret\u00e9n bel\u00fcl, a VEKOP-2.3.3-15-2016-00004 &#8211; Kutat\u00e1si infrastrukt\u00fara meger\u0151s\u00edt\u00e9se &#8211; nemzetk\u00f6ziesed\u00e9s, h\u00e1l\u00f3zatosod\u00e1s c\u00edmmel k\u00f6zz\u00e9tett p\u00e1ly\u00e1zaton. A Nanosk\u00e1l\u00e1j\u00fa biol\u00f3giai szerkezet, k\u00f6lcs\u00f6nhat\u00e1s \u00e9s mozg\u00e1s m\u00f3dusok vizsg\u00e1lata elnevez\u00e9s\u0171 projekt megval\u00f3s\u00edt\u00e1s\u00e1nak kezdete 2016. szeptember 1-je volt. A projekt tervezett fizikai befejez\u00e9se 2019. augusztus 31.<\/p>\n<p>A Sz\u00e9chenyi 2020 p\u00e1ly\u00e1zat keret\u00e9ben elnyert, teljes eg\u00e9sz\u00e9ben finansz\u00edrozott projekt a k\u00f6z\u00e9p-magyarorsz\u00e1gi r\u00e9gi\u00f3ban, Budapesten a Semmelweis Egyetem I. Sz. Gyermekgy\u00f3gy\u00e1szati Klinik\u00e1n dr. Szab\u00f3 Attila igazgat\u00f3 \u00e9s a Biofizikai \u00e9s Sug\u00e1rbiol\u00f3giai Int\u00e9zet\u00e9ben dr. Kellermayer Mikl\u00f3s igazgat\u00f3 k\u00f6z\u00f6s szakmai ir\u00e1ny\u00edt\u00e1s\u00e1val val\u00f3sul meg. A projekt ugyan nem konzorciumi form\u00e1ban, de sz\u00e9lesk\u00f6r\u0171 szakmai egy\u00fcttm\u0171k\u00f6d\u00e9sre \u00e9p\u00fclve, a Klinikai K\u00eds\u00e9rleti Kutat\u00f3 Int\u00e9zet, az Anat\u00f3miai, Sz\u00f6vet- \u00e9s Fejl\u0151d\u00e9stani Int\u00e9zet, az I. Sz. Patol\u00f3giai \u00e9s K\u00eds\u00e9rleti R\u00e1kkutat\u00f3 Int\u00e9zet, a V\u00e1rosmajori Sz\u00edv- \u00e9s \u00c9rgy\u00f3gy\u00e1szati Klinika, a Magyar Tudom\u00e1nyos Akad\u00e9mia K\u00eds\u00e9rleti Orvostudom\u00e1nyi Kutat\u00f3int\u00e9zet\u00e9nek (MTA KOKI), a Budapesti M\u0171szaki \u00e9s Gazdas\u00e1gtudom\u00e1nyi Egyetem (BME), valamint az E\u00f6tv\u00f6s Lor\u00e1nd Tudom\u00e1nyegyetem (ELTE) Biok\u00e9miai Tansz\u00e9k\u00e9nek r\u00e9szv\u00e9tel\u00e9vel zajlik.<\/p>\n<p><a href=\"https:\/\/semmelweis.hu\/hirek\/files\/2017\/03\/RS27073_20110812-IMG_5583-scr.jpg\"><img loading=\"lazy\" decoding=\"async\" class=\"alignleft size-medium wp-image-58864\" src=\"https:\/\/semmelweis.hu\/hirek\/files\/2017\/03\/RS27073_20110812-IMG_5583-scr-300x200.jpg\" alt=\"\" width=\"300\" height=\"200\" srcset=\"https:\/\/semmelweis.hu\/hirek\/files\/2017\/03\/RS27073_20110812-IMG_5583-scr-300x200.jpg 300w, https:\/\/semmelweis.hu\/hirek\/files\/2017\/03\/RS27073_20110812-IMG_5583-scr-768x512.jpg 768w, https:\/\/semmelweis.hu\/hirek\/files\/2017\/03\/RS27073_20110812-IMG_5583-scr-600x400.jpg 600w, https:\/\/semmelweis.hu\/hirek\/files\/2017\/03\/RS27073_20110812-IMG_5583-scr-450x300.jpg 450w, https:\/\/semmelweis.hu\/hirek\/files\/2017\/03\/RS27073_20110812-IMG_5583-scr.jpg 950w\" sizes=\"auto, (max-width: 300px) 100vw, 300px\" \/><\/a>A projekt c\u00e9lja egy speci\u00e1lis, k\u00e9tfotonos gerjeszt\u00e9ssel is kombin\u00e1lhat\u00f3 STED szuperrezol\u00faci\u00f3s mikroszk\u00f3p beszerz\u00e9se, \u00e9s az egyetem core facilityjek\u00e9nt val\u00f3 m\u0171k\u00f6dtet\u00e9s\u00e9hez sz\u00fcks\u00e9ges infrastruktur\u00e1lis felt\u00e9telek kialak\u00edt\u00e1sa. A munka egyik kiemelt egyedi pill\u00e9re, hogy az egyetem k\u00e9pes a vil\u00e1g egyetlen m\u00e1s laborat\u00f3rium\u00e1ban sem megval\u00f3s\u00edthat\u00f3 hum\u00e1n retina hossz\u00fa t\u00e1v\u00fa t\u00fal\u00e9ltet\u00e9s\u00e9re, ez\u00e9rt a technika ir\u00e1nt folyamatosan nagy nemzetk\u00f6zi \u00e9rdekl\u0151d\u00e9s mutatkozik. A mikroszk\u00f3p lehet\u0151v\u00e9 teszi a sz\u00f6veti, cellul\u00e1ris \u00e9s szupramolekul\u00e1ris rendszerek nagy felbont\u00e1s\u00fa szerkezet\u00e9nek, intermolekul\u00e1ris k\u00f6lcs\u00f6nhat\u00e1sainak, a benn\u00fck zajl\u00f3 transzport- \u00e9s mozg\u00e1si folyamatoknak nagy t\u00e9r- \u00e9s id\u0151felbont\u00e1s\u00fa vizsg\u00e1lat\u00e1t. A vizsg\u00e1lt rendszerek \u00e9s funkci\u00f3k az orvosbiol\u00f3giai tematika sz\u00e9les palett\u00e1j\u00e1t lefedik, a sejt diff\u00fazi\u00f3s \u00e9s facilit\u00e1lt transzport folyamatait\u00f3l kezdve az \u0151ssejtekb\u0151l differenci\u00e1lt kardiomiocita szerkezeten \u00e1t a magasan differenci\u00e1lt (pl. vese, idegsz\u00f6vet) sz\u00f6vetekben fell\u00e9p\u0151 molekul\u00e1ris k\u00f6lcs\u00f6nhat\u00e1sokig. A kialak\u00edtott laborat\u00f3rium szakmai, szellemi m\u0171helyk\u00e9nt m\u0171k\u00f6dne. Fontos, hogy a hazai \u00e9s nemzetk\u00f6zi viszonylatban is f\u00f3kuszban l\u00e9v\u0151 betegs\u00e9gek kutat\u00e1sa is szerepet kapjon.<\/p>\n<p>\u00c9rdemi transzl\u00e1ci\u00f3s orvos-biol\u00f3giai kutat\u00e1sok kiz\u00e1r\u00f3lag a betegs\u00e9gek k\u00f3r\u00e9lettan\u00e1nak molekul\u00e1ris szint\u0171 megismer\u00e9s\u00e9n alapulhatnak, \u00edgy a p\u00e1ly\u00e1zott infrastrukt\u00fara-fejleszt\u00e9s tudom\u00e1nyos jelent\u0151s\u00e9ge egy\u00e9rtelm\u0171. A hazai kutat\u00e1si \u00e9let int\u00e9zm\u00e9nyei \u00e9s v\u00e1llalatai \u00fagy tudnak talpon maradni, ha m\u00e1r most versenyk\u00e9pes \u201ebrain k\u00f6zpontokat\u201d alak\u00edtanak ki hightech h\u00e1tt\u00e9rt\u00e1mogat\u00e1ssal. A szuperrezol\u00faci\u00f3s mikroszk\u00f3p \u00e1ltal b\u0151v\u00edtett kutat\u00e1si infrastrukt\u00fara hozz\u00e1j\u00e1rulhat ahhoz, hogy a Semmelweis Egyetem az EuroBioimaging r\u00e9szes\u00e9v\u00e9 v\u00e1ljon \u00e9s hozz\u00e1f\u00e9r\u00e9st biztos\u00edtson a magyar kutat\u00f3k sz\u00e1m\u00e1ra az EU k\u00f6zponti imaging infrastrukt\u00far\u00e1hoz. A beszerzett, k\u00e9tfotonos gerjeszt\u00e9si lehet\u0151s\u00e9ggel is kombin\u00e1lt STED szuperrezol\u00faci\u00f3s mikroszk\u00f3p vil\u00e1gsz\u00ednvonal\u00fa orvosbiol\u00f3giai kutat\u00e1si \u00e9s fejleszt\u00e9si projektek gener\u00e1l\u00f3d\u00e1s\u00e1t seg\u00edti el\u0151, amelyek hozz\u00e1j\u00e1rulnak az \u00e9lettani folyamatok m\u00e9lyebb meg\u00e9rt\u00e9s\u00e9hez \u00e9s betegs\u00e9gek patofiziol\u00f3giai h\u00e1tter\u00e9nek felt\u00e9rk\u00e9pez\u00e9s\u00e9hez, ez\u00e1ltal \u00faj ter\u00e1pi\u00e1s \u00e9s diagnosztikai technol\u00f3gi\u00e1k tudom\u00e1nyos alapj\u00e1t teremthetik meg.<\/p>\n<p>A szuperrezol\u00faci\u00f3s mikroszk\u00f3pi\u00e1ban, a stimul\u00e1lt emisszi\u00f3s kiolt\u00e1st, az \u00fagynevezett STED-elj\u00e1r\u00e1st dr. Stefan W. Hell Nobel-d\u00edjas fizikus fedezte fel munkat\u00e1rsaival, a felfedez\u00e9s a mikroszk\u00f3pos k\u00e9palkot\u00e1s \u00e9vsz\u00e1zados korl\u00e1tait t\u00f6rte \u00e1t. A <a href=\"https:\/\/semmelweis.hu\/hirek\/2016\/11\/08\/dr-stefan-w-hell-nobel-dijas-tudos-a-semmelweis-budapest-award-idei-dijazottja\/\" target=\"_blank\" rel=\"noopener\">2016-os Semmelweis Budapest Award<\/a> d\u00edjazottj\u00e1nak k\u00f6sz\u00f6nhet\u0151 a szuperfelbont\u00e1s\u00fa nanomikroszk\u00f3pok egy fajt\u00e1ja, mely minden kor\u00e1bbin\u00e1l apr\u00f3bb r\u00e9szleteket tesz l\u00e1that\u00f3v\u00e1 a kutat\u00f3k sz\u00e1m\u00e1ra a sejtek, sz\u00f6vetek vizsg\u00e1lata sor\u00e1n.<\/p>\n<p>Vereckei Zolt\u00e1n<br \/>\n Fot\u00f3 (illusztr\u00e1ci\u00f3): Kov\u00e1cs Attila &#8211; Semmelweis Egyetem<\/p>\n<p><a href=\"https:\/\/semmelweis.hu\/hirek\/files\/2017\/03\/szechenyi2020_logok_2.jpg\"><img loading=\"lazy\" decoding=\"async\" class=\"aligncenter size-large wp-image-58882\" src=\"https:\/\/semmelweis.hu\/hirek\/files\/2017\/03\/szechenyi2020_logok_2-600x206.jpg\" alt=\"\" width=\"600\" height=\"206\" srcset=\"https:\/\/semmelweis.hu\/hirek\/files\/2017\/03\/szechenyi2020_logok_2-600x206.jpg 600w, https:\/\/semmelweis.hu\/hirek\/files\/2017\/03\/szechenyi2020_logok_2-300x103.jpg 300w, https:\/\/semmelweis.hu\/hirek\/files\/2017\/03\/szechenyi2020_logok_2-768x264.jpg 768w, https:\/\/semmelweis.hu\/hirek\/files\/2017\/03\/szechenyi2020_logok_2-580x199.jpg 580w\" sizes=\"auto, (max-width: 600px) 100vw, 600px\" \/><\/a><\/p>\n","protected":false},"excerpt":{"rendered":"<p>K\u00e9tfotonos gerjeszt\u00e9ssel is kombin\u00e1lhat\u00f3 STED szuperrezol\u00faci\u00f3s mikroszk\u00f3p beszerz\u00e9s\u00e9hez nyert 198 milli\u00f3 forint vissza nem t\u00e9r\u00edtend\u0151, eur\u00f3pai uni\u00f3s t\u00e1mogat\u00e1st a Semmelweis Egyetem a Versenyk\u00e9pes K\u00f6z\u00e9p-Magyarorsz\u00e1gi Operat\u00edv Program keret\u00e9n bel\u00fcl, a VEKOP-2.3.3-15-2016-00004 &#8211; Kutat\u00e1si infrastrukt\u00fara meger\u0151s\u00edt\u00e9se &#8211; nemzetk\u00f6ziesed\u00e9s, h\u00e1l\u00f3zatosod\u00e1s c\u00edmmel k\u00f6zz\u00e9tett p\u00e1ly\u00e1zaton. A Nanosk\u00e1l\u00e1j\u00fa biol\u00f3giai szerkezet, k\u00f6lcs\u00f6nhat\u00e1s \u00e9s mozg\u00e1s m\u00f3dusok vizsg\u00e1lata elnevez\u00e9s\u0171 projekt megval\u00f3s\u00edt\u00e1s\u00e1nak kezdete 2016. szeptember &hellip;<\/p>\n","protected":false},"author":101132,"featured_media":58864,"comment_status":"closed","ping_status":"closed","sticky":false,"template":"","format":"standard","meta":{"_acf_changed":false,"footnotes":""},"categories":[161,168],"tags":[4140,189,4146],"class_list":["post-58869","post","type-post","status-publish","format-standard","has-post-thumbnail","hentry","category-tudomany","category-kiemelt","tag-fejlesztes","tag-innovacio","tag-vekop"],"acf":[],"_links":{"self":[{"href":"https:\/\/semmelweis.hu\/hirek\/wp-json\/wp\/v2\/posts\/58869","targetHints":{"allow":["GET"]}}],"collection":[{"href":"https:\/\/semmelweis.hu\/hirek\/wp-json\/wp\/v2\/posts"}],"about":[{"href":"https:\/\/semmelweis.hu\/hirek\/wp-json\/wp\/v2\/types\/post"}],"author":[{"embeddable":true,"href":"https:\/\/semmelweis.hu\/hirek\/wp-json\/wp\/v2\/users\/101132"}],"replies":[{"embeddable":true,"href":"https:\/\/semmelweis.hu\/hirek\/wp-json\/wp\/v2\/comments?post=58869"}],"version-history":[{"count":10,"href":"https:\/\/semmelweis.hu\/hirek\/wp-json\/wp\/v2\/posts\/58869\/revisions"}],"predecessor-version":[{"id":72632,"href":"https:\/\/semmelweis.hu\/hirek\/wp-json\/wp\/v2\/posts\/58869\/revisions\/72632"}],"wp:featuredmedia":[{"embeddable":true,"href":"https:\/\/semmelweis.hu\/hirek\/wp-json\/wp\/v2\/media\/58864"}],"wp:attachment":[{"href":"https:\/\/semmelweis.hu\/hirek\/wp-json\/wp\/v2\/media?parent=58869"}],"wp:term":[{"taxonomy":"category","embeddable":true,"href":"https:\/\/semmelweis.hu\/hirek\/wp-json\/wp\/v2\/categories?post=58869"},{"taxonomy":"post_tag","embeddable":true,"href":"https:\/\/semmelweis.hu\/hirek\/wp-json\/wp\/v2\/tags?post=58869"}],"curies":[{"name":"wp","href":"https:\/\/api.w.org\/{rel}","templated":true}]}}