{"id":58817,"date":"2017-03-16T11:49:04","date_gmt":"2017-03-16T10:49:04","guid":{"rendered":"http:\/\/semmelweis.hu\/hirek\/?p=58817"},"modified":"2017-03-22T09:44:27","modified_gmt":"2017-03-22T08:44:27","slug":"kozponti-kardiovaszkularis-kutatolaborok-letrehozasaval-nyit-a-nemzeti-szivprogram","status":"publish","type":"post","link":"https:\/\/semmelweis.hu\/hirek\/2017\/03\/16\/kozponti-kardiovaszkularis-kutatolaborok-letrehozasaval-nyit-a-nemzeti-szivprogram\/","title":{"rendered":"K\u00f6zponti kardiovaszkul\u00e1ris kutat\u00f3laborok l\u00e9trehoz\u00e1s\u00e1val nyit a Nemzeti Sz\u00edvprogram"},"content":{"rendered":"<p>Az \u00fan. iszk\u00e9mi\u00e1s sz\u00edvbetegs\u00e9g \u00e9s sz\u00edvel\u00e9gtelens\u00e9g korai felismer\u00e9s\u00e9t \u00e9s modern ter\u00e1pi\u00e1s lehet\u0151s\u00e9g\u00e9t kutatja a Nemzeti Sz\u00edvprogram keretei k\u00f6z\u00f6tt a Semmelweis Egyetem orvoscsoportja, n\u00e9gy K+F v\u00e1llalkoz\u00e1ssal k\u00f6z\u00f6sen. Ezeknek a k\u00f3rk\u00e9peknek a legismertebb k\u00f6vetkezm\u00e9nyei a sz\u00edvizom v\u00e9rell\u00e1t\u00e1si zavara \u00e9s a hirtelen sz\u00edvhal\u00e1l.<\/p>\n<p><a href=\"https:\/\/semmelweis.hu\/hirek\/files\/2017\/03\/RS32473_AG_20150626_0040-scr.jpg\"><img loading=\"lazy\" decoding=\"async\" class=\"alignleft size-medium wp-image-58820\" src=\"https:\/\/semmelweis.hu\/hirek\/files\/2017\/03\/RS32473_AG_20150626_0040-scr-300x200.jpg\" alt=\"\" width=\"300\" height=\"200\" srcset=\"https:\/\/semmelweis.hu\/hirek\/files\/2017\/03\/RS32473_AG_20150626_0040-scr-300x200.jpg 300w, https:\/\/semmelweis.hu\/hirek\/files\/2017\/03\/RS32473_AG_20150626_0040-scr-768x512.jpg 768w, https:\/\/semmelweis.hu\/hirek\/files\/2017\/03\/RS32473_AG_20150626_0040-scr-600x400.jpg 600w, https:\/\/semmelweis.hu\/hirek\/files\/2017\/03\/RS32473_AG_20150626_0040-scr-450x300.jpg 450w, https:\/\/semmelweis.hu\/hirek\/files\/2017\/03\/RS32473_AG_20150626_0040-scr.jpg 950w\" sizes=\"auto, (max-width: 300px) 100vw, 300px\" \/><\/a>A sz\u00e9les k\u00f6rben el\u00e9rhet\u0151 gy\u00f3gyszeres \u00e9s eszk\u00f6z\u00f6s ter\u00e1pi\u00e1s lehet\u0151s\u00e9gek ellen\u00e9re az iszk\u00e9mi\u00e1s sz\u00edvbetegs\u00e9g \u00e9s sz\u00edvel\u00e9gtelens\u00e9g haz\u00e1nkban \u00e9s az Eur\u00f3pai Uni\u00f3ban is az egyik leggyakoribb hal\u00e1lok. Ezen eg\u00e9szs\u00e9g\u00fcgyi mutat\u00f3k jav\u00edt\u00e1sa els\u0151sorban a megel\u0151z\u00e9s hat\u00e9konys\u00e1g\u00e1nak, valamint a m\u00e1r kialakult k\u00f3rk\u00e9pek kezel\u00e9s\u00e9nek l\u00e9nyeges jav\u00edt\u00e1s\u00e1n kereszt\u00fcl \u00e9rhet\u0151 el \u2013 fogalmazott dr. Merkely B\u00e9la, a projekt vezet\u0151je. A Semmelweis Egyetem klinikai rektorhelyettese elmondta azt is, hogy a Nemzeti Sz\u00edvprogramban interdiszciplin\u00e1ris &#8211; orvostudom\u00e1nyi, informatikai, fizikai \u2013 kutat\u00e1s zajlik majd, mely egyben egy \u00fan. transzl\u00e1ci\u00f3s folyamat r\u00e9szek\u00e9nt hidat k\u00e9pez az alapkutat\u00e1s \u00e9s az epidemiol\u00f3gia kutat\u00e1s k\u00f6z\u00f6tt.<\/p>\n<p>A munka a Semmelweis Egyetem n\u00e9gy szervezeti egys\u00e9ge, a Genetikai, Sejt \u00e9s Immunbiol\u00f3giai Int\u00e9zet, a Biofizikai \u00e9s Sug\u00e1rbiol\u00f3giai Int\u00e9zet, a Farmakol\u00f3giai \u00e9s Farmakoter\u00e1pi\u00e1s Int\u00e9zet, valamint a V\u00e1rosmajori Sz\u00edv- \u00e9s \u00c9rgy\u00f3gy\u00e1szati Klinika munkat\u00e1rsainak, valamint n\u00e9gy magyar v\u00e1llalkoz\u00e1s, a Mediso Kft., a Neumann Projekt Kft., a Pharmahungary 2000 Kft. \u00e9s a TwinMed Kft. r\u00e9szv\u00e9tel\u00e9vel zajlik. A most kezd\u0151d\u0151 munkafolyamat els\u0151 l\u00e9p\u00e9sek\u00e9nt a Semmelweis Egyetemen k\u00f6zponti kardiovaszkul\u00e1ris kutat\u00f3 laborat\u00f3riumok kialak\u00edt\u00e1sa, fejleszt\u00e9se t\u00f6rt\u00e9nik \u2013 k\u00f6z\u00f6lte a rektorhelyettes. A 3,2 milli\u00e1rdot elnyert projekt sor\u00e1n \u0151ssejtes diagnosztikai \u00e9s ter\u00e1pi\u00e1s elj\u00e1r\u00e1sok, \u201emultiomikus\u201d szem\u00e9lyre szabott kardiovaszkul\u00e1ris rizik\u00f3becsl\u00e9s \u00e9s diagnosztika, tov\u00e1bb\u00e1 \u00faj t\u00edpus\u00fa eszk\u00f6z\u00f6s sz\u00edvel\u00e9gtelens\u00e9g-ter\u00e1pi\u00e1k kidolgoz\u00e1sa \u00e9s \u00faj gy\u00f3gyszer-targetek azonos\u00edt\u00e1sa val\u00f3sul meg.<\/p>\n<p>Az NKFIH t\u00e1mogat\u00e1s\u00e1val elindult Nemzeti Sz\u00edvprogram c\u00e9lja, hogy a mindennapi k\u00f3rh\u00e1zi, klinikai gyakorlatban is hasznosul\u00f3, szem\u00e9lyre szabott elj\u00e1r\u00e1sokat: diagnosztik\u00e1t, prevenci\u00f3t \u00e9s a gy\u00f3gyul\u00e1st seg\u00edt\u0151 innovat\u00edv megold\u00e1sokat, technol\u00f3gi\u00e1kat hozzanak l\u00e9tre, vezessenek be, ez\u00e1ltal cs\u00f6kkentve a hal\u00e1los kimenetel\u0171 iszk\u00e9mi\u00e1s megbeteged\u00e9sek sz\u00e1m\u00e1t.<\/p>\n<p>Forr\u00e1s: V\u00e1rosmajori Sz\u00edv- \u00e9s \u00c9rgy\u00f3gy\u00e1szati Klinika<\/p>\n<p>\u00a0 \u00a0\u00a0<a href=\"https:\/\/semmelweis.hu\/hirek\/files\/2017\/03\/logo.jpg\"><img loading=\"lazy\" decoding=\"async\" class=\"alignleft size-full wp-image-58818\" src=\"https:\/\/semmelweis.hu\/hirek\/files\/2017\/03\/logo.jpg\" alt=\"\" width=\"268\" height=\"188\" \/><\/a><\/p>\n","protected":false},"excerpt":{"rendered":"<p>Az \u00fan. iszk\u00e9mi\u00e1s sz\u00edvbetegs\u00e9g \u00e9s sz\u00edvel\u00e9gtelens\u00e9g korai felismer\u00e9s\u00e9t \u00e9s modern ter\u00e1pi\u00e1s lehet\u0151s\u00e9g\u00e9t kutatja a Nemzeti Sz\u00edvprogram keretei k\u00f6z\u00f6tt a Semmelweis Egyetem orvoscsoportja, n\u00e9gy K+F v\u00e1llalkoz\u00e1ssal k\u00f6z\u00f6sen. Ezeknek a k\u00f3rk\u00e9peknek a legismertebb k\u00f6vetkezm\u00e9nyei a sz\u00edvizom v\u00e9rell\u00e1t\u00e1si zavara \u00e9s a hirtelen sz\u00edvhal\u00e1l. <a href=\"https:\/\/semmelweis.hu\/hirek\/files\/2017\/03\/RS32473_AG_20150626_0040-scr.jpg\"><\/a> A sz\u00e9les k\u00f6rben el\u00e9rhet\u0151 gy\u00f3gyszeres \u00e9s eszk\u00f6z\u00f6s ter\u00e1pi\u00e1s lehet\u0151s\u00e9gek ellen\u00e9re az iszk\u00e9mi\u00e1s sz\u00edvbetegs\u00e9g \u00e9s sz\u00edvel\u00e9gtelens\u00e9g &hellip;<\/p>\n","protected":false},"author":101132,"featured_media":58822,"comment_status":"closed","ping_status":"closed","sticky":false,"template":"","format":"standard","meta":{"_acf_changed":false,"footnotes":""},"categories":[154,168],"tags":[162],"class_list":["post-58817","post","type-post","status-publish","format-standard","has-post-thumbnail","hentry","category-egeszseg","category-kiemelt","tag-eletmod-eletmod"],"acf":[],"_links":{"self":[{"href":"https:\/\/semmelweis.hu\/hirek\/wp-json\/wp\/v2\/posts\/58817","targetHints":{"allow":["GET"]}}],"collection":[{"href":"https:\/\/semmelweis.hu\/hirek\/wp-json\/wp\/v2\/posts"}],"about":[{"href":"https:\/\/semmelweis.hu\/hirek\/wp-json\/wp\/v2\/types\/post"}],"author":[{"embeddable":true,"href":"https:\/\/semmelweis.hu\/hirek\/wp-json\/wp\/v2\/users\/101132"}],"replies":[{"embeddable":true,"href":"https:\/\/semmelweis.hu\/hirek\/wp-json\/wp\/v2\/comments?post=58817"}],"version-history":[{"count":3,"href":"https:\/\/semmelweis.hu\/hirek\/wp-json\/wp\/v2\/posts\/58817\/revisions"}],"predecessor-version":[{"id":58824,"href":"https:\/\/semmelweis.hu\/hirek\/wp-json\/wp\/v2\/posts\/58817\/revisions\/58824"}],"wp:featuredmedia":[{"embeddable":true,"href":"https:\/\/semmelweis.hu\/hirek\/wp-json\/wp\/v2\/media\/58822"}],"wp:attachment":[{"href":"https:\/\/semmelweis.hu\/hirek\/wp-json\/wp\/v2\/media?parent=58817"}],"wp:term":[{"taxonomy":"category","embeddable":true,"href":"https:\/\/semmelweis.hu\/hirek\/wp-json\/wp\/v2\/categories?post=58817"},{"taxonomy":"post_tag","embeddable":true,"href":"https:\/\/semmelweis.hu\/hirek\/wp-json\/wp\/v2\/tags?post=58817"}],"curies":[{"name":"wp","href":"https:\/\/api.w.org\/{rel}","templated":true}]}}