{"id":58472,"date":"2017-03-09T12:50:45","date_gmt":"2017-03-09T11:50:45","guid":{"rendered":"http:\/\/semmelweis.hu\/hirek\/?p=58472"},"modified":"2018-02-06T11:15:44","modified_gmt":"2018-02-06T10:15:44","slug":"elhunyt-dr-olah-gyorgy-nobel-dijas-kemikus","status":"publish","type":"post","link":"https:\/\/semmelweis.hu\/hirek\/2017\/03\/09\/elhunyt-dr-olah-gyorgy-nobel-dijas-kemikus\/","title":{"rendered":"Elhunyt dr. Ol\u00e1h Gy\u00f6rgy, Nobel-d\u00edjas k\u00e9mikus"},"content":{"rendered":"<p>\u00c9let\u00e9nek kilencvenedik \u00e9v\u00e9ben elhunyt dr. Ol\u00e1h Gy\u00f6rgy Nobel-d\u00edjas k\u00e9mikus, aki 2013-ban <a href=\"https:\/\/semmelweis.hu\/hirek\/2013\/10\/14\/dr-olah-gyorgy-kapta-az-idei-semmelweis-budapest-awardot\/\" target=\"_blank\">Semmelweis Budapest Award nemzetk\u00f6zi d\u00edjban<\/a> r\u00e9szes\u00fclt.<\/p>\n<p><a href=\"https:\/\/semmelweis.hu\/hirek\/files\/2017\/03\/RS6839_OLAH-USC-12-scr_1_olah-gyorgy.jpg\"><img loading=\"lazy\" decoding=\"async\" class=\"wp-image-58475 size-medium alignright\" src=\"https:\/\/semmelweis.hu\/hirek\/files\/2017\/03\/RS6839_OLAH-USC-12-scr_1_olah-gyorgy-232x300.jpg\" width=\"232\" height=\"300\" srcset=\"https:\/\/semmelweis.hu\/hirek\/files\/2017\/03\/RS6839_OLAH-USC-12-scr_1_olah-gyorgy-232x300.jpg 232w, https:\/\/semmelweis.hu\/hirek\/files\/2017\/03\/RS6839_OLAH-USC-12-scr_1_olah-gyorgy-310x400.jpg 310w, https:\/\/semmelweis.hu\/hirek\/files\/2017\/03\/RS6839_OLAH-USC-12-scr_1_olah-gyorgy.jpg 573w\" sizes=\"auto, (max-width: 232px) 100vw, 232px\" \/><\/a><\/p>\n<p>Dr. Ol\u00e1h Gy\u00f6rgy Budapesten sz\u00fcletett 1927-ben, 1949-ben diplom\u00e1zott a M\u0171szaki Egyetem vegy\u00e9szm\u00e9rn\u00f6ki kar\u00e1n, 1954-t\u0151l 1956-ig a Magyar Tudom\u00e1nyos Akad\u00e9mia (MTA) K\u00f6zponti K\u00e9miai Kutat\u00f3int\u00e9zet\u00e9nek igazgat\u00f3helyettese volt. Nev\u00e9hez f\u0171z\u0151dik a magyarorsz\u00e1gi m\u0171anyagipari kutat\u00e1s \u00e9s gy\u00e1rt\u00e1s megalapoz\u00e1sa. Dr. Ol\u00e1h Gy\u00f6rgy sz\u00e1mos felismer\u00e9ssel j\u00e1rult hozz\u00e1 a term\u00e9szettudom\u00e1nyos ismeretek sz\u00e9les\u00edt\u00e9s\u00e9hez. Ezek k\u00f6z\u00e9 tartozik a stabil karbokationokkal, szupersavakkal kapcsolatos felfedez\u00e9se, valamint a metanol haszn\u00e1lat\u00e1nak \u00faj lehet\u0151s\u00e9geire vonatkoz\u00f3 felismer\u00e9se. A karbokationok kutat\u00e1s\u00e1ban el\u00e9rt eredm\u00e9nyei\u00e9rt dr. Ol\u00e1h Gy\u00f6rgy 1994-ben\u00a0<a href=\"http:\/\/www.nobelprize.org\/nobel_prizes\/chemistry\/laureates\/1994\/press.html\" target=\"_blank\">megkapta a k\u00e9miai Nobel-d\u00edjat<\/a>. Az \u0151 kutat\u00e1sai vezettek p\u00e9ld\u00e1ul az \u00f3lmozatlan benzin el\u0151\u00e1ll\u00edt\u00e1s\u00e1nak gazdas\u00e1gos elj\u00e1r\u00e1s\u00e1hoz is.<\/p>\n<p>1956-ban csal\u00e1dj\u00e1val egy\u00fctt elhagyta Magyarorsz\u00e1got, el\u0151sz\u00f6r Kanad\u00e1ban, majd 1965-t\u0151l az Egyes\u00fclt \u00c1llamokban \u00e9lt. Az MTA 1990-ben v\u00e1lasztotta tiszteleti tagj\u00e1v\u00e1, 2011-ben\u00a0Sz\u00e9chenyi-nagyd\u00edjjal t\u00fcntett\u00e9k ki. 2013-ban, <a href=\"https:\/\/semmelweis.hu\/hirek\/2013\/11\/08\/dr-olah-gyorgy-ne-csak-magunkert-tegyunk-hanem-az-emberisegert-embertarsainkert-is\/\" target=\"_blank\">a Semmelweis Budapest Award \u00e1tv\u00e9telekor<\/a> \u00fagy fogalmazott: az orvosl\u00e1s nem csak egy szakma, hanem hivat\u00e1s is. A bels\u0151 elismer\u00e9s a legfontosabb, hogy az ember valamit tegyen, nemcsak az\u00e9rt, hogy saj\u00e1t mag\u00e1nak meg\u00e9lhet\u00e9st teremtsen, hanem tal\u00e1n az\u00e9rt is, hogy az emberis\u00e9get, az embert\u00e1rsait seg\u00edtse.<\/p>\n<p>KEE<\/p>\n","protected":false},"excerpt":{"rendered":"<p>\u00c9let\u00e9nek kilencvenedik \u00e9v\u00e9ben elhunyt dr. Ol\u00e1h Gy\u00f6rgy Nobel-d\u00edjas k\u00e9mikus, aki 2013-ban <a href=\"https:\/\/semmelweis.hu\/hirek\/2013\/10\/14\/dr-olah-gyorgy-kapta-az-idei-semmelweis-budapest-awardot\/\" target=\"_blank\">Semmelweis Budapest Award nemzetk\u00f6zi d\u00edjban<\/a> r\u00e9szes\u00fclt. <a href=\"https:\/\/semmelweis.hu\/hirek\/files\/2017\/03\/RS6839_OLAH-USC-12-scr_1_olah-gyorgy.jpg\"><\/a> Dr. Ol\u00e1h Gy\u00f6rgy Budapesten sz\u00fcletett 1927-ben, 1949-ben diplom\u00e1zott a M\u0171szaki Egyetem vegy\u00e9szm\u00e9rn\u00f6ki kar\u00e1n, 1954-t\u0151l 1956-ig a Magyar Tudom\u00e1nyos Akad\u00e9mia (MTA) K\u00f6zponti K\u00e9miai Kutat\u00f3int\u00e9zet\u00e9nek igazgat\u00f3helyettese volt. Nev\u00e9hez f\u0171z\u0151dik a magyarorsz\u00e1gi m\u0171anyagipari kutat\u00e1s \u00e9s gy\u00e1rt\u00e1s megalapoz\u00e1sa. Dr. Ol\u00e1h Gy\u00f6rgy sz\u00e1mos felismer\u00e9ssel j\u00e1rult hozz\u00e1 a term\u00e9szettudom\u00e1nyos &hellip;<\/p>\n","protected":false},"author":101132,"featured_media":58473,"comment_status":"closed","ping_status":"closed","sticky":false,"template":"","format":"standard","meta":{"_acf_changed":false,"footnotes":""},"categories":[157,168],"tags":[345,4108],"class_list":["post-58472","post","type-post","status-publish","format-standard","has-post-thumbnail","hentry","category-semmelweis-vilag","category-kiemelt","tag-esemenyek-es-beszamolok","tag-gyaszhir"],"acf":[],"_links":{"self":[{"href":"https:\/\/semmelweis.hu\/hirek\/wp-json\/wp\/v2\/posts\/58472","targetHints":{"allow":["GET"]}}],"collection":[{"href":"https:\/\/semmelweis.hu\/hirek\/wp-json\/wp\/v2\/posts"}],"about":[{"href":"https:\/\/semmelweis.hu\/hirek\/wp-json\/wp\/v2\/types\/post"}],"author":[{"embeddable":true,"href":"https:\/\/semmelweis.hu\/hirek\/wp-json\/wp\/v2\/users\/101132"}],"replies":[{"embeddable":true,"href":"https:\/\/semmelweis.hu\/hirek\/wp-json\/wp\/v2\/comments?post=58472"}],"version-history":[{"count":8,"href":"https:\/\/semmelweis.hu\/hirek\/wp-json\/wp\/v2\/posts\/58472\/revisions"}],"predecessor-version":[{"id":58814,"href":"https:\/\/semmelweis.hu\/hirek\/wp-json\/wp\/v2\/posts\/58472\/revisions\/58814"}],"wp:featuredmedia":[{"embeddable":true,"href":"https:\/\/semmelweis.hu\/hirek\/wp-json\/wp\/v2\/media\/58473"}],"wp:attachment":[{"href":"https:\/\/semmelweis.hu\/hirek\/wp-json\/wp\/v2\/media?parent=58472"}],"wp:term":[{"taxonomy":"category","embeddable":true,"href":"https:\/\/semmelweis.hu\/hirek\/wp-json\/wp\/v2\/categories?post=58472"},{"taxonomy":"post_tag","embeddable":true,"href":"https:\/\/semmelweis.hu\/hirek\/wp-json\/wp\/v2\/tags?post=58472"}],"curies":[{"name":"wp","href":"https:\/\/api.w.org\/{rel}","templated":true}]}}