{"id":58401,"date":"2017-03-07T14:00:01","date_gmt":"2017-03-07T13:00:01","guid":{"rendered":"http:\/\/semmelweis.hu\/hirek\/?p=58401"},"modified":"2017-08-29T13:46:17","modified_gmt":"2017-08-29T11:46:17","slug":"30-eve-dolgozik-az-i-sz-belgyogyaszati-klinikan-kiefer-csilla-klinikai-vezeto-apolo","status":"publish","type":"post","link":"https:\/\/semmelweis.hu\/hirek\/2017\/03\/07\/30-eve-dolgozik-az-i-sz-belgyogyaszati-klinikan-kiefer-csilla-klinikai-vezeto-apolo\/","title":{"rendered":"30 \u00e9ve dolgozik az I. Sz. Belgy\u00f3gy\u00e1szati Klinik\u00e1n Kiefer Csilla klinikai vezet\u0151 \u00e1pol\u00f3"},"content":{"rendered":"<p>1987-ben, r\u00f6gt\u00f6n \u00e1pol\u00f3 v\u00e9gzetts\u00e9ge megszerz\u00e9se ut\u00e1n ker\u00fclt az I. Sz. Belgy\u00f3gy\u00e1szati Klinik\u00e1ra Kiefer Csilla. 2011 \u00f3ta t\u00f6lti be a klinikai vezet\u0151 \u00e1pol\u00f3 posztot, \u00edgy mintegy 90 k\u00fcl\u00f6nb\u00f6z\u0151\u00a0ter\u00fcleten dolgoz\u00f3 munkat\u00e1rs tev\u00e9kenys\u00e9g\u00e9t kell \u00f6sszehangolnia. Szavai szerint vezet\u0151k\u00e9nt a k\u00f6z\u00f6s munka eredm\u00e9ny\u00e9nek \u00f6r\u00f6m\u00e9t szeretn\u00e9 megteremteni \u00fagy, hogy a betegek is elismerj\u00e9k a munkat\u00e1rsak er\u0151fesz\u00edt\u00e9s\u00e9t.<\/p>\n<p><a href=\"https:\/\/semmelweis.hu\/hirek\/files\/2017\/03\/RS59057_IMG_5242-scr.jpg\"><img loading=\"lazy\" decoding=\"async\" class=\"alignleft size-medium wp-image-58402\" src=\"https:\/\/semmelweis.hu\/hirek\/files\/2017\/03\/RS59057_IMG_5242-scr-200x300.jpg\" alt=\"\" width=\"200\" height=\"300\" srcset=\"https:\/\/semmelweis.hu\/hirek\/files\/2017\/03\/RS59057_IMG_5242-scr-200x300.jpg 200w, https:\/\/semmelweis.hu\/hirek\/files\/2017\/03\/RS59057_IMG_5242-scr-267x400.jpg 267w, https:\/\/semmelweis.hu\/hirek\/files\/2017\/03\/RS59057_IMG_5242-scr.jpg 500w\" sizes=\"auto, (max-width: 200px) 100vw, 200px\" \/><\/a>A sz\u00fclei zongoratan\u00e1rnak sz\u00e1nt\u00e1k. \u00c9desapja betegs\u00e9ge sor\u00e1n\u00a0sokat seg\u00edtett az ell\u00e1t\u00e1s\u00e1ban, ami \u00e9rdekl\u0151d\u00e9s\u00e9t az eg\u00e9szs\u00e9g\u00fcgy fel\u00e9 ir\u00e1ny\u00edtotta \u2013 mondta el p\u00e1ly\u00e1ja kezdet\u00e9r\u0151l Kiefer Csilla. Az eg\u00e9szs\u00e9g\u00fcgyi szakk\u00f6z\u00e9piskola elv\u00e9gz\u00e9se ut\u00e1n az I. Sz. Belgy\u00f3gy\u00e1szati Klinik\u00e1ra ker\u00fclt, ahol az elm\u00falt 30 \u00e9vben sok minden v\u00e1ltozott: folyamatosan fel\u00faj\u00edt\u00e1sok zajlanak, az akkori nagy k\u00f3rtermeket m\u00e1ra \u00e1talak\u00edtottunk, kevesebb beteg van egy-egy szob\u00e1ban, amelyek mindegyik\u00e9hez k\u00fcl\u00f6n f\u00fcrd\u0151szoba tartozik \u2013 eml\u00edtette p\u00e9ldak\u00e9nt.<\/p>\n<p>\u00c1pol\u00f3k\u00e9nt, munka mellett v\u00e9gezte el az eg\u00e9szs\u00e9g\u00fcgyi f\u0151iskol\u00e1t \u00e9s egyetemet, \u00edgy szerezte meg a k\u00f6zgazdas\u00e1gi \u00e9s menedzser szakokleveles eg\u00e9szs\u00e9g\u00fcgyi szakoktat\u00f3i v\u00e9gzetts\u00e9get. 2011-ben lett a klinika vezet\u0151 \u00e1pol\u00f3ja, amit \u00f3ri\u00e1si kih\u00edv\u00e1snak \u00e9lt meg, ugyanakkor b\u00fcszke is poz\u00edci\u00f3j\u00e1ra. Mi\u00f3ta 1987-ben elkezdtem dolgozni a klinik\u00e1n, tudom, hogy a legf\u0151bb c\u00e9lom az emberek megseg\u00edt\u00e9se \u2013 mondta kiemelve, h\u00e1l\u00e1s az\u00e9rt, hogy lehet\u0151s\u00e9ge volt nemzetk\u00f6zileg is\u00a0elismert orvosokt\u00f3l tanulni, az \u00e1pol\u00f3i hivat\u00e1st pedig magasan k\u00e9pzett, elhivatott \u00e1pol\u00f3kt\u00f3l saj\u00e1t\u00edthatta el.<\/p>\n<p>A klinikai gyakorlati oktat\u00e1s mellett az elm\u00e9leti oktat\u00e1sban is r\u00e9szt vesz: a Raoul Wallenberg Szakgimn\u00e1zium \u00e9s Szakk\u00f6z\u00e9piskol\u00e1ban, valamint a Kanizsay Dorottya Eg\u00e9szs\u00e9g\u00fcgyi Szakk\u00e9pz\u0151 Iskola \u00e9s Gimn\u00e1ziumban oktat. Fontosnak tartom a napi kapcsolattart\u00e1st a hallgat\u00f3kkal, valamint azt, hogy az elm\u00e9let \u00e9s gyakorlat ne \u00e1lljanak k\u00fcl\u00f6n, hanem egys\u00e9gben m\u0171k\u00f6djenek \u2013 vallja Kiefer Csilla. Szerinte ez a hivat\u00e1s olyan lelki er\u0151t ig\u00e9nyel, akkora megterhel\u00e9st jelent, amit csak az visel el, aki sz\u00edvvel-l\u00e9lekkel ezt akarja csin\u00e1lni. Olyan ez a szakma, mint az igaz szerelem: ha m\u00e1r az els\u0151 pillanatban megvan, akkor nagy es\u00e9llyel \u00f6r\u00f6kre tart \u2013 v\u00e9li. A fiatalok motiv\u00e1l\u00e1si lehet\u0151s\u00e9geir\u0151l elmondta, a p\u00e9ldamutat\u00e1s mellett a p\u00e1lya sz\u00e9ps\u00e9geinek \u00e9s \u00e1rnyoldalainak bemutat\u00e1sa egyar\u00e1nt sz\u00fcks\u00e9ges. Az oktat\u00e1s siker\u00e9nek \u00e9rzem, ha siker\u00fcl j\u00f3l k\u00e9pzett \u00e9s elh\u00edvatott \u00e1pol\u00f3kat k\u00e9pezni, \u00e9s az az igazi siker, ha a gyakorlatukat n\u00e1lunk t\u00f6lt\u0151 hallgat\u00f3k a klinik\u00e1ra j\u00f6nnek dolgozni \u2013 mondta el Kiefer Csilla.<\/p>\n<p><a href=\"https:\/\/semmelweis.hu\/hirek\/files\/2017\/03\/RS59068_IMG_5193-scr.jpg\"><img loading=\"lazy\" decoding=\"async\" class=\"aligncenter size-large wp-image-58403\" src=\"https:\/\/semmelweis.hu\/hirek\/files\/2017\/03\/RS59068_IMG_5193-scr-600x400.jpg\" alt=\"\" width=\"600\" height=\"400\" srcset=\"https:\/\/semmelweis.hu\/hirek\/files\/2017\/03\/RS59068_IMG_5193-scr-600x400.jpg 600w, https:\/\/semmelweis.hu\/hirek\/files\/2017\/03\/RS59068_IMG_5193-scr-300x200.jpg 300w, https:\/\/semmelweis.hu\/hirek\/files\/2017\/03\/RS59068_IMG_5193-scr-768x512.jpg 768w, https:\/\/semmelweis.hu\/hirek\/files\/2017\/03\/RS59068_IMG_5193-scr-450x300.jpg 450w, https:\/\/semmelweis.hu\/hirek\/files\/2017\/03\/RS59068_IMG_5193-scr.jpg 950w\" sizes=\"auto, (max-width: 600px) 100vw, 600px\" \/><\/a><\/p>\n<p>Vezet\u0151k\u00e9nt \u00fagy l\u00e1tja, az \u00e1pol\u00f3i munk\u00e1val j\u00e1r\u00f3 stresszt nagyon neh\u00e9z kiker\u00fclni, ez\u00e9rt fontos a ki\u00e9g\u00e9s els\u0151 jeleinek felismer\u00e9se. A kiegyens\u00falyozott munkav\u00e9gz\u00e9shez szerinte elengedhetetlen a csal\u00e1ddal, hobbival, sporttal elt\u00f6lt\u00f6tt min\u0151s\u00e9gi szabadid\u0151. Mint mondta, igyekeznek alkalmank\u00e9nt k\u00f6z\u00f6s, munkahelyen k\u00edv\u00fcli \u00f6sszej\u00f6veteleket szervezni, de a klinik\u00e1n bel\u00fcli programokon, p\u00e9ld\u00e1ul a k\u00fcl\u00f6nb\u00f6z\u0151 tov\u00e1bbk\u00e9pz\u00e9sek, megbesz\u00e9l\u00e9sek sor\u00e1n is van lehet\u0151s\u00e9g k\u00f6z\u00f6s gondolkod\u00e1sra, a felmer\u00fcl\u0151 akad\u00e1lyok megold\u00e1s\u00e1ra. Fontos sz\u00e1m\u00e1ra, hogy napi kapcsolatban legyen a klinika dolgoz\u00f3ival, ez\u00e9rt minden reggel v\u00e9gigj\u00e1rja az oszt\u00e1lyokat, lehet\u0151s\u00e9get teremtve ezzel a munkahelyi probl\u00e9m\u00e1k mellett a szem\u00e9lyes k\u00e9r\u00e9sek megbesz\u00e9l\u00e9s\u00e9re is. Elmond\u00e1sa szerint biztos t\u00e1masznak \u00e9rzi a mindennapi munk\u00e1j\u00e1ban a klinik\u00e1n dolgoz\u00f3 f\u0151n\u0151v\u00e9r-csapatot, akikkel az oszt\u00e1lyok aktu\u00e1lisan megoldand\u00f3 feladatain \u00e9s probl\u00e9m\u00e1in egy\u00fctt tudnak dolgozni. Mint mondta, a p\u00e1ciensekt\u0151l is folyamatosan sz\u00fcks\u00e9g van a pozit\u00edv visszajelz\u00e9sekre, nagy \u00f6r\u00f6m sz\u00e1m\u00e1ra p\u00e9ld\u00e1ul, amikor egykori betegeket eg\u00e9szs\u00e9gesen l\u00e1t viszont.<\/p>\n<p><a href=\"https:\/\/semmelweis.hu\/hirek\/files\/2017\/03\/RS59071_IMG_5172-scr.jpg\"><img loading=\"lazy\" decoding=\"async\" class=\"alignright size-medium wp-image-58404\" src=\"https:\/\/semmelweis.hu\/hirek\/files\/2017\/03\/RS59071_IMG_5172-scr-200x300.jpg\" alt=\"\" width=\"200\" height=\"300\" srcset=\"https:\/\/semmelweis.hu\/hirek\/files\/2017\/03\/RS59071_IMG_5172-scr-200x300.jpg 200w, https:\/\/semmelweis.hu\/hirek\/files\/2017\/03\/RS59071_IMG_5172-scr-267x400.jpg 267w, https:\/\/semmelweis.hu\/hirek\/files\/2017\/03\/RS59071_IMG_5172-scr.jpg 500w\" sizes=\"auto, (max-width: 200px) 100vw, 200px\" \/><\/a>A klinik\u00e1n 100 \u00e1gyon, n\u00e9gy k\u00fcl\u00f6nb\u00f6z\u0151 profil\u00fa oszt\u00e1lyon t\u00f6rt\u00e9nik a betegek ell\u00e1t\u00e1sa, \u00e9s minden oszt\u00e1lynak megvan a specialit\u00e1sa, neh\u00e9zs\u00e9ge \u00e9s persze sz\u00e9ps\u00e9ge is \u2013 mondta el a vezet\u0151 \u00e1pol\u00f3. P\u00e9ldak\u00e9nt eml\u00edtette m\u00e1sok mellett a hematol\u00f3giai oszt\u00e1lyt, ahol t\u00f6bbek k\u00f6z\u00f6tt kemoter\u00e1pi\u00e1s kezel\u00e9sek is t\u00f6rt\u00e9nnek, \u00e9s sok a fiatal beteg. A klinik\u00e1n dolgoz\u00f3 pszichol\u00f3gus seg\u00edt a p\u00e1cienseknek a betegs\u00e9gek \u00e9s a kezel\u00e9sek elfogad\u00e1s\u00e1ban, emellett a dolgoz\u00f3knak is van lehet\u0151s\u00e9g\u00fck seg\u00edts\u00e9get k\u00e9rni, ha nehezen tudj\u00e1k feldolgozni a r\u00e1juk nehezed\u0151 lelki terheket.<\/p>\n<p>A betegell\u00e1t\u00e1sban neh\u00e9zs\u00e9get jelent az elm\u00falt id\u0151szakban a megn\u00f6vekedett sz\u00e1m\u00fa id\u0151s, elesett betegek ell\u00e1t\u00e1sa \u2013 ismertette Kiefer Csilla kiemelve, az id\u0151sebb betegek bizalm\u00e1nak elnyer\u00e9se mindig komoly\u00a0feladat: egy kedves sz\u00f3, egy mosoly sokszor t\u00f6bbet \u00e9r sz\u00e1mukra, mint a gy\u00f3gyszeres ter\u00e1pia. A betegek kezel\u00e9se n\u00e1lunk nem \u00e9r v\u00e9get a z\u00e1r\u00f3jelent\u00e9s meg\u00edr\u00e1s\u00e1val \u2013 hangs\u00falyozta Kiefer Csilla. Hozz\u00e1tette, az otthoni ell\u00e1t\u00e1sra szorul\u00f3 betegeknek a klinika szoci\u00e1lis munk\u00e1sa ny\u00fajt seg\u00edts\u00e9get.<\/p>\n<p>Kiefer Csilla \u00fagy v\u00e9li, a betegell\u00e1t\u00e1s csak csapatmunk\u00e1ban tud j\u00f3l m\u0171k\u00f6dni, ide \u00e9rtve a klinika minden dolgoz\u00f3j\u00e1nak munk\u00e1j\u00e1t k\u00f6zt\u00fck az igazgat\u00f3, orvosok, \u00e1pol\u00f3k, asszisztensek, betegsz\u00e1ll\u00edt\u00f3k, adminisztrat\u00edv feladatokat ell\u00e1t\u00f3 koll\u00e9g\u00e1k, a gazdas\u00e1gi iroda munkat\u00e1rsai, \u00a0a karbantart\u00f3k \u00e9s a takar\u00edt\u00f3k mindennapos tev\u00e9kenys\u00e9g\u00e9t.<\/p>\n<p>Keresztes Eszter<br \/>\n Fot\u00f3: Kov\u00e1cs Attila &#8211; Semmelweis Egyetem<\/p>\n","protected":false},"excerpt":{"rendered":"<p>1987-ben, r\u00f6gt\u00f6n \u00e1pol\u00f3 v\u00e9gzetts\u00e9ge megszerz\u00e9se ut\u00e1n ker\u00fclt az I. Sz. Belgy\u00f3gy\u00e1szati Klinik\u00e1ra Kiefer Csilla. 2011 \u00f3ta t\u00f6lti be a klinikai vezet\u0151 \u00e1pol\u00f3 posztot, \u00edgy mintegy 90 k\u00fcl\u00f6nb\u00f6z\u0151\u00a0ter\u00fcleten dolgoz\u00f3 munkat\u00e1rs tev\u00e9kenys\u00e9g\u00e9t kell \u00f6sszehangolnia. Szavai szerint vezet\u0151k\u00e9nt a k\u00f6z\u00f6s munka eredm\u00e9ny\u00e9nek \u00f6r\u00f6m\u00e9t szeretn\u00e9 megteremteni \u00fagy, hogy a betegek is elismerj\u00e9k a munkat\u00e1rsak er\u0151fesz\u00edt\u00e9s\u00e9t. <a href=\"https:\/\/semmelweis.hu\/hirek\/files\/2017\/03\/RS59057_IMG_5242-scr.jpg\"><\/a> A sz\u00fclei zongoratan\u00e1rnak sz\u00e1nt\u00e1k. &hellip;<\/p>\n","protected":false},"author":101132,"featured_media":58403,"comment_status":"closed","ping_status":"closed","sticky":false,"template":"","format":"standard","meta":{"_acf_changed":false,"footnotes":""},"categories":[154,168],"tags":[3811,156,3996],"class_list":["post-58401","post","type-post","status-publish","format-standard","has-post-thumbnail","hentry","category-egeszseg","category-kiemelt","tag-fonover-interjuk","tag-gyogyitas","tag-interju"],"acf":[],"_links":{"self":[{"href":"https:\/\/semmelweis.hu\/hirek\/wp-json\/wp\/v2\/posts\/58401","targetHints":{"allow":["GET"]}}],"collection":[{"href":"https:\/\/semmelweis.hu\/hirek\/wp-json\/wp\/v2\/posts"}],"about":[{"href":"https:\/\/semmelweis.hu\/hirek\/wp-json\/wp\/v2\/types\/post"}],"author":[{"embeddable":true,"href":"https:\/\/semmelweis.hu\/hirek\/wp-json\/wp\/v2\/users\/101132"}],"replies":[{"embeddable":true,"href":"https:\/\/semmelweis.hu\/hirek\/wp-json\/wp\/v2\/comments?post=58401"}],"version-history":[{"count":4,"href":"https:\/\/semmelweis.hu\/hirek\/wp-json\/wp\/v2\/posts\/58401\/revisions"}],"predecessor-version":[{"id":58431,"href":"https:\/\/semmelweis.hu\/hirek\/wp-json\/wp\/v2\/posts\/58401\/revisions\/58431"}],"wp:featuredmedia":[{"embeddable":true,"href":"https:\/\/semmelweis.hu\/hirek\/wp-json\/wp\/v2\/media\/58403"}],"wp:attachment":[{"href":"https:\/\/semmelweis.hu\/hirek\/wp-json\/wp\/v2\/media?parent=58401"}],"wp:term":[{"taxonomy":"category","embeddable":true,"href":"https:\/\/semmelweis.hu\/hirek\/wp-json\/wp\/v2\/categories?post=58401"},{"taxonomy":"post_tag","embeddable":true,"href":"https:\/\/semmelweis.hu\/hirek\/wp-json\/wp\/v2\/tags?post=58401"}],"curies":[{"name":"wp","href":"https:\/\/api.w.org\/{rel}","templated":true}]}}