{"id":57964,"date":"2017-02-13T08:31:14","date_gmt":"2017-02-13T07:31:14","guid":{"rendered":"http:\/\/semmelweis.hu\/hirek\/?p=57964"},"modified":"2018-02-06T13:39:10","modified_gmt":"2018-02-06T12:39:10","slug":"elhunyt-dr-racz-karoly","status":"publish","type":"post","link":"https:\/\/semmelweis.hu\/hirek\/2017\/02\/13\/elhunyt-dr-racz-karoly\/","title":{"rendered":"Elhunyt dr. R\u00e1cz K\u00e1roly"},"content":{"rendered":"<p>\u00c9let\u00e9nek 67. \u00e9v\u00e9ben, hosszan tart\u00f3, s\u00falyos betegs\u00e9g ut\u00e1n elhunyt dr. R\u00e1cz K\u00e1roly, a Semmelweis Egyetem Doktori Tan\u00e1cs\u00e1nak egykori eln\u00f6ke, a II. Sz. Belgy\u00f3gy\u00e1szati Klinika egyetemi tan\u00e1ra, kor\u00e1bbi igazgat\u00f3ja. Dr. R\u00e1cz K\u00e1rolyt a Semmelweis Egyetem saj\u00e1t halottj\u00e1nak tekinti.<\/p>\n<p><embed src=\"https:\/\/semmelweis.hu\/hirek\/files\/2017\/02\/racz_karoly_gyaszjelentes.pdf\" width=\"670\" height=\"550\"><\/embed><\/p>\n<p>Dr. Igaz P\u00e9ter, a II. Sz. Belgy\u00f3gy\u00e1szati Klinika igazgat\u00f3j\u00e1nak nekrol\u00f3gja:<\/p>\n<p>Szomor\u00fa k\u00f6teless\u00e9gemnek teszek eleget akkor, amikor e sorokat \u00edrom a Semmelweis Egyetem II. Belgy\u00f3gy\u00e1szati Klinika egyetemi tan\u00e1r\u00e1nak, kor\u00e1bbi igazgat\u00f3j\u00e1nak, dr. R\u00e1cz K\u00e1roly professzor \u00far hal\u00e1la kapcs\u00e1n. R\u00e1cz professzor \u00far \u00e9let\u00e9nek 67. \u00e9v\u00e9ben s\u00falyos, m\u00e9lt\u00f3s\u00e1ggal viselt betegs\u00e9gben hunyt el.<\/p>\n<p> <a href=\"https:\/\/semmelweis.hu\/hirek\/files\/2017\/02\/RS13315_KA-20120914-IMG_1334-border2.jpg\"><img loading=\"lazy\" decoding=\"async\" class=\"alignleft size-medium wp-image-57965\" src=\"https:\/\/semmelweis.hu\/hirek\/files\/2017\/02\/RS13315_KA-20120914-IMG_1334-border2-200x300.jpg\" alt=\"\" width=\"200\" height=\"300\" srcset=\"https:\/\/semmelweis.hu\/hirek\/files\/2017\/02\/RS13315_KA-20120914-IMG_1334-border2-200x300.jpg 200w, https:\/\/semmelweis.hu\/hirek\/files\/2017\/02\/RS13315_KA-20120914-IMG_1334-border2-267x400.jpg 267w, https:\/\/semmelweis.hu\/hirek\/files\/2017\/02\/RS13315_KA-20120914-IMG_1334-border2-600x900.jpg 600w, https:\/\/semmelweis.hu\/hirek\/files\/2017\/02\/RS13315_KA-20120914-IMG_1334-border2.jpg 667w\" sizes=\"auto, (max-width: 200px) 100vw, 200px\" \/><\/a>Eg\u00e9sz \u00e9let\u00e9t a betegell\u00e1t\u00e1s, oktat\u00e1s \u00e9s kutat\u00e1s h\u00e1rmas egys\u00e9g\u00e9nek szentelte, reggelt\u0151l k\u00e9s\u0151 estig, nagy odaad\u00e1ssal v\u00e9gezte munk\u00e1j\u00e1t. R\u00e1cz tan\u00e1r \u00far iskol\u00e1t teremtett a II. Sz. Belgy\u00f3gy\u00e1szati Klinik\u00e1n, ami tev\u00e9kenys\u00e9ge nyom\u00e1n a hazai endokrinol\u00f3giai-molekul\u00e1ris genetikai kutat\u00e1sok vezet\u0151 int\u00e9zm\u00e9ny\u00e9v\u00e9 v\u00e1lt.<\/p>\n<p> A nagy belgy\u00f3gy\u00e1szok m\u00e9lt\u00f3 ut\u00f3djak\u00e9nt sz\u00e9lesk\u00f6r\u0171 alaposs\u00e1ggal ismert sok belgy\u00f3gy\u00e1szati ter\u00fcletet, igazi belgy\u00f3gy\u00e1szati polihisztor volt, mindazon\u00e1ltal \u00e9rdekl\u0151d\u00e9si k\u00f6r\u00e9nek k\u00f6z\u00e9ppontj\u00e1ban az endokrinol\u00f3gia \u00e1llt. A hazai klinikai endokrinol\u00f3gia fejleszt\u00e9s\u00e9ben el\u00e9v\u00fclhetetlen \u00e9rdemeket szerzett, f\u00e1radts\u00e1got nem ismer\u0151 munk\u00e1val Klinik\u00e1nkon elind\u00edtotta a molekul\u00e1ris genetikai diagnosztik\u00e1t. \u00datt\u00f6r\u0151 szerepe volt a neuroendokrin daganatos betegek izot\u00f3pkezel\u00e9s\u00e9nek megszervez\u00e9s\u00e9ben, amelynek keret\u00e9ben m\u00e1r t\u00f6bb, mint 100 beteget k\u00fcldhett\u00fcnk ki k\u00fclf\u00f6ldre. Betegeit nagyon k\u00f6r\u00fcltekint\u0151en l\u00e1tta el, telefonja mindig el\u00e9rhet\u0151 volt seg\u00edts\u00e9gre szorul\u00f3 betegei sz\u00e1m\u00e1ra.<\/p>\n<p> Tudom\u00e1nyos elismerts\u00e9g\u00e9t f\u00e9mjelzi, hogy 2009 \u00e9s 2015 k\u00f6z\u00f6tt a Semmelweis Egyetem Doktori Tan\u00e1cs\u00e1nak eln\u00f6ke volt, \u00e9s e mellett 2013-2015-ig az Orsz\u00e1gos Doktori Tan\u00e1cs t\u00e1rseln\u00f6k\u00e9v\u00e9 is megv\u00e1lasztott\u00e1k. PhD programj\u00e1ban t\u00f6bb kiv\u00e1l\u00f3 szakember v\u00e9gezte tanulm\u00e1nyait. T\u00e9mavezet\u0151i eredm\u00e9nyess\u00e9g\u00e9t mutatja a 15 PhD fokozatot nyert hallgat\u00f3, akiknek szakmai ir\u00e1ny\u00edt\u00e1s\u00e1ban sz\u00e1mtalan elfoglalts\u00e1ga mellett mindig odaad\u00e1ssal \u00e9s nagy figyelemmel vett r\u00e9szt.<\/p>\n<p> A Magyar Belgy\u00f3gy\u00e1sz T\u00e1rsas\u00e1g \u00e9s a Magyar Endokrinol\u00f3giai \u00e9s Anyagcsere T\u00e1rsas\u00e1g eln\u00f6kek\u00e9nt a hazai belgy\u00f3gy\u00e1szati \u00e9s endokrinol\u00f3giai tudom\u00e1nyos \u00e9let meghat\u00e1roz\u00f3 szem\u00e9lyis\u00e9ge volt.<\/p>\n<p> T\u00f6bb sz\u00e1z idegen \u00e9s magyar nyelv\u0171 k\u00f6zlem\u00e9ny szerz\u0151jek\u00e9nt kiemelked\u0151 tudom\u00e1nymetriai mutat\u00f3i voltak. Montre\u00e1lban \u00e9s P\u00e1rizsban vezet\u0151 tudom\u00e1nyos m\u0171helyekben v\u00e9gzett kutat\u00f3munk\u00e1t. Sz\u00e1mos nyertes tudom\u00e1nyos p\u00e1ly\u00e1zat t\u00e9mavezet\u0151je volt. 1987-ben kandid\u00e1tus, 10 \u00e9vvel k\u00e9s\u0151bb pedig az orvostudom\u00e1nyok doktora c\u00edmet nyerte el. 2015-t\u0151l az OTKA Klinikai Orvostudom\u00e1nyok Zs\u0171ri eln\u00f6kek\u00e9nt is tev\u00e9kenykedett.<br \/>\n 2005-t\u0151l 2010-ig az Orvosi Hetilap f\u0151szerkeszt\u0151-helyettese, majd 2010-t\u0151l az Orvosi Hetilap f\u0151szerkeszt\u0151je. \u00c1llhatatos munk\u00e1ja eredm\u00e9nyek\u00e9nt siker\u00fclt a brav\u00far, hogy az Orvosi Hetilap 2015-t\u0151l impakt faktort kapott, ami egy csak magyar nyelv\u0171 cikkeket megjelentet\u0151 hetilap eset\u00e9ben kiemelked\u0151 jelent\u0151s\u00e9g\u0171nek tarthat\u00f3.<\/p>\n<p> Szakmai elismerts\u00e9g\u00e9t jelzi, hogy 2002-ben Pro Sanitate, 2010-ben Batthy\u00e1ny-Strattman, 2014-ben pedig Semmelweis-d\u00edjjal t\u00fcntett\u00e9k ki.<\/p>\n<p> Endokrinol\u00f3giai \u00e9s klinikai genetikai \u00e9rdekl\u0151d\u00e9sem kialak\u00edt\u00e1s\u00e1ban R\u00e1cz professzor \u00farnak meghat\u00e1roz\u00f3 szerepe volt. Tudom\u00e1nyos kutat\u00f3i, oktat\u00f3i \u00e9s klinikusi hozz\u00e1\u00e1ll\u00e1sa mind p\u00e9lda\u00e9rt\u00e9k\u0171 volt. Mai rohan\u00f3 vil\u00e1gunkban kiv\u00e9teles volt, hogy mindig volt ideje a koll\u00e9g\u00e1k \u00e9s betegei probl\u00e9m\u00e1ira. Nemcsak tud\u00f3s, hanem olyan ember is volt, aki p\u00e9ld\u00e1ul szolg\u00e1lhat a jelen \u00e9s j\u00f6v\u0151 orvosnemzed\u00e9keinek.<\/p>\n<p>\n dr. Igaz P\u00e9ter<br \/>\n klinikaigazgat\u00f3<br \/>\n II. Sz. Belgy\u00f3gy\u00e1szati Klinika<\/p>\n","protected":false},"excerpt":{"rendered":"<p>\u00c9let\u00e9nek 67. \u00e9v\u00e9ben, hosszan tart\u00f3, s\u00falyos betegs\u00e9g ut\u00e1n elhunyt dr. R\u00e1cz K\u00e1roly, a Semmelweis Egyetem Doktori Tan\u00e1cs\u00e1nak egykori eln\u00f6ke, a II. Sz. Belgy\u00f3gy\u00e1szati Klinika egyetemi tan\u00e1ra, kor\u00e1bbi igazgat\u00f3ja. Dr. R\u00e1cz K\u00e1rolyt a Semmelweis Egyetem saj\u00e1t halottj\u00e1nak tekinti. Dr. Igaz P\u00e9ter, a II. Sz. Belgy\u00f3gy\u00e1szati Klinika igazgat\u00f3j\u00e1nak nekrol\u00f3gja: Szomor\u00fa k\u00f6teless\u00e9gemnek teszek eleget akkor, amikor e sorokat &hellip;<\/p>\n","protected":false},"author":13,"featured_media":9733,"comment_status":"closed","ping_status":"closed","sticky":false,"template":"","format":"standard","meta":{"_acf_changed":false,"footnotes":""},"categories":[157],"tags":[345,4108],"class_list":["post-57964","post","type-post","status-publish","format-standard","has-post-thumbnail","hentry","category-semmelweis-vilag","tag-esemenyek-es-beszamolok","tag-gyaszhir"],"acf":[],"_links":{"self":[{"href":"https:\/\/semmelweis.hu\/hirek\/wp-json\/wp\/v2\/posts\/57964","targetHints":{"allow":["GET"]}}],"collection":[{"href":"https:\/\/semmelweis.hu\/hirek\/wp-json\/wp\/v2\/posts"}],"about":[{"href":"https:\/\/semmelweis.hu\/hirek\/wp-json\/wp\/v2\/types\/post"}],"author":[{"embeddable":true,"href":"https:\/\/semmelweis.hu\/hirek\/wp-json\/wp\/v2\/users\/13"}],"replies":[{"embeddable":true,"href":"https:\/\/semmelweis.hu\/hirek\/wp-json\/wp\/v2\/comments?post=57964"}],"version-history":[{"count":11,"href":"https:\/\/semmelweis.hu\/hirek\/wp-json\/wp\/v2\/posts\/57964\/revisions"}],"predecessor-version":[{"id":58224,"href":"https:\/\/semmelweis.hu\/hirek\/wp-json\/wp\/v2\/posts\/57964\/revisions\/58224"}],"wp:featuredmedia":[{"embeddable":true,"href":"https:\/\/semmelweis.hu\/hirek\/wp-json\/wp\/v2\/media\/9733"}],"wp:attachment":[{"href":"https:\/\/semmelweis.hu\/hirek\/wp-json\/wp\/v2\/media?parent=57964"}],"wp:term":[{"taxonomy":"category","embeddable":true,"href":"https:\/\/semmelweis.hu\/hirek\/wp-json\/wp\/v2\/categories?post=57964"},{"taxonomy":"post_tag","embeddable":true,"href":"https:\/\/semmelweis.hu\/hirek\/wp-json\/wp\/v2\/tags?post=57964"}],"curies":[{"name":"wp","href":"https:\/\/api.w.org\/{rel}","templated":true}]}}