{"id":57768,"date":"2017-02-08T07:30:21","date_gmt":"2017-02-08T06:30:21","guid":{"rendered":"http:\/\/semmelweis.hu\/hirek\/?p=57768"},"modified":"2017-08-29T11:13:24","modified_gmt":"2017-08-29T09:13:24","slug":"tobb-mint-116-millio-forintos-adomanyt-kapott-az-i-sz-gyermekgyogyaszati-klinika-egy-gyorsetteremlanctol","status":"publish","type":"post","link":"https:\/\/semmelweis.hu\/hirek\/2017\/02\/08\/tobb-mint-116-millio-forintos-adomanyt-kapott-az-i-sz-gyermekgyogyaszati-klinika-egy-gyorsetteremlanctol\/","title":{"rendered":"T\u00f6bb mint 11,6 milli\u00f3 forintos adom\u00e1nyt kapott az I. Sz. Gyermekgy\u00f3gy\u00e1szati Klinika egy gyors\u00e9ttereml\u00e1nct\u00f3l"},"content":{"rendered":"<p>Az I. Sz. Gyermekgy\u00f3gy\u00e1szati Klinika a kulcslyukseb\u00e9szeti m\u0171t\u00e9tek eszk\u00f6zparkj\u00e1nak fejleszt\u00e9s\u00e9re, laparoszk\u00f3pi\u00e1s beavatkoz\u00e1sok elv\u00e9gz\u00e9s\u00e9hez sz\u00fcks\u00e9ges eszk\u00f6z\u00f6k v\u00e1s\u00e1rl\u00e1s\u00e1ra ford\u00edtja azt 11 616 180 forintos adom\u00e1nyt, amelyet az AmRest, K\u00f6z\u00e9p-Kelet Eur\u00f3pa legnagyobb \u00e9tterem \u00fczemeltet\u0151 v\u00e1llalata aj\u00e1nlott fel a klinika sz\u00e1m\u00e1ra. Az adom\u00e1nyt dr. Arat\u00f3 Andr\u00e1s igazgat\u00f3helyettes vette \u00e1t a c\u00e9g k\u00e9pvisel\u0151it\u0151l.<\/p>\n<p><a href=\"https:\/\/semmelweis.hu\/hirek\/files\/2017\/02\/RS57641_IMG_5284-scr.jpg\"><img loading=\"lazy\" decoding=\"async\" class=\"alignleft size-medium wp-image-57770\" src=\"https:\/\/semmelweis.hu\/hirek\/files\/2017\/02\/RS57641_IMG_5284-scr-300x200.jpg\" alt=\"\" width=\"300\" height=\"200\" srcset=\"https:\/\/semmelweis.hu\/hirek\/files\/2017\/02\/RS57641_IMG_5284-scr-300x200.jpg 300w, https:\/\/semmelweis.hu\/hirek\/files\/2017\/02\/RS57641_IMG_5284-scr-768x512.jpg 768w, https:\/\/semmelweis.hu\/hirek\/files\/2017\/02\/RS57641_IMG_5284-scr-600x400.jpg 600w, https:\/\/semmelweis.hu\/hirek\/files\/2017\/02\/RS57641_IMG_5284-scr-450x300.jpg 450w, https:\/\/semmelweis.hu\/hirek\/files\/2017\/02\/RS57641_IMG_5284-scr.jpg 950w\" sizes=\"auto, (max-width: 300px) 100vw, 300px\" \/><\/a>Az adom\u00e1ny \u00e1tad\u00e1sakor dr. K\u00e1lm\u00e1n Attila adjunktus elmondta, egy-egy laparoszk\u00f3pos m\u0171t\u00e9thez t\u00f6bb k\u00fcl\u00f6nb\u00f6z\u0151 eszk\u00f6zre van sz\u00fcks\u00e9g, amelyek egy r\u00e9sze jelenleg cser\u00e9re szorul, ezeket tudj\u00e1k beszerezni a felaj\u00e1nlott \u00f6sszegb\u0151l. A seb\u00e9szeti oszt\u00e1lyvezet\u0151 hozz\u00e1tette, jelenleg a m\u0171t\u00e9tek 15 sz\u00e1zal\u00e9k\u00e1t v\u00e9gzik korszer\u0171 kulcslyukseb\u00e9szeti elj\u00e1r\u00e1ssal a klinik\u00e1n. Dr. Vereb\u00e9ly Tibor egyetemi tan\u00e1r ismertette a c\u00e9g k\u00e9pvisel\u0151ivel a minim\u00e1l invaz\u00edv beavatkoz\u00e1sok el\u0151nyeit, kit\u00e9rve t\u00f6bbek k\u00f6z\u00f6tt a hagyom\u00e1nyos m\u0171t\u00e9tekhez viszony\u00edtott kisebb f\u00e1jdalom\u00e9rzetre, a gyorsabb gy\u00f3gyul\u00e1sra \u00e9s a l\u00e9nyegesen r\u00f6videbb k\u00f3rh\u00e1zban elt\u00f6lt\u00f6tt id\u0151re, ami a gyerekek eset\u00e9n k\u00fcl\u00f6n\u00f6sen fontos szempont.<\/p>\n<p>Az adom\u00e1nygy\u0171jt\u00e9s egy h\u00f3napig tart\u00f3 id\u0151szak\u00e1ban csaknem 400 ezer vend\u00e9g csatlakozott v\u00e1s\u00e1rl\u00e1s\u00e1val a kezdem\u00e9nyez\u00e9shez a KFC \u00e9ttermeiben \u2013 ismertette Fukcius Tam\u00e1s \u00fczemeltet\u00e9si igazgat\u00f3, aki a vend\u00e9gek mellett a gyors\u00e9ttereml\u00e1nc dolgoz\u00f3inak is k\u00f6sz\u00f6netet mondott az akci\u00f3ban val\u00f3 r\u00e9szv\u00e9tel\u00fck\u00e9rt.<\/p>\n<p>Keresztes Eszter<br \/>\n Fot\u00f3: Kov\u00e1cs Attila, Semmelweis Egyetem<\/p>\n","protected":false},"excerpt":{"rendered":"<p>Az I. Sz. Gyermekgy\u00f3gy\u00e1szati Klinika a kulcslyukseb\u00e9szeti m\u0171t\u00e9tek eszk\u00f6zparkj\u00e1nak fejleszt\u00e9s\u00e9re, laparoszk\u00f3pi\u00e1s beavatkoz\u00e1sok elv\u00e9gz\u00e9s\u00e9hez sz\u00fcks\u00e9ges eszk\u00f6z\u00f6k v\u00e1s\u00e1rl\u00e1s\u00e1ra ford\u00edtja azt 11 616 180 forintos adom\u00e1nyt, amelyet az AmRest, K\u00f6z\u00e9p-Kelet Eur\u00f3pa legnagyobb \u00e9tterem \u00fczemeltet\u0151 v\u00e1llalata aj\u00e1nlott fel a klinika sz\u00e1m\u00e1ra. Az adom\u00e1nyt dr. Arat\u00f3 Andr\u00e1s igazgat\u00f3helyettes vette \u00e1t a c\u00e9g k\u00e9pvisel\u0151it\u0151l. <a href=\"https:\/\/semmelweis.hu\/hirek\/files\/2017\/02\/RS57641_IMG_5284-scr.jpg\"><\/a> Az adom\u00e1ny \u00e1tad\u00e1sakor dr. K\u00e1lm\u00e1n Attila adjunktus &hellip;<\/p>\n","protected":false},"author":101132,"featured_media":57770,"comment_status":"closed","ping_status":"closed","sticky":false,"template":"","format":"standard","meta":{"_acf_changed":false,"footnotes":""},"categories":[154,168],"tags":[1971,156,3895],"class_list":["post-57768","post","type-post","status-publish","format-standard","has-post-thumbnail","hentry","category-egeszseg","category-kiemelt","tag-adomany","tag-gyogyitas","tag-jotekonysag"],"acf":[],"_links":{"self":[{"href":"https:\/\/semmelweis.hu\/hirek\/wp-json\/wp\/v2\/posts\/57768","targetHints":{"allow":["GET"]}}],"collection":[{"href":"https:\/\/semmelweis.hu\/hirek\/wp-json\/wp\/v2\/posts"}],"about":[{"href":"https:\/\/semmelweis.hu\/hirek\/wp-json\/wp\/v2\/types\/post"}],"author":[{"embeddable":true,"href":"https:\/\/semmelweis.hu\/hirek\/wp-json\/wp\/v2\/users\/101132"}],"replies":[{"embeddable":true,"href":"https:\/\/semmelweis.hu\/hirek\/wp-json\/wp\/v2\/comments?post=57768"}],"version-history":[{"count":7,"href":"https:\/\/semmelweis.hu\/hirek\/wp-json\/wp\/v2\/posts\/57768\/revisions"}],"predecessor-version":[{"id":57786,"href":"https:\/\/semmelweis.hu\/hirek\/wp-json\/wp\/v2\/posts\/57768\/revisions\/57786"}],"wp:featuredmedia":[{"embeddable":true,"href":"https:\/\/semmelweis.hu\/hirek\/wp-json\/wp\/v2\/media\/57770"}],"wp:attachment":[{"href":"https:\/\/semmelweis.hu\/hirek\/wp-json\/wp\/v2\/media?parent=57768"}],"wp:term":[{"taxonomy":"category","embeddable":true,"href":"https:\/\/semmelweis.hu\/hirek\/wp-json\/wp\/v2\/categories?post=57768"},{"taxonomy":"post_tag","embeddable":true,"href":"https:\/\/semmelweis.hu\/hirek\/wp-json\/wp\/v2\/tags?post=57768"}],"curies":[{"name":"wp","href":"https:\/\/api.w.org\/{rel}","templated":true}]}}