{"id":56942,"date":"2016-12-20T11:30:38","date_gmt":"2016-12-20T10:30:38","guid":{"rendered":"http:\/\/semmelweis.hu\/hirek\/?p=56942"},"modified":"2018-02-06T13:49:28","modified_gmt":"2018-02-06T12:49:28","slug":"milliardos-mukodesi-tamogatast-nyert-el-a-klinikai-kozpont","status":"publish","type":"post","link":"https:\/\/semmelweis.hu\/hirek\/2016\/12\/20\/milliardos-mukodesi-tamogatast-nyert-el-a-klinikai-kozpont\/","title":{"rendered":"Milli\u00e1rdos m\u0171k\u00f6d\u00e9si t\u00e1mogat\u00e1st nyert el a Klinikai K\u00f6zpont"},"content":{"rendered":"<p>T\u00f6bb mint egymilli\u00e1rd forint m\u0171k\u00f6d\u00e9si t\u00e1mogat\u00e1st nyert el p\u00e1ly\u00e1zati \u00faton a Semmelweis Egyetem Klinikai K\u00f6zpontja. A t\u00e1mogat\u00e1sb\u00f3l n\u00e9gy k\u00fcl\u00f6nb\u00f6z\u0151, \u00f6sszesen 10 klinik\u00e1t \u00e9rint\u0151 projekt val\u00f3sulhat meg, melyek \u00e9rintik a szem\u00e9lyre szabott gy\u00f3gyszerel\u00e9s, a k\u0151seb\u00e9szeti elj\u00e1r\u00e1sok, az endoszk\u00f3pos elj\u00e1r\u00e1sok \u00e9s az onkoseb\u00e9szet fejleszt\u00e9s\u00e9t.\u00a0<\/p>\n<p><a href=\"https:\/\/semmelweis.hu\/hirek\/files\/2016\/12\/RS46233_KA-20160229-IMG_6483-scr-1.jpg\"><img loading=\"lazy\" decoding=\"async\" class=\"alignleft size-medium wp-image-56947\" src=\"https:\/\/semmelweis.hu\/hirek\/files\/2016\/12\/RS46233_KA-20160229-IMG_6483-scr-1-200x300.jpg\" alt=\"\" width=\"200\" height=\"300\" srcset=\"https:\/\/semmelweis.hu\/hirek\/files\/2016\/12\/RS46233_KA-20160229-IMG_6483-scr-1-200x300.jpg 200w, https:\/\/semmelweis.hu\/hirek\/files\/2016\/12\/RS46233_KA-20160229-IMG_6483-scr-1-267x400.jpg 267w, https:\/\/semmelweis.hu\/hirek\/files\/2016\/12\/RS46233_KA-20160229-IMG_6483-scr-1.jpg 500w\" sizes=\"auto, (max-width: 200px) 100vw, 200px\" \/><\/a>Az eg\u00e9szs\u00e9g\u00fcgyi szolg\u00e1ltat\u00e1st ny\u00fajt\u00f3 k\u00f6zfinansz\u00edrozott szolg\u00e1ltat\u00f3k m\u0171k\u00f6d\u00e9si t\u00e1mogat\u00e1s\u00e1ra beny\u00fajtott p\u00e1ly\u00e1zaton a Semmelweis Egyetem Klinikai K\u00f6zpontja (KK) 1 005 051 268 forint t\u00e1mogat\u00e1st nyert el \u2013 k\u00f6z\u00f6lte dr. Merkely B\u00e9la klinikai rektorhelyettes. Id\u00e9n ez m\u00e1r a m\u00e1sodik jelent\u0151s t\u00e1mogat\u00e1s, amelyhez a Semmelweis Egyetem klinik\u00e1i a Klinikai K\u00f6zpont eln\u00f6ks\u00e9g\u00e9nek sikeres p\u00e1ly\u00e1zatai seg\u00edts\u00e9g\u00e9vel jutnak. Az els\u0151 ilyen a Fels\u0151oktat\u00e1si Strukt\u00fara\u00e1talak\u00edt\u00e1si Alap terh\u00e9re beny\u00fajtott p\u00e1ly\u00e1zat volt 500 milli\u00f3 forint \u00e9rt\u00e9kben, mely 13 klinik\u00e1t \u00e9rintett \u2013 id\u00e9zte fel a KK eln\u00f6ke.<\/p>\n<p>A mostani t\u00e1mogat\u00e1s n\u00e9gy projekt megval\u00f3s\u00edt\u00e1s\u00e1t seg\u00edti, \u00e9s 10 klinik\u00e1t \u00e9rint. A K\u00fcls\u0151 Klinikai T\u00f6mbben megval\u00f3sulhat a betegek szem\u00e9lyre szabott gy\u00f3gyszerel\u00e9se, amely egyr\u00e9szt n\u00f6veli a beteg- \u00e9s gy\u00f3gyszerbiztons\u00e1got, m\u00e1sr\u00e9szt k\u00f6lts\u00e9ghat\u00e9konny\u00e1 teszi a gy\u00f3gyszerel\u00e9st a fekv\u0151betegek sz\u00e1m\u00e1ra.<\/p>\n<p>A \u201eK\u0151seb\u00e9szeti elj\u00e1r\u00e1sok fejleszt\u00e9se gyermek \u00e9s feln\u0151tt betegek sz\u00e1m\u00e1ra\u201d projektelem region\u00e1lis szinten alak\u00edt ki k\u00f6zpontot a vesek\u0151vel szenved\u0151 betegek gyors \u00e9s hat\u00e9kony ell\u00e1t\u00e1s\u00e1ra. Ennek keretein bel\u00fcl a modern k\u0151z\u00faz\u00e1st\u00f3l az urol\u00f3giai seb\u00e9szeti beavatkoz\u00e1sokig, a vesek\u0151ell\u00e1t\u00e1s teljes spektruma el\u00e9rhet\u0151 lesz eg\u00e9szen kicsi gyermekkort\u00f3l kezdve.<\/p>\n<p>Az \u201eOperat\u00edv \u00e9s S\u00fcrg\u0151ss\u00e9gi Endoscopos Centrum\u201d kialak\u00edt\u00e1sa seg\u00edts\u00e9g\u00e9vel a hagyom\u00e1nyos endoszk\u00f3pos elj\u00e1r\u00e1sok mellett lehet\u0151s\u00e9g lesz az endoszk\u00f3pia alkalmaz\u00e1s\u00e1ra olyan esetekben is, ahol ez helyettes\u00edtheti vagy kieg\u00e9sz\u00edtheti a m\u0171t\u00e9ti elj\u00e1r\u00e1sokat. Megval\u00f3sulhat tov\u00e1bb\u00e1 az akut gyomor-b\u00e9lrendszeri betegs\u00e9gek endoszk\u00f3pos ell\u00e1t\u00e1sa is.<\/p>\n<p>T\u00e1mogat\u00e1st kapott a \u201eSeb\u00e9szeti, onkoseb\u00e9szeti betegek ell\u00e1t\u00e1s\u00e1nak fejleszt\u00e9se\u201d projekt is. Ez modern seb\u00e9szeti technik\u00e1k bevezet\u00e9sre ad lehet\u0151s\u00e9get, amelyek seg\u00edts\u00e9g\u00e9vel sok esetben lehet\u0151v\u00e9 v\u00e1lik a tumorok elt\u00e1vol\u00edt\u00e1sa az \u00e9rintett szervek funkci\u00f3j\u00e1nak megtart\u00e1s\u00e1val. Ennek egyik k\u00fcl\u00f6n\u00f6sen fontos ter\u00fclete a fiatal n\u0151k \u00e9s f\u00e9rfiak eset\u00e9ben a fertilit\u00e1s megtart\u00e1s\u00e1val v\u00e9gezhet\u0151 m\u0171t\u00e9tek k\u00f6r\u00e9nek kisz\u00e9les\u00edt\u00e9se.<\/p>\n<p>Dr. Merkely B\u00e9la rektorhelyettes hangs\u00falyozta, hogy a sikeres p\u00e1ly\u00e1zat csapatmunka eredm\u00e9nye. A koordin\u00e1ci\u00f3s munk\u00e1t a KK \u00e1ltal\u00e1nos eln\u00f6khelyettese, dr. Szab\u00f3 Attila v\u00e9gezte, Sz\u00e9ll Enik\u0151 a KK Szakmai Ir\u00e1ny\u00edt\u00e1si \u00e9s Szervez\u00e9si F\u0151igazgat\u00f3s\u00e1g mb. f\u0151igazgat\u00f3ja, Janik Csilla, a KK Szakmai Ir\u00e1ny\u00edt\u00e1si \u00e9s Szervez\u00e9si F\u0151igazgat\u00f3s\u00e1g \u00fcgyviv\u0151 szak\u00e9rt\u0151je, valamint az \u00e9rintett klinik\u00e1k vezet\u0151 munkat\u00e1rsainak bevon\u00e1s\u00e1val. A Kancell\u00e1ria r\u00e9sz\u00e9r\u0151l dr. Borb\u00e9lyn\u00e9 Balogh Zsuzsanna gazdas\u00e1gi f\u0151igazgat\u00f3 megb\u00edz\u00e1s\u00e1b\u00f3l N\u00e1ndori Szilvia h\u00e1l\u00f3zatir\u00e1ny\u00edt\u00e1si igazgat\u00f3 koordin\u00e1lta a munk\u00e1t, \u00e9s a t\u00f6mbigazgat\u00f3k seg\u00edts\u00e9g\u00e9vel megt\u00e9r\u00fcl\u00e9si \u00e9s k\u00f6lts\u00e9gvet\u00e9si tervvel eg\u00e9sz\u00edtett\u00e9k ki az akad\u00e9miai vonal szakmai terveit.\u00a0<\/p>\n<p>A beadott p\u00e1ly\u00e1zat \u00f6t\u00f6dik projektelem\u00e9nek finansz\u00edroz\u00e1s\u00e1r\u00f3l, amely a Semmelweis Egyetem transzplant\u00e1ci\u00f3val foglalkoz\u00f3 klinik\u00e1it \u00e9s a transzplant\u00e1lt betegek ell\u00e1t\u00e1s\u00e1nak fejleszt\u00e9s\u00e9t c\u00e9lozza meg, az Eg\u00e9szs\u00e9g\u00fcgy\u00e9rt Felel\u0151s \u00c1llamtitk\u00e1rs\u00e1g ak\u00e1r m\u00e9g id\u00e9n hozhat d\u00f6nt\u00e9st \u2013 mondta dr. Merkely B\u00e9la rektorhelyettes.<\/p>\n<p>A KK eln\u00f6ke hangs\u00falyozta: a fent le\u00edrt \u00e9s t\u00e1mogatott projektek sikeres megval\u00f3s\u00edt\u00e1sa az eddigiekhez hasonl\u00f3 szoros \u00e9s c\u00e9lrat\u00f6r\u0151 egy\u00fcttm\u0171k\u00f6d\u00e9st k\u00edv\u00e1n meg a Klinikai K\u00f6zpont \u00e9s a Kancell\u00e1ria k\u00f6z\u00f6tt.<\/p>\n<p>Forr\u00e1s: Klinika K\u00f6zpont<br \/>\n Fot\u00f3: Kov\u00e1cs Attila, Semmelweis Egyetem (a bor\u00edt\u00f3k\u00e9p illusztr\u00e1ci\u00f3)<\/p>\n","protected":false},"excerpt":{"rendered":"<p>T\u00f6bb mint egymilli\u00e1rd forint m\u0171k\u00f6d\u00e9si t\u00e1mogat\u00e1st nyert el p\u00e1ly\u00e1zati \u00faton a Semmelweis Egyetem Klinikai K\u00f6zpontja. A t\u00e1mogat\u00e1sb\u00f3l n\u00e9gy k\u00fcl\u00f6nb\u00f6z\u0151, \u00f6sszesen 10 klinik\u00e1t \u00e9rint\u0151 projekt val\u00f3sulhat meg, melyek \u00e9rintik a szem\u00e9lyre szabott gy\u00f3gyszerel\u00e9s, a k\u0151seb\u00e9szeti elj\u00e1r\u00e1sok, az endoszk\u00f3pos elj\u00e1r\u00e1sok \u00e9s az onkoseb\u00e9szet fejleszt\u00e9s\u00e9t.\u00a0 <a href=\"https:\/\/semmelweis.hu\/hirek\/files\/2016\/12\/RS46233_KA-20160229-IMG_6483-scr-1.jpg\"><\/a> Az eg\u00e9szs\u00e9g\u00fcgyi szolg\u00e1ltat\u00e1st ny\u00fajt\u00f3 k\u00f6zfinansz\u00edrozott szolg\u00e1ltat\u00f3k m\u0171k\u00f6d\u00e9si t\u00e1mogat\u00e1s\u00e1ra beny\u00fajtott p\u00e1ly\u00e1zaton a Semmelweis Egyetem &hellip;<\/p>\n","protected":false},"author":13,"featured_media":56949,"comment_status":"closed","ping_status":"closed","sticky":false,"template":"","format":"standard","meta":{"_acf_changed":false,"footnotes":""},"categories":[154,168],"tags":[4140,156],"class_list":["post-56942","post","type-post","status-publish","format-standard","has-post-thumbnail","hentry","category-egeszseg","category-kiemelt","tag-fejlesztes","tag-gyogyitas"],"acf":[],"_links":{"self":[{"href":"https:\/\/semmelweis.hu\/hirek\/wp-json\/wp\/v2\/posts\/56942","targetHints":{"allow":["GET"]}}],"collection":[{"href":"https:\/\/semmelweis.hu\/hirek\/wp-json\/wp\/v2\/posts"}],"about":[{"href":"https:\/\/semmelweis.hu\/hirek\/wp-json\/wp\/v2\/types\/post"}],"author":[{"embeddable":true,"href":"https:\/\/semmelweis.hu\/hirek\/wp-json\/wp\/v2\/users\/13"}],"replies":[{"embeddable":true,"href":"https:\/\/semmelweis.hu\/hirek\/wp-json\/wp\/v2\/comments?post=56942"}],"version-history":[{"count":5,"href":"https:\/\/semmelweis.hu\/hirek\/wp-json\/wp\/v2\/posts\/56942\/revisions"}],"predecessor-version":[{"id":56968,"href":"https:\/\/semmelweis.hu\/hirek\/wp-json\/wp\/v2\/posts\/56942\/revisions\/56968"}],"wp:featuredmedia":[{"embeddable":true,"href":"https:\/\/semmelweis.hu\/hirek\/wp-json\/wp\/v2\/media\/56949"}],"wp:attachment":[{"href":"https:\/\/semmelweis.hu\/hirek\/wp-json\/wp\/v2\/media?parent=56942"}],"wp:term":[{"taxonomy":"category","embeddable":true,"href":"https:\/\/semmelweis.hu\/hirek\/wp-json\/wp\/v2\/categories?post=56942"},{"taxonomy":"post_tag","embeddable":true,"href":"https:\/\/semmelweis.hu\/hirek\/wp-json\/wp\/v2\/tags?post=56942"}],"curies":[{"name":"wp","href":"https:\/\/api.w.org\/{rel}","templated":true}]}}