{"id":56792,"date":"2016-12-14T17:15:52","date_gmt":"2016-12-14T16:15:52","guid":{"rendered":"http:\/\/semmelweis.hu\/hirek\/?p=56792"},"modified":"2019-04-08T15:40:22","modified_gmt":"2019-04-08T13:40:22","slug":"tamogatoi-rendezveny-az-egyetemi-uszoda-es-sportcsarnok-megepiteseert","status":"publish","type":"post","link":"https:\/\/semmelweis.hu\/hirek\/2016\/12\/14\/tamogatoi-rendezveny-az-egyetemi-uszoda-es-sportcsarnok-megepiteseert\/","title":{"rendered":"T\u00e1mogat\u00f3i rendezv\u00e9ny az egyetemi uszoda \u00e9s sportcsarnok meg\u00e9p\u00edt\u00e9s\u00e9\u00e9rt"},"content":{"rendered":"<p>T\u00f6bb mint \u00f6tven c\u00e9g k\u00e9pvisel\u0151je vett r\u00e9szt azon a rendezv\u00e9nyen, melyen a Semmelweis Egyetem bemutatta <a href=\"https:\/\/semmelweis.hu\/sportkozpont\/fejlesztesi-terveink\/\">sportfejleszt\u00e9si koncepci\u00f3j\u00e1t<\/a> a lehets\u00e9ges t\u00e1mogat\u00f3knak, illetve a t\u00e1mogat\u00e1sra lehet\u0151s\u00e9get biztos\u00edt\u00f3 ad\u00f3z\u00e1si szab\u00e1lyokat.<\/p>\n<p><a href=\"https:\/\/semmelweis.hu\/hirek\/files\/2016\/12\/RS56899_KR_20161214_0034-scr.jpg\"><img loading=\"lazy\" decoding=\"async\" class=\"alignleft size-medium wp-image-56800\" src=\"https:\/\/semmelweis.hu\/hirek\/files\/2016\/12\/RS56899_KR_20161214_0034-scr-300x200.jpg\" alt=\"rs56899_kr_20161214_0034-scr\" width=\"300\" height=\"200\" srcset=\"https:\/\/semmelweis.hu\/hirek\/files\/2016\/12\/RS56899_KR_20161214_0034-scr-300x200.jpg 300w, https:\/\/semmelweis.hu\/hirek\/files\/2016\/12\/RS56899_KR_20161214_0034-scr-768x512.jpg 768w, https:\/\/semmelweis.hu\/hirek\/files\/2016\/12\/RS56899_KR_20161214_0034-scr-600x400.jpg 600w, https:\/\/semmelweis.hu\/hirek\/files\/2016\/12\/RS56899_KR_20161214_0034-scr-450x300.jpg 450w, https:\/\/semmelweis.hu\/hirek\/files\/2016\/12\/RS56899_KR_20161214_0034-scr.jpg 950w\" sizes=\"auto, (max-width: 300px) 100vw, 300px\" \/><\/a>Dr. Sz\u00e1sz K\u00e1roly kancell\u00e1r el\u0151ad\u00e1s\u00e1ban r\u00e9szletesen ismertette a t\u00e1mogat\u00e1si konstrukci\u00f3t, melyben szavai szerint a c\u00e9gek \u00fagy tudnak seg\u00edteni az egyetemnek, hogy k\u00f6zben \u0151k is j\u00f3l j\u00e1rnak. Ennek l\u00e9nyege, hogy az egyetem rendelkezik egy v\u00edzilabda sportegyes\u00fclettel, amely a t\u00e1rsas\u00e1gi ad\u00f3r\u00f3l sz\u00f3l\u00f3 t\u00f6rv\u00e9nyben r\u00f6gz\u00edtett l\u00e1tv\u00e1ny-csapatsport t\u00e1mogat\u00e1snak a kedvezm\u00e9nyezettje lehet. \u00a0A majdani beruh\u00e1z\u00e1s keret\u00e9ben elk\u00e9sz\u00fcl\u0151 \u00e9p\u00fcletet az egyetem mint vagyonkezel\u0151 hossz\u00fa t\u00e1von t\u00e9r\u00edt\u00e9smentesen a sportszervezet haszn\u00e1lat\u00e1ba adja, amely \u2013 egy egy\u00fcttm\u0171k\u00f6d\u00e9si meg\u00e1llapod\u00e1s alapj\u00e1n \u2013 k\u00f6zfeladatk\u00e9nt sportol\u00e1si lehet\u0151s\u00e9get biztos\u00edt\u00a0a hallgat\u00f3k sz\u00e1m\u00e1ra.<\/p>\n<p><a href=\"https:\/\/semmelweis.hu\/hirek\/files\/2016\/12\/RS56921_KR_20161214_0180-scr.jpg\"><img loading=\"lazy\" decoding=\"async\" class=\"alignright size-medium wp-image-56797\" src=\"https:\/\/semmelweis.hu\/hirek\/files\/2016\/12\/RS56921_KR_20161214_0180-scr-300x200.jpg\" alt=\"rs56921_kr_20161214_0180-scr\" width=\"300\" height=\"200\" srcset=\"https:\/\/semmelweis.hu\/hirek\/files\/2016\/12\/RS56921_KR_20161214_0180-scr-300x200.jpg 300w, https:\/\/semmelweis.hu\/hirek\/files\/2016\/12\/RS56921_KR_20161214_0180-scr-768x512.jpg 768w, https:\/\/semmelweis.hu\/hirek\/files\/2016\/12\/RS56921_KR_20161214_0180-scr-600x400.jpg 600w, https:\/\/semmelweis.hu\/hirek\/files\/2016\/12\/RS56921_KR_20161214_0180-scr-450x300.jpg 450w, https:\/\/semmelweis.hu\/hirek\/files\/2016\/12\/RS56921_KR_20161214_0180-scr.jpg 950w\" sizes=\"auto, (max-width: 300px) 100vw, 300px\" \/><\/a>A kancell\u00e1r eml\u00e9keztetett arra, hogy a 10 milli\u00f3 forintos \u00e9rt\u00e9khat\u00e1rt meghalad\u00f3 beruh\u00e1z\u00e1sokn\u00e1l TAO t\u00e1mogat\u00e1sb\u00f3l ak\u00e1r a projekt 100 sz\u00e1zal\u00e9ka is finansz\u00edrozhat\u00f3.\u00a0 Mint mondta, amennyiben a t\u00e1mogat\u00e1si lehet\u0151s\u00e9gek \u00f6ssze\u00e1llnak, a folyamat k\u00f6vetkez\u0151 l\u00e9pcs\u0151je az lesz, hogy a sportegyes\u00fclet sportszakmai programot k\u00e9sz\u00edt, amelyet elk\u00fcld j\u00f3v\u00e1hagy\u00e1sra\u00a0a szaksz\u00f6vets\u00e9gnek, amely rem\u00e9nyei szerint ezt meg is teszi. Ezut\u00e1n v\u00e1lik jogosultt\u00e1 az egyetemi sportszervezet a TAO t\u00e1mogat\u00e1sok fogad\u00e1s\u00e1ra.<\/p>\n<p>A kancell\u00e1r annak a meggy\u0151z\u0151d\u00e9s\u00e9nek is hangot adott, hogy az egyetem a t\u00e1mogat\u00f3k seg\u00edts\u00e9g\u00e9vel meg tudja val\u00f3s\u00edtani a tervezett beruh\u00e1z\u00e1st.<\/p>\n<p><a href=\"https:\/\/semmelweis.hu\/hirek\/files\/2016\/12\/RS30257_KA-20150407-IMG_1176-vizi-vb-sajtotajekoztato-scr.jpg\"><img loading=\"lazy\" decoding=\"async\" class=\"alignleft size-medium wp-image-56801\" src=\"https:\/\/semmelweis.hu\/hirek\/files\/2016\/12\/RS30257_KA-20150407-IMG_1176-vizi-vb-sajtotajekoztato-scr-200x300.jpg\" alt=\"rs30257_ka-20150407-img_1176-vizi-vb-sajtotajekoztato-scr\" width=\"200\" height=\"300\" srcset=\"https:\/\/semmelweis.hu\/hirek\/files\/2016\/12\/RS30257_KA-20150407-IMG_1176-vizi-vb-sajtotajekoztato-scr-200x300.jpg 200w, https:\/\/semmelweis.hu\/hirek\/files\/2016\/12\/RS30257_KA-20150407-IMG_1176-vizi-vb-sajtotajekoztato-scr-267x400.jpg 267w, https:\/\/semmelweis.hu\/hirek\/files\/2016\/12\/RS30257_KA-20150407-IMG_1176-vizi-vb-sajtotajekoztato-scr.jpg 500w\" sizes=\"auto, (max-width: 200px) 100vw, 200px\" \/><\/a>Dr. Merkely B\u00e9la, a sportegyes\u00fclet eln\u00f6ke, az egyetem klinikai rektorhelyettese online k\u00f6zvet\u00edt\u00e9s seg\u00edts\u00e9g\u00e9vel kapcsol\u00f3dott be a rendezv\u00e9nybe, mivel az Eur\u00f3pai Kardiol\u00f3gusok T\u00e1rsas\u00e1g\u00e1nak aleln\u00f6kek\u00e9nt \u00e9ppen Nizz\u00e1ban tart\u00f3zkodik. Besz\u00e9d\u00e9ben a\u00a0megel\u0151z\u00e9s fontoss\u00e1g\u00e1ra h\u00edvta fel a figyelmet \u00e9s eml\u00e9keztetett arra, hogy a Semmelweis Egyetem adja a 2017-es budapesti vizes vil\u00e1gbajnoks\u00e1g orvosi h\u00e1tter\u00e9t. V\u00e9lem\u00e9nye szerint nagyon fontos akt\u00edv sportol\u00e1si lehet\u0151s\u00e9get biztos\u00edtani az egyetemi polg\u00e1rok, egyetemi hallgat\u00f3k sz\u00e1m\u00e1ra, mert ez befoly\u00e1solja a szakmai munk\u00e1jukat is. B\u00fcszk\u00e9k vagyunk arra, hogy a v\u00edzilabda csapat\u00a0a Semmelweis Egyetem val\u00f3ban m\u0171k\u00f6d\u0151 sportegyes\u00fclete, amelynek az edz\u00e9sein alkalmank\u00e9nt \u00f6tvenn\u00e9l is t\u00f6bb hallgat\u00f3 vesz r\u00e9szt \u2013 hangs\u00falyozta.<\/p>\n<p><a href=\"https:\/\/semmelweis.hu\/hirek\/files\/2016\/12\/RS56930_KR_20161214_0279-scr.jpg\"><img loading=\"lazy\" decoding=\"async\" class=\"alignright size-medium wp-image-56795\" src=\"https:\/\/semmelweis.hu\/hirek\/files\/2016\/12\/RS56930_KR_20161214_0279-scr-300x200.jpg\" alt=\"rs56930_kr_20161214_0279-scr\" width=\"300\" height=\"200\" srcset=\"https:\/\/semmelweis.hu\/hirek\/files\/2016\/12\/RS56930_KR_20161214_0279-scr-300x200.jpg 300w, https:\/\/semmelweis.hu\/hirek\/files\/2016\/12\/RS56930_KR_20161214_0279-scr-768x512.jpg 768w, https:\/\/semmelweis.hu\/hirek\/files\/2016\/12\/RS56930_KR_20161214_0279-scr-600x400.jpg 600w, https:\/\/semmelweis.hu\/hirek\/files\/2016\/12\/RS56930_KR_20161214_0279-scr-450x300.jpg 450w, https:\/\/semmelweis.hu\/hirek\/files\/2016\/12\/RS56930_KR_20161214_0279-scr.jpg 950w\" sizes=\"auto, (max-width: 300px) 100vw, 300px\" \/><\/a>Ezt k\u00f6vet\u0151en Drajk\u00f3 Bal\u00e1zs hatod\u00e9ves orvostanhallgat\u00f3, a sportegyes\u00fclet aleln\u00f6ke mutatta be a v\u00edzilabda klub tev\u00e9kenys\u00e9g\u00e9t \u00e9s m\u0171k\u00f6d\u00e9s\u00e9t. Felid\u00e9zte: az egyes\u00fclet\u00a0megalak\u00edt\u00e1s\u00e1nak egyr\u00e9szt az volt az oka, hogy szerett\u00e9k volna, ha l\u00e9trej\u00f6n egy hallgat\u00f3kb\u00f3l \u00e9s egyetemi dolgoz\u00f3kb\u00f3l \u00e1ll\u00f3 v\u00edzilabda csapat, m\u00e1sr\u00e9szt er\u0151s\u00edteni akart\u00e1k az egyetemi sportkult\u00far\u00e1t Magyarorsz\u00e1gon. Felsorolta a csapat eddigi eredm\u00e9nyeit is, illetve az \u00e1ltaluk szervezett torn\u00e1kat.<\/p>\n<p><a href=\"https:\/\/semmelweis.hu\/hirek\/files\/2016\/12\/RS56925_KR_20161214_0218-scr.jpg\"><img loading=\"lazy\" decoding=\"async\" class=\"alignleft size-medium wp-image-56796\" src=\"https:\/\/semmelweis.hu\/hirek\/files\/2016\/12\/RS56925_KR_20161214_0218-scr-300x200.jpg\" alt=\"rs56925_kr_20161214_0218-scr\" width=\"300\" height=\"200\" srcset=\"https:\/\/semmelweis.hu\/hirek\/files\/2016\/12\/RS56925_KR_20161214_0218-scr-300x200.jpg 300w, https:\/\/semmelweis.hu\/hirek\/files\/2016\/12\/RS56925_KR_20161214_0218-scr-768x512.jpg 768w, https:\/\/semmelweis.hu\/hirek\/files\/2016\/12\/RS56925_KR_20161214_0218-scr-600x400.jpg 600w, https:\/\/semmelweis.hu\/hirek\/files\/2016\/12\/RS56925_KR_20161214_0218-scr-450x300.jpg 450w, https:\/\/semmelweis.hu\/hirek\/files\/2016\/12\/RS56925_KR_20161214_0218-scr.jpg 950w\" sizes=\"auto, (max-width: 300px) 100vw, 300px\" \/><\/a>V\u00e1rszegi Korn\u00e9lia, az egyetem Testnevel\u00e9si \u00e9s Sportk\u00f6zpontj\u00e1nak igazgat\u00f3ja <a href=\"https:\/\/semmelweis.hu\/sportkozpont\/fejlesztesi-terveink\/a-fejlesztesi-koncepcio\/\">prezent\u00e1ci\u00f3j\u00e1ban<\/a> az egyetemi sport\u00e9letet mutatta be \u00e9s besz\u00e9lt az ezzel kapcsolatos neh\u00e9zs\u00e9gekr\u0151l is. Kiemelte: a fejleszt\u00e9s c\u00e9lja, hogy a t\u00f6bb ezer hallgat\u00f3 \u00e9s egyetemi dolgoz\u00f3 sz\u00e1m\u00e1ra b\u0151v\u00fcljenek a sportol\u00e1si lehet\u0151s\u00e9gek \u00e9s ezzel p\u00e1rhuzamosan\u00a0a jelenlegin\u00e9l t\u00f6bb sport\u00e1g is el\u00e9rhet\u0151v\u00e9 v\u00e1ljon\u00a0sz\u00e1mukra. Megjegyezte azt is, hogy szeretn\u00e9nek nagyobb figyelmet ford\u00edtani a speci\u00e1lis sz\u00fcks\u00e9glet\u0171 hallgat\u00f3k sportol\u00e1si lehet\u0151s\u00e9geire.<\/p>\n<p><a href=\"https:\/\/semmelweis.hu\/hirek\/files\/2016\/12\/RS56928_KR_20161214_0265-scr.jpg\"><img loading=\"lazy\" decoding=\"async\" class=\"wp-image-56802 size-medium alignright\" src=\"https:\/\/semmelweis.hu\/hirek\/files\/2016\/12\/RS56928_KR_20161214_0265-scr-300x200.jpg\" width=\"300\" height=\"200\" srcset=\"https:\/\/semmelweis.hu\/hirek\/files\/2016\/12\/RS56928_KR_20161214_0265-scr-300x200.jpg 300w, https:\/\/semmelweis.hu\/hirek\/files\/2016\/12\/RS56928_KR_20161214_0265-scr-768x512.jpg 768w, https:\/\/semmelweis.hu\/hirek\/files\/2016\/12\/RS56928_KR_20161214_0265-scr-600x400.jpg 600w, https:\/\/semmelweis.hu\/hirek\/files\/2016\/12\/RS56928_KR_20161214_0265-scr-450x300.jpg 450w, https:\/\/semmelweis.hu\/hirek\/files\/2016\/12\/RS56928_KR_20161214_0265-scr.jpg 950w\" sizes=\"auto, (max-width: 300px) 100vw, 300px\" \/><\/a><\/p>\n<p><a href=\"https:\/\/semmelweis.hu\/sportkozpont\/fejlesztesi-terveink\/latvanytervek\/\">Az \u00faj sportk\u00f6zpont l\u00e1tv\u00e1nyterveit<\/a> a C\u00c9H Tervez\u0151 Beruh\u00e1z\u00f3 \u00e9s Fejleszt\u0151 Zrt. aleln\u00f6ke, az \u00e9p\u00edt\u00e9szst\u00fadi\u00f3 vezet\u0151je, Annus Marina ismertette, aki elmondta, hogy k\u00fcl\u00f6n \u00f6r\u00f6m volt sz\u00e1m\u00e1ra olyan \u00e9p\u00fcleteket tervezni,\u00a0amelyeket f\u0151leg fiatalok haszn\u00e1lnak majd. Az \u00faj sportk\u00f6zpont a Z\u00e1gr\u00e1bi \u00fati sporttelepen \u00e9p\u00fclne fel, \u00e9s tartalmazna egy uszod\u00e1t, illetve egy sportcsarnokot fitnesztermekkel. Mindk\u00e9t \u00e9p\u00fclet alkalmas lenne versenyek megrendez\u00e9s\u00e9re is.<\/p>\n<p><a href=\"https:\/\/semmelweis.hu\/hirek\/files\/2016\/12\/RS56931_KR_20161214_0310-scr.jpg\"><img loading=\"lazy\" decoding=\"async\" class=\"size-medium wp-image-56794 alignleft\" src=\"https:\/\/semmelweis.hu\/hirek\/files\/2016\/12\/RS56931_KR_20161214_0310-scr-300x200.jpg\" alt=\"rs56931_kr_20161214_0310-scr\" width=\"300\" height=\"200\" srcset=\"https:\/\/semmelweis.hu\/hirek\/files\/2016\/12\/RS56931_KR_20161214_0310-scr-300x200.jpg 300w, https:\/\/semmelweis.hu\/hirek\/files\/2016\/12\/RS56931_KR_20161214_0310-scr-768x512.jpg 768w, https:\/\/semmelweis.hu\/hirek\/files\/2016\/12\/RS56931_KR_20161214_0310-scr-600x400.jpg 600w, https:\/\/semmelweis.hu\/hirek\/files\/2016\/12\/RS56931_KR_20161214_0310-scr-450x300.jpg 450w, https:\/\/semmelweis.hu\/hirek\/files\/2016\/12\/RS56931_KR_20161214_0310-scr.jpg 950w\" sizes=\"auto, (max-width: 300px) 100vw, 300px\" \/><\/a>Radnai K\u00e1roly, a SporTax P\u00e9nz\u00fcgyi Menedzsment Zrt. k\u00e9pvisel\u0151je a sportfejleszt\u00e9sek t\u00e1mogat\u00e1s\u00e1nak lehet\u0151s\u00e9geir\u0151l <a href=\"https:\/\/semmelweis.hu\/sportkozpont\/fejlesztesi-terveink\/legyen-a-tamogatonk-tao\/\">besz\u00e9lt el\u0151ad\u00e1s\u00e1ban<\/a>. Lesz\u00f6gezte: a TAO t\u00e1mogat\u00e1si konstrukci\u00f3val nemcsak az egyetem, hanem a c\u00e9gek is j\u00f3l j\u00e1rnak. Ezzel a lehet\u0151s\u00e9ggel csak azok a c\u00e9gek \u00e9lhetnek, melyek fizetnek t\u00e1rsas\u00e1gi ad\u00f3t, \u00e9s csak azok a szervezetek vehetik ig\u00e9nybe, melyeket el\u0151zetesen a sport\u00e1gi szaksz\u00f6vets\u00e9g vagy a miniszt\u00e9rium erre m\u00e9lt\u00f3nak tal\u00e1lt \u2013 ismertette az alapfelt\u00e9teleket a szak\u00e9rt\u0151.<\/p>\n<p><a href=\"https:\/\/semmelweis.hu\/hirek\/files\/2016\/12\/RS56908_KR_20161214_0075-scr.jpg\"><img loading=\"lazy\" decoding=\"async\" class=\"alignright size-medium wp-image-56798\" src=\"https:\/\/semmelweis.hu\/hirek\/files\/2016\/12\/RS56908_KR_20161214_0075-scr-300x200.jpg\" alt=\"rs56908_kr_20161214_0075-scr\" width=\"300\" height=\"200\" srcset=\"https:\/\/semmelweis.hu\/hirek\/files\/2016\/12\/RS56908_KR_20161214_0075-scr-300x200.jpg 300w, https:\/\/semmelweis.hu\/hirek\/files\/2016\/12\/RS56908_KR_20161214_0075-scr-768x512.jpg 768w, https:\/\/semmelweis.hu\/hirek\/files\/2016\/12\/RS56908_KR_20161214_0075-scr-600x400.jpg 600w, https:\/\/semmelweis.hu\/hirek\/files\/2016\/12\/RS56908_KR_20161214_0075-scr-450x300.jpg 450w, https:\/\/semmelweis.hu\/hirek\/files\/2016\/12\/RS56908_KR_20161214_0075-scr.jpg 950w\" sizes=\"auto, (max-width: 300px) 100vw, 300px\" \/><\/a>T\u00e1j\u00e9koztat\u00e1sa szerint a szervezetek t\u00e1mogat\u00e1s\u00e1ra alapvet\u0151en k\u00e9t megold\u00e1s van. Mint mondta, a c\u00e9gek sz\u00e1m\u00e1ra az egyik lehet\u0151s\u00e9g az, hogy a t\u00e1rsas\u00e1gi ad\u00f3 legfeljebb hetven sz\u00e1zal\u00e9k\u00e1t sport\u00e1gi szaksz\u00f6vets\u00e9g \u00fatj\u00e1n felaj\u00e1nlj\u00e1k valamely erre jogosult szervezetnek \u00e9s \u00edgy k\u00e9tszer sz\u00e1molhatj\u00e1k el ezt az \u00f6sszeget: egyr\u00e9szt k\u00f6lts\u00e9gk\u00e9nt, ami cs\u00f6kkenti az ad\u00f3alapot, m\u00e1sr\u00e9szt a fizetend\u0151 ad\u00f3b\u00f3l is levonhatj\u00e1k. A szervezeteknek csak szaksz\u00f6vets\u00e9gi t\u00e1mogat\u00e1si igazol\u00e1s \u00e9s a c\u00e9ggel k\u00f6t\u00f6tt t\u00e1mogat\u00e1si meg\u00e1llapod\u00e1s birtok\u00e1ban utalhat\u00f3 p\u00e9nz, amit be kell jelenteni az ad\u00f3hivatalnak is \u2013 tette hozz\u00e1.<\/p>\n<p>A m\u00e1sik lehet\u0151s\u00e9g, v\u00e9lem\u00e9nye szerint egyszer\u0171bben kivitelezhet\u0151 megold\u00e1s. Ebben az esetben a c\u00e9g a NAV fel\u00e9 rendelkezhet arr\u00f3l, hogy a befizetett t\u00e1rsas\u00e1gi ad\u00f3j\u00e1val mi t\u00f6rt\u00e9njen, hasonl\u00f3an, mint az 1+1 sz\u00e1zal\u00e9kos ad\u00f3felaj\u00e1nl\u00e1sok eset\u00e9ben. A felaj\u00e1nlhat\u00f3 ar\u00e1ny itt 10 sz\u00e1zal\u00e9kkal t\u00f6bb, mint a m\u00e1sik v\u00e1ltozatn\u00e1l, vagyis a t\u00e1rsas\u00e1gi ad\u00f3 80 sz\u00e1zal\u00e9ka. Fontos az is, hogy ez a megold\u00e1s nem rontja a t\u00e1rsas\u00e1gok ad\u00f3z\u00e1s el\u0151tti m\u00e9rleg\u00e9t \u2013 f\u0171zte\u00a0hozz\u00e1. <a href=\"https:\/\/semmelweis.hu\/hirek\/files\/2016\/12\/RS56898_KR_20161214_0018-scr.jpg\"><img loading=\"lazy\" decoding=\"async\" class=\"size-medium wp-image-56799 alignleft\" src=\"https:\/\/semmelweis.hu\/hirek\/files\/2016\/12\/RS56898_KR_20161214_0018-scr-300x200.jpg\" alt=\"rs56898_kr_20161214_0018-scr\" width=\"300\" height=\"200\" srcset=\"https:\/\/semmelweis.hu\/hirek\/files\/2016\/12\/RS56898_KR_20161214_0018-scr-300x200.jpg 300w, https:\/\/semmelweis.hu\/hirek\/files\/2016\/12\/RS56898_KR_20161214_0018-scr-768x512.jpg 768w, https:\/\/semmelweis.hu\/hirek\/files\/2016\/12\/RS56898_KR_20161214_0018-scr-600x400.jpg 600w, https:\/\/semmelweis.hu\/hirek\/files\/2016\/12\/RS56898_KR_20161214_0018-scr-450x300.jpg 450w, https:\/\/semmelweis.hu\/hirek\/files\/2016\/12\/RS56898_KR_20161214_0018-scr.jpg 950w\" sizes=\"auto, (max-width: 300px) 100vw, 300px\" \/><\/a>A felt\u00e9telek k\u00f6zt viszont ugyan\u00fagy szerepel, hogy a szervezetek csak szaksz\u00f6vets\u00e9gi t\u00e1mogat\u00e1si igazol\u00e1s \u00e9s a c\u00e9ggel k\u00f6t\u00f6tt t\u00e1mogat\u00e1si meg\u00e1llapod\u00e1s birtok\u00e1ban kaphatnak ilyen t\u00e1mogat\u00e1st.<\/p>\n<p>Dr. Sz\u00e1sz K\u00e1roly a rendezv\u00e9ny z\u00e1r\u00e1sak\u00e9nt azt k\u00e9rte a c\u00e9gek k\u00e9pvisel\u0151it\u0151l, hogy ha van r\u00e1 lehet\u0151s\u00e9g\u00fck, t\u00e1mogass\u00e1k az egyetem sportc\u00e9l\u00fa fejleszt\u00e9s\u00e9t. Csak akkor tudunk belev\u00e1gni a fejleszt\u00e9sbe, ha kell\u0151 sz\u00e1m\u00fa \u00e9s \u00e9rt\u00e9k\u0171 t\u00e1mogat\u00f3i felaj\u00e1nl\u00e1s \u00e9rkezik. Hiszek abban, hogy ez siker\u00fcl \u2013 fogalmazott.<\/p>\n<p>T\u00f3th-Szab\u00f3 Szilvia<br \/>\n Fot\u00f3: Karancsi Rudolf<\/p>\n","protected":false},"excerpt":{"rendered":"<p>T\u00f6bb mint \u00f6tven c\u00e9g k\u00e9pvisel\u0151je vett r\u00e9szt azon a rendezv\u00e9nyen, melyen a Semmelweis Egyetem bemutatta <a href=\"https:\/\/semmelweis.hu\/sportkozpont\/fejlesztesi-terveink\/\">sportfejleszt\u00e9si koncepci\u00f3j\u00e1t<\/a> a lehets\u00e9ges t\u00e1mogat\u00f3knak, illetve a t\u00e1mogat\u00e1sra lehet\u0151s\u00e9get biztos\u00edt\u00f3 ad\u00f3z\u00e1si szab\u00e1lyokat. <a href=\"https:\/\/semmelweis.hu\/hirek\/files\/2016\/12\/RS56899_KR_20161214_0034-scr.jpg\"><\/a> Dr. Sz\u00e1sz K\u00e1roly kancell\u00e1r el\u0151ad\u00e1s\u00e1ban r\u00e9szletesen ismertette a t\u00e1mogat\u00e1si konstrukci\u00f3t, melyben szavai szerint a c\u00e9gek \u00fagy tudnak seg\u00edteni az egyetemnek, hogy k\u00f6zben \u0151k is j\u00f3l j\u00e1rnak. Ennek l\u00e9nyege, hogy az &hellip;<\/p>\n","protected":false},"author":11,"featured_media":56799,"comment_status":"closed","ping_status":"closed","sticky":false,"template":"","format":"standard","meta":{"_acf_changed":false,"footnotes":""},"categories":[157,168],"tags":[4234,345,3365],"class_list":["post-56792","post","type-post","status-publish","format-standard","has-post-thumbnail","hentry","category-semmelweis-vilag","category-kiemelt","tag-aktualitasok","tag-esemenyek-es-beszamolok","tag-kancellar-hirei"],"acf":[],"_links":{"self":[{"href":"https:\/\/semmelweis.hu\/hirek\/wp-json\/wp\/v2\/posts\/56792","targetHints":{"allow":["GET"]}}],"collection":[{"href":"https:\/\/semmelweis.hu\/hirek\/wp-json\/wp\/v2\/posts"}],"about":[{"href":"https:\/\/semmelweis.hu\/hirek\/wp-json\/wp\/v2\/types\/post"}],"author":[{"embeddable":true,"href":"https:\/\/semmelweis.hu\/hirek\/wp-json\/wp\/v2\/users\/11"}],"replies":[{"embeddable":true,"href":"https:\/\/semmelweis.hu\/hirek\/wp-json\/wp\/v2\/comments?post=56792"}],"version-history":[{"count":10,"href":"https:\/\/semmelweis.hu\/hirek\/wp-json\/wp\/v2\/posts\/56792\/revisions"}],"predecessor-version":[{"id":56843,"href":"https:\/\/semmelweis.hu\/hirek\/wp-json\/wp\/v2\/posts\/56792\/revisions\/56843"}],"wp:featuredmedia":[{"embeddable":true,"href":"https:\/\/semmelweis.hu\/hirek\/wp-json\/wp\/v2\/media\/56799"}],"wp:attachment":[{"href":"https:\/\/semmelweis.hu\/hirek\/wp-json\/wp\/v2\/media?parent=56792"}],"wp:term":[{"taxonomy":"category","embeddable":true,"href":"https:\/\/semmelweis.hu\/hirek\/wp-json\/wp\/v2\/categories?post=56792"},{"taxonomy":"post_tag","embeddable":true,"href":"https:\/\/semmelweis.hu\/hirek\/wp-json\/wp\/v2\/tags?post=56792"}],"curies":[{"name":"wp","href":"https:\/\/api.w.org\/{rel}","templated":true}]}}