{"id":56783,"date":"2016-12-14T16:01:25","date_gmt":"2016-12-14T15:01:25","guid":{"rendered":"http:\/\/semmelweis.hu\/hirek\/?p=56783"},"modified":"2018-02-06T11:43:41","modified_gmt":"2018-02-06T10:43:41","slug":"a-piros-orr-bohocdoktorok-alapitvany-20-eve-gyogyit-a-nevetes-erejevel","status":"publish","type":"post","link":"https:\/\/semmelweis.hu\/hirek\/2016\/12\/14\/a-piros-orr-bohocdoktorok-alapitvany-20-eve-gyogyit-a-nevetes-erejevel\/","title":{"rendered":"A Piros Orr Boh\u00f3cdoktorok Alap\u00edtv\u00e1ny 20 \u00e9ve gy\u00f3gy\u00edt a nevet\u00e9s erej\u00e9vel"},"content":{"rendered":"<p>20 \u00e9vvel ezel\u0151tt, 1996 december\u00e9ben \u2013 Mikul\u00e1s napj\u00e1n \u2013\u00a0 a Piros Orr Boh\u00f3cdoktorok Alap\u00edtv\u00e1ny \u00fcd\u00edt\u0151 sz\u00ednfoltot vitt a hazai orvosl\u00e1sba. Ekkor kezd\u0151dtek meg a boh\u00f3cdoktori vizitek a Semmelweis Egyetem I. Sz. Gyermekgy\u00f3gy\u00e1szati Klinik\u00e1n. Az Alap\u00edtv\u00e1ny indul\u00e1sa \u00e9s sikert\u00f6rt\u00e9nete egybeforrt a B\u00f3kay utcai int\u00e9zm\u00e9nnyel, mivel els\u0151k\u00e9nt szavaztak bizalmat a gy\u00f3gy\u00edt\u00f3 nevet\u00e9snek.<\/p>\n<p><a href=\"https:\/\/semmelweis.hu\/hirek\/files\/2016\/12\/Piros_Orr_Boh\u00f3cdoktorok_Alap\u00edtv\u00e1ny_20_\u00e9ves_04.jpg\"><img loading=\"lazy\" decoding=\"async\" class=\"alignright size-medium wp-image-56786\" src=\"https:\/\/semmelweis.hu\/hirek\/files\/2016\/12\/Piros_Orr_Boh\u00f3cdoktorok_Alap\u00edtv\u00e1ny_20_\u00e9ves_04-300x200.jpg\" alt=\"piros_orr_bohocdoktorok_alapitvany_20_eves_04\" width=\"300\" height=\"200\" srcset=\"https:\/\/semmelweis.hu\/hirek\/files\/2016\/12\/Piros_Orr_Boh\u00f3cdoktorok_Alap\u00edtv\u00e1ny_20_\u00e9ves_04-300x200.jpg 300w, https:\/\/semmelweis.hu\/hirek\/files\/2016\/12\/Piros_Orr_Boh\u00f3cdoktorok_Alap\u00edtv\u00e1ny_20_\u00e9ves_04-600x400.jpg 600w, https:\/\/semmelweis.hu\/hirek\/files\/2016\/12\/Piros_Orr_Boh\u00f3cdoktorok_Alap\u00edtv\u00e1ny_20_\u00e9ves_04-450x300.jpg 450w, https:\/\/semmelweis.hu\/hirek\/files\/2016\/12\/Piros_Orr_Boh\u00f3cdoktorok_Alap\u00edtv\u00e1ny_20_\u00e9ves_04.jpg 640w\" sizes=\"auto, (max-width: 300px) 100vw, 300px\" \/><\/a>A sz\u00fclet\u00e9snapot az Alap\u00edtv\u00e1ny \u00fcgyvezet\u0151 igazgat\u00f3ja, R\u00e9kay \u00c1gnes nyitotta meg, \u00e9s besz\u00e9d\u00e9ben k\u00f6sz\u00f6netet mondott a Klinika vezet\u00e9s\u00e9nek \u00e9s gy\u00f3gy\u00edt\u00f3 st\u00e1bj\u00e1nak. Kiemelte tov\u00e1bb\u00e1 az I. Sz. Gyermekgy\u00f3gy\u00e1szati Klinika kor\u00e1bbi vezet\u0151je, dr. Tulassay Tivadar rector emeritus \u201eb\u00e1tor\u201d t\u00e1mogat\u00e1s\u00e1t, hiszen a kilencvenes \u00e9vekben szokatlan \u00faj\u00edt\u00e1sk\u00e9nt hatott a boh\u00f3cdoktorok beenged\u00e9se egy klinika feh\u00e9r falai k\u00f6z\u00e9. A m\u00e9ltat\u00e1sban k\u00fcl\u00f6n megeml\u00edtette, hogy dr. Cserh\u00e1ti Endre k\u00e9t \u00e9vtizede t\u00f6retlen\u00fcl p\u00e1rtfogolja a boh\u00f3cdoktorok munk\u00e1j\u00e1t. A z\u00e1rtk\u00f6r\u0171 \u00e9s fesztelen \u00f6sszej\u00f6vetelen a boh\u00f3cdoktorok \u00e9s az orvosok k\u00f6z\u00fcl is t\u00f6bben voltak, akik t\u00e1mogatt\u00e1k a 20 \u00e9vvel ezel\u0151tti indul\u00e1st, \u00e9s a mai napig akt\u00edvan seg\u00edtik a boh\u00f3cdoktorok hazai munk\u00e1j\u00e1t.<\/p>\n<p>Az alap\u00edtv\u00e1ny 27 speci\u00e1lisan k\u00e9pzett el\u0151ad\u00f3m\u0171v\u00e9sze jelenleg 13 gyermekk\u00f3rh\u00e1zban \u00e9s 3 id\u0151sotthonban dolgozik, \u00e9s \u00e9vente k\u00f6zel ezer alkalommal viszik el a gy\u00f3gy\u00edt\u00f3 nevet\u00e9st. A szervezet kezdetek \u00f3ta t\u00f6rekedett az orsz\u00e1gos jelenl\u00e9tre, Budapesten k\u00edv\u00fcl 5 vid\u00e9ki v\u00e1rosban \u2013 Gy\u0151rben, Miskolcon, P\u00e9csett, Ny\u00edregyh\u00e1z\u00e1n, \u00e9s T\u00f6r\u00f6kb\u00e1linton \u2013 is heti rendszeress\u00e9ggel l\u00e1togatj\u00e1k a gyermekgy\u00f3gy\u00e1szati int\u00e9zm\u00e9nyeket.<\/p>\n<p><a href=\"https:\/\/semmelweis.hu\/hirek\/files\/2016\/12\/Piros_Orr_Boh\u00f3cdoktorok_Alap\u00edtv\u00e1ny_20_\u00e9ves_01.jpg\"><img loading=\"lazy\" decoding=\"async\" class=\"alignleft size-medium wp-image-56787\" src=\"https:\/\/semmelweis.hu\/hirek\/files\/2016\/12\/Piros_Orr_Boh\u00f3cdoktorok_Alap\u00edtv\u00e1ny_20_\u00e9ves_01-300x200.jpg\" alt=\"piros_orr_bohocdoktorok_alapitvany_20_eves_01\" width=\"300\" height=\"200\" srcset=\"https:\/\/semmelweis.hu\/hirek\/files\/2016\/12\/Piros_Orr_Boh\u00f3cdoktorok_Alap\u00edtv\u00e1ny_20_\u00e9ves_01-300x200.jpg 300w, https:\/\/semmelweis.hu\/hirek\/files\/2016\/12\/Piros_Orr_Boh\u00f3cdoktorok_Alap\u00edtv\u00e1ny_20_\u00e9ves_01-600x400.jpg 600w, https:\/\/semmelweis.hu\/hirek\/files\/2016\/12\/Piros_Orr_Boh\u00f3cdoktorok_Alap\u00edtv\u00e1ny_20_\u00e9ves_01-450x300.jpg 450w, https:\/\/semmelweis.hu\/hirek\/files\/2016\/12\/Piros_Orr_Boh\u00f3cdoktorok_Alap\u00edtv\u00e1ny_20_\u00e9ves_01.jpg 640w\" sizes=\"auto, (max-width: 300px) 100vw, 300px\" \/><\/a>A vizit\u00e1l\u00f3 boh\u00f3cdoktorok humorral, nevet\u00e9ssel, \u00e9s k\u00f6z\u00f6s j\u00e1t\u00e9kkal oldj\u00e1k fel a speci\u00e1lis helyzet okozta szorong\u00e1st \u00e9s lehangolts\u00e1got. A nevet\u00e9s sokoldal\u00fa j\u00f3t\u00e9kony \u00e9lettani hat\u00e1sai m\u00e1ra m\u00e1r k\u00f6zismertek: az emelked\u0151 endorfintermel\u0151d\u00e9s, \u00e9s az ellen\u00e1ll\u00f3bb\u00e1 v\u00e1l\u00f3 immunrendszer mind nagyban hozz\u00e1j\u00e1rul a betegek gy\u00f3gyul\u00e1s\u00e1hoz. Ugyanilyen fontos a boh\u00f3cdoktori vizitek kedvez\u0151 l\u00e9lektani \u00e9s szoci\u00e1lis hat\u00e1sa: a gyermekek \u00f6r\u00f6mteli, kreat\u00edv k\u00f6z\u00f6ss\u00e9gi \u00e9lm\u00e9nyekhez jutnak az olykor h\u00f3napokig elh\u00faz\u00f3d\u00f3 kezel\u00e9sek sor\u00e1n. Am\u00edg a betegs\u00e9g elszigeteli a gyermekeket a kapcsolatait\u00f3l, addig a boh\u00f3cdoktorok a sz\u00ednes k\u00fclvil\u00e1got \u00e9s a felszabadults\u00e1got jelentik sz\u00e1mukra.<\/p>\n<p>A boh\u00f3cdoktorok felel\u0151ss\u00e9gteljes munk\u00e1jukra rendszeres sz\u00edn\u00e9szi, pszichol\u00f3giai \u00e9s kommunik\u00e1ci\u00f3s tr\u00e9ninggel k\u00e9sz\u00fclnek, de az alapk\u00e9pz\u00e9s sor\u00e1n szociol\u00f3giai \u00e9s eg\u00e9szs\u00e9g\u00fcgyi k\u00e9pz\u00e9st is kapnak. A boh\u00f3cdoktori vizit menet\u00e9t tekintve, minden alkalommal ketten \u00e9rkeznek az adott int\u00e9zm\u00e9nybe, \u00e1t\u00f6lt\u00f6znek \u00e9s felk\u00e9sz\u00fclnek a k\u00f6z\u00f6s munk\u00e1ra. L\u00e1togat\u00e1suk el\u0151tt az \u00e1pol\u00f3szem\u00e9lyzett\u0151l t\u00e1j\u00e9koz\u00f3dnak a betegekr\u0151l. A k\u00e9pzett el\u0151ad\u00f3m\u0171v\u00e9szek m\u00e1r a k\u00f3rh\u00e1zi folyos\u00f3n gondoskodnak a vid\u00e1ms\u00e1gr\u00f3l. Ahogy bel\u00e9pnek a k\u00f3rterembe, a boh\u00f3cdoktoroknak a m\u00e1sodperc t\u00f6red\u00e9ke alatt kell alkalmazkodniuk a pillanatnyi helyzethez: milyen a hangulat, mekkor\u00e1k a gyerekek \u00e9s milyen az \u00e1llapotuk, esetleg van-e l\u00e1togat\u00f3 valakin\u00e9l, akit be lehet vonni a nevet\u00e9sbe.<\/p>\n<p><a href=\"https:\/\/semmelweis.hu\/hirek\/files\/2016\/12\/Piros_Orr_Boh\u00f3cdoktorok_Alap\u00edtv\u00e1ny_20_\u00e9ves_02.jpg\"><img loading=\"lazy\" decoding=\"async\" class=\"alignright size-medium wp-image-56784\" src=\"https:\/\/semmelweis.hu\/hirek\/files\/2016\/12\/Piros_Orr_Boh\u00f3cdoktorok_Alap\u00edtv\u00e1ny_20_\u00e9ves_02-300x300.jpg\" alt=\"piros_orr_bohocdoktorok_alapitvany_20_eves_02\" width=\"300\" height=\"300\" srcset=\"https:\/\/semmelweis.hu\/hirek\/files\/2016\/12\/Piros_Orr_Boh\u00f3cdoktorok_Alap\u00edtv\u00e1ny_20_\u00e9ves_02-300x300.jpg 300w, https:\/\/semmelweis.hu\/hirek\/files\/2016\/12\/Piros_Orr_Boh\u00f3cdoktorok_Alap\u00edtv\u00e1ny_20_\u00e9ves_02-150x150.jpg 150w, https:\/\/semmelweis.hu\/hirek\/files\/2016\/12\/Piros_Orr_Boh\u00f3cdoktorok_Alap\u00edtv\u00e1ny_20_\u00e9ves_02-768x768.jpg 768w, https:\/\/semmelweis.hu\/hirek\/files\/2016\/12\/Piros_Orr_Boh\u00f3cdoktorok_Alap\u00edtv\u00e1ny_20_\u00e9ves_02-400x400.jpg 400w, https:\/\/semmelweis.hu\/hirek\/files\/2016\/12\/Piros_Orr_Boh\u00f3cdoktorok_Alap\u00edtv\u00e1ny_20_\u00e9ves_02-600x600.jpg 600w, https:\/\/semmelweis.hu\/hirek\/files\/2016\/12\/Piros_Orr_Boh\u00f3cdoktorok_Alap\u00edtv\u00e1ny_20_\u00e9ves_02-75x75.jpg 75w, https:\/\/semmelweis.hu\/hirek\/files\/2016\/12\/Piros_Orr_Boh\u00f3cdoktorok_Alap\u00edtv\u00e1ny_20_\u00e9ves_02-140x140.jpg 140w, https:\/\/semmelweis.hu\/hirek\/files\/2016\/12\/Piros_Orr_Boh\u00f3cdoktorok_Alap\u00edtv\u00e1ny_20_\u00e9ves_02-50x50.jpg 50w, https:\/\/semmelweis.hu\/hirek\/files\/2016\/12\/Piros_Orr_Boh\u00f3cdoktorok_Alap\u00edtv\u00e1ny_20_\u00e9ves_02-144x144.jpg 144w, https:\/\/semmelweis.hu\/hirek\/files\/2016\/12\/Piros_Orr_Boh\u00f3cdoktorok_Alap\u00edtv\u00e1ny_20_\u00e9ves_02-90x90.jpg 90w, https:\/\/semmelweis.hu\/hirek\/files\/2016\/12\/Piros_Orr_Boh\u00f3cdoktorok_Alap\u00edtv\u00e1ny_20_\u00e9ves_02.jpg 1296w\" sizes=\"auto, (max-width: 300px) 100vw, 300px\" \/><\/a>Besz\u00e9des \u00e9s \u00f6r\u00f6mteli adat, miszerint a boh\u00f3cdoktorok 20 \u00e9v alatt t\u00f6bb mint 300 ezer beteg gyermek arc\u00e1ra var\u00e1zsoltak mosolyt, ez\u00e1ltal is t\u00e1mogatva a fel\u00e9p\u00fcl\u00e9s\u00fcket. T\u00edz \u00e9ve az alap\u00edtv\u00e1ny n\u00e9h\u00e1ny f\u0151v\u00e1rosi id\u0151sotthont is felvett a megl\u00e1togatand\u00f3 int\u00e9zm\u00e9nyek list\u00e1j\u00e1ra, hiszen azt ott lak\u00f3knak legal\u00e1bb akkora sz\u00fcks\u00e9g\u00fck van a mosolyra, a vid\u00e1ms\u00e1gra, mint a beteg gyerekeknek. Rendszeresen l\u00e1togatj\u00e1k a F\u0151v\u00e1rosi \u00d6nkorm\u00e1nyzat D\u00f3zsa Gy\u00f6rgy \u00fati Id\u0151sek Otthon\u00e1t, a R\u00f3zsa utcai \u00e9s az Alacskai \u00fati Id\u0151sek Otthon\u00e1t. A speci\u00e1lis helyzet\u0171 gyermekek sz\u00e1m\u00e1ra l\u00e9trehozott ZeneKarav\u00e1n program keret\u00e9n bel\u00fcl a boh\u00f3cdoktorok olyan gy\u00f3gy\u00edt\u00f3- \u00e9s tanint\u00e9zm\u00e9nyeket keresnek fel, ahol ment\u00e1lisan \u00e9s halmozottan s\u00e9r\u00fclt, speci\u00e1lis t\u00f6r\u0151d\u00e9st ig\u00e9nyl\u0151 gyermekek vannak. A h\u00e1rom boh\u00f3cb\u00f3l \u00e1ll\u00f3 vid\u00e1m zenekar nagy figyelmet ford\u00edt a k\u00f6z\u00f6ns\u00e9g befogad\u00f3k\u00e9pess\u00e9g\u00e9re \u00e9s \u00e9ppen aktu\u00e1lis \u00e9rzelmi reakci\u00f3j\u00e1ra, s ezt figyelembe v\u00e9ve alak\u00edtj\u00e1k el\u0151ad\u00e1sukat: zen\u00e9vel, sz\u00ednes kell\u00e9kekkel, hangszerekkel \u00e9s term\u00e9szetesen boh\u00f3cj\u00e1t\u00e9kkal.<\/p>\n<p>Michael Christensen, New York-i boh\u00f3c hozta l\u00e9tre 1986-ban az els\u0151 k\u00f3rh\u00e1zi \u201eBoh\u00f3cter\u00e1pia r\u00e9szleget\u201d. Az \u00f6tlet akkor jutott esz\u00e9be, mikor beteg testv\u00e9r\u00e9t l\u00e1togatta a k\u00f3rh\u00e1zban. Ma m\u00e1r a vil\u00e1g sz\u00e1mos orsz\u00e1g\u00e1ban m\u0171k\u00f6dik hasonl\u00f3 tev\u00e9kenys\u00e9g. A magyarorsz\u00e1gi Piros Orr Alap\u00edtv\u00e1nyt 1996-ban alap\u00edtotta az osztr\u00e1k Rote Nasen szervezet. Mivel a boh\u00f3cdoktors\u00e1g vil\u00e1gszerte egyre n\u00e9pszer\u0171bb \u00e9s komolyabb r\u00e9szt v\u00e1llal az eg\u00e9szs\u00e9g\u00fcgyben, az Alap\u00edtv\u00e1ny 2004-ben partnerk\u00e9nt csatlakozott a Red Noses International &#8211; Nemzetk\u00f6zi Piros Orr Szervezethez. Az erny\u0151szervezet tov\u00e1bbi partner orsz\u00e1gai: Ausztria, Csehorsz\u00e1g, Horv\u00e1torsz\u00e1g Lengyelorsz\u00e1g, Litv\u00e1nia, N\u00e9metorsz\u00e1g, Palesztina, Szlov\u00e1kia \u00e9s Szlov\u00e9nia.<\/p>\n<p><a href=\"https:\/\/semmelweis.hu\/hirek\/files\/2016\/12\/Piros_Orr_Boh\u00f3cdoktorok_Alap\u00edtv\u00e1ny_20_\u00e9ves_03.jpg\"><img loading=\"lazy\" decoding=\"async\" class=\"alignleft size-medium wp-image-56785\" src=\"https:\/\/semmelweis.hu\/hirek\/files\/2016\/12\/Piros_Orr_Boh\u00f3cdoktorok_Alap\u00edtv\u00e1ny_20_\u00e9ves_03-300x200.jpg\" alt=\"piros_orr_bohocdoktorok_alapitvany_20_eves_03\" width=\"300\" height=\"200\" srcset=\"https:\/\/semmelweis.hu\/hirek\/files\/2016\/12\/Piros_Orr_Boh\u00f3cdoktorok_Alap\u00edtv\u00e1ny_20_\u00e9ves_03-300x200.jpg 300w, https:\/\/semmelweis.hu\/hirek\/files\/2016\/12\/Piros_Orr_Boh\u00f3cdoktorok_Alap\u00edtv\u00e1ny_20_\u00e9ves_03-600x400.jpg 600w, https:\/\/semmelweis.hu\/hirek\/files\/2016\/12\/Piros_Orr_Boh\u00f3cdoktorok_Alap\u00edtv\u00e1ny_20_\u00e9ves_03-450x300.jpg 450w, https:\/\/semmelweis.hu\/hirek\/files\/2016\/12\/Piros_Orr_Boh\u00f3cdoktorok_Alap\u00edtv\u00e1ny_20_\u00e9ves_03.jpg 640w\" sizes=\"auto, (max-width: 300px) 100vw, 300px\" \/><\/a>A Magyar Gyermekorvosok T\u00e1rsas\u00e1g\u00e1nak vezet\u0151s\u00e9ge a 2002. \u00e9vi Heim P\u00e1l eml\u00e9k\u00e9rm\u00e9t a Piros Orr Alap\u00edtv\u00e1nynak \u00edt\u00e9lte oda. Az alap\u00edtv\u00e1ny a m\u00e1sodik volt, amely megkapta ezt a megtisztel\u0151 kit\u00fcntet\u00e9st. Sz\u00e1mos tov\u00e1bbi elismer\u00e9s k\u00f6z\u00f6tt a Budapest\u00e9rt d\u00edj, illetve Effie d\u00edj birtokosa.<\/p>\n<p>A boh\u00f3cdoktorok m\u0171v\u00e9szet\u00e9nek az a titka, hogy t\u00e1voz\u00e1sukkor a beteg gyerekek sz\u00edv\u00e9ben ott hagyj\u00e1k a k\u00e9pzel\u0151er\u0151 \u00e9s az \u00e9let\u00f6r\u00f6m szikr\u00e1it. Az alap\u00edtv\u00e1ny c\u00e9lja, hogy min\u00e9l t\u00f6bb gyermek \u00e9s feln\u0151tt \u00e9let\u00e9be \u00a0vigyen vid\u00e1ms\u00e1got \u00e9s nevet\u00e9st. Tov\u00e1bb\u00e1, hogy boh\u00f3cdoktorai szakmai felk\u00e9sz\u00fclts\u00e9g\u00fckkel \u00e9s egyedi megk\u00f6zel\u00edt\u00e9s\u00fckkel n\u00e9lk\u00fcl\u00f6zhetetlen t\u00e1mogat\u00e1st ny\u00fajtsanak az orvosoknak \u00e9s n\u0151v\u00e9reknek gy\u00f3gy\u00edt\u00f3 munk\u00e1juk sor\u00e1n. Az alap\u00edtv\u00e1ny 20 \u00e9vvel ezel\u0151tt \u00faj\u00edt\u00f3 megk\u00f6zel\u00edt\u00e9s\u00e9vel \u00fcde sz\u00ednt vitt a hazai gy\u00f3gy\u00edt\u00e1sba. Ma m\u00e1r senki sem vitatja, hogy az \u00f6nfeledt j\u00e1t\u00e9knak \u00e9s m\u00f3k\u00e1nak \u00a0helye van a gy\u00f3gy\u00edt\u00e1sban. A fejl\u0151d\u00e9s folyamatos, \u00a0id\u00e9n tov\u00e1bb b\u0151v\u00fcl a boh\u00f3cdoktor csapat \u00e9s j\u00f6v\u0151re \u00fajabb k\u00f3rh\u00e1zakban kezdik meg a rendszeres viziteket.<\/p>\n<p>Forr\u00e1s: Piros Orr Boh\u00f3cdoktorok Alap\u00edtv\u00e1ny<\/p>\n","protected":false},"excerpt":{"rendered":"<p>20 \u00e9vvel ezel\u0151tt, 1996 december\u00e9ben \u2013 Mikul\u00e1s napj\u00e1n \u2013\u00a0 a Piros Orr Boh\u00f3cdoktorok Alap\u00edtv\u00e1ny \u00fcd\u00edt\u0151 sz\u00ednfoltot vitt a hazai orvosl\u00e1sba. Ekkor kezd\u0151dtek meg a boh\u00f3cdoktori vizitek a Semmelweis Egyetem I. Sz. Gyermekgy\u00f3gy\u00e1szati Klinik\u00e1n. Az Alap\u00edtv\u00e1ny indul\u00e1sa \u00e9s sikert\u00f6rt\u00e9nete egybeforrt a B\u00f3kay utcai int\u00e9zm\u00e9nnyel, mivel els\u0151k\u00e9nt szavaztak bizalmat a gy\u00f3gy\u00edt\u00f3 nevet\u00e9snek. <a href=\"https:\/\/semmelweis.hu\/hirek\/files\/2016\/12\/Piros_Orr_Boh\u00f3cdoktorok_Alap\u00edtv\u00e1ny_20_\u00e9ves_04.jpg\"><\/a> A sz\u00fclet\u00e9snapot az Alap\u00edtv\u00e1ny \u00fcgyvezet\u0151 &hellip;<\/p>\n","protected":false},"author":101132,"featured_media":56787,"comment_status":"closed","ping_status":"closed","sticky":false,"template":"","format":"standard","meta":{"_acf_changed":false,"footnotes":""},"categories":[154,168],"tags":[156,3895],"class_list":["post-56783","post","type-post","status-publish","format-standard","has-post-thumbnail","hentry","category-egeszseg","category-kiemelt","tag-gyogyitas","tag-jotekonysag"],"acf":[],"_links":{"self":[{"href":"https:\/\/semmelweis.hu\/hirek\/wp-json\/wp\/v2\/posts\/56783","targetHints":{"allow":["GET"]}}],"collection":[{"href":"https:\/\/semmelweis.hu\/hirek\/wp-json\/wp\/v2\/posts"}],"about":[{"href":"https:\/\/semmelweis.hu\/hirek\/wp-json\/wp\/v2\/types\/post"}],"author":[{"embeddable":true,"href":"https:\/\/semmelweis.hu\/hirek\/wp-json\/wp\/v2\/users\/101132"}],"replies":[{"embeddable":true,"href":"https:\/\/semmelweis.hu\/hirek\/wp-json\/wp\/v2\/comments?post=56783"}],"version-history":[{"count":4,"href":"https:\/\/semmelweis.hu\/hirek\/wp-json\/wp\/v2\/posts\/56783\/revisions"}],"predecessor-version":[{"id":56791,"href":"https:\/\/semmelweis.hu\/hirek\/wp-json\/wp\/v2\/posts\/56783\/revisions\/56791"}],"wp:featuredmedia":[{"embeddable":true,"href":"https:\/\/semmelweis.hu\/hirek\/wp-json\/wp\/v2\/media\/56787"}],"wp:attachment":[{"href":"https:\/\/semmelweis.hu\/hirek\/wp-json\/wp\/v2\/media?parent=56783"}],"wp:term":[{"taxonomy":"category","embeddable":true,"href":"https:\/\/semmelweis.hu\/hirek\/wp-json\/wp\/v2\/categories?post=56783"},{"taxonomy":"post_tag","embeddable":true,"href":"https:\/\/semmelweis.hu\/hirek\/wp-json\/wp\/v2\/tags?post=56783"}],"curies":[{"name":"wp","href":"https:\/\/api.w.org\/{rel}","templated":true}]}}