{"id":56720,"date":"2016-12-13T14:13:44","date_gmt":"2016-12-13T13:13:44","guid":{"rendered":"http:\/\/semmelweis.hu\/hirek\/?p=56720"},"modified":"2018-02-06T11:43:50","modified_gmt":"2018-02-06T10:43:50","slug":"megujult-a-kozponti-konyvtar-mikszath-teri-homlokzata","status":"publish","type":"post","link":"https:\/\/semmelweis.hu\/hirek\/2016\/12\/13\/megujult-a-kozponti-konyvtar-mikszath-teri-homlokzata\/","title":{"rendered":"Meg\u00fajult a K\u00f6zponti K\u00f6nyvt\u00e1r Miksz\u00e1th t\u00e9ri homlokzata"},"content":{"rendered":"<p>Meg\u00fajult az egyetemi \u00e9letben k\u00f6zponti szerepet bet\u00f6lt\u0151 k\u00f6nyvt\u00e1r Miksz\u00e1th t\u00e9ri \u00e9p\u00fclet\u00e9nek homlokzata. Az \u00e1tad\u00f3\u00fcnneps\u00e9gen dr. Sz\u00e9l \u00c1goston rektor hangs\u00falyozta, nem csak az eg\u00e9szs\u00e9g\u00fcgyh\u00f6z kapcsol\u00f3d\u00f3, hanem ez ehhez hasonl\u00f3 beruh\u00e1z\u00e1sok is fontosak az egyetemi polg\u00e1rok \u00e9s a vezet\u0151s\u00e9g sz\u00e1m\u00e1ra.<\/p>\n<p><a href=\"https:\/\/semmelweis.hu\/hirek\/files\/2016\/12\/RS56860_KR_20161213_0009-scr.jpg\"><img loading=\"lazy\" decoding=\"async\" class=\"alignright wp-image-56721 size-medium\" src=\"https:\/\/semmelweis.hu\/hirek\/files\/2016\/12\/RS56860_KR_20161213_0009-scr-300x200.jpg\" alt=\"rs56860_kr_20161213_0009-scr\" width=\"300\" height=\"200\" srcset=\"https:\/\/semmelweis.hu\/hirek\/files\/2016\/12\/RS56860_KR_20161213_0009-scr-300x200.jpg 300w, https:\/\/semmelweis.hu\/hirek\/files\/2016\/12\/RS56860_KR_20161213_0009-scr-768x512.jpg 768w, https:\/\/semmelweis.hu\/hirek\/files\/2016\/12\/RS56860_KR_20161213_0009-scr-600x400.jpg 600w, https:\/\/semmelweis.hu\/hirek\/files\/2016\/12\/RS56860_KR_20161213_0009-scr-450x300.jpg 450w, https:\/\/semmelweis.hu\/hirek\/files\/2016\/12\/RS56860_KR_20161213_0009-scr.jpg 950w\" sizes=\"auto, (max-width: 300px) 100vw, 300px\" \/><\/a>A rektor k\u00f6sz\u00f6nt\u0151j\u00e9ben arr\u00f3l besz\u00e9lt, a k\u00f6nyvt\u00e1r minden egyetem \u00e9let\u00e9ben rendk\u00edv\u00fcl meghat\u00e1roz\u00f3 hely. Felid\u00e9zte, milyen patin\u00e1s otthont adott a jelenleg Semmelweis Szalonk\u00e9nt m\u0171k\u00f6d\u0151 helyis\u00e9g a k\u00f6nyvt\u00e1r sz\u00e1m\u00e1ra, amely a fel\u00faj\u00edt\u00e1snak k\u00f6sz\u00f6nhet\u0151en m\u00e1r a Miksz\u00e1th t\u00e9ren is megsz\u00e9p\u00fclve v\u00e1rja a hallgat\u00f3kat. Kit\u00e9rt arra: az elektronikus adatb\u00e1zisok elterjed\u00e9se miatt a mai k\u00f6nyvt\u00e1raknak eg\u00e9szen m\u00e1s arculata van a n\u00e9h\u00e1ny \u00e9vtizeddel ezel\u0151tti el\u0151deikhez k\u00e9pest, ugyanakkor a Miksz\u00e1th t\u00e9ri K\u00f6zponti K\u00f6nyvt\u00e1r most is rendelkezik egy korszer\u0171en felszerelt olvas\u00f3teremmel a tanulni v\u00e1gy\u00f3k sz\u00e1m\u00e1ra.<\/p>\n<p><a href=\"https:\/\/semmelweis.hu\/hirek\/files\/2016\/12\/RS56871_KR_20161213_0055-scr.jpg\"><img loading=\"lazy\" decoding=\"async\" class=\"alignleft size-medium wp-image-56728\" src=\"https:\/\/semmelweis.hu\/hirek\/files\/2016\/12\/RS56871_KR_20161213_0055-scr-300x200.jpg\" alt=\"rs56871_kr_20161213_0055-scr\" width=\"300\" height=\"200\" srcset=\"https:\/\/semmelweis.hu\/hirek\/files\/2016\/12\/RS56871_KR_20161213_0055-scr-300x200.jpg 300w, https:\/\/semmelweis.hu\/hirek\/files\/2016\/12\/RS56871_KR_20161213_0055-scr-768x512.jpg 768w, https:\/\/semmelweis.hu\/hirek\/files\/2016\/12\/RS56871_KR_20161213_0055-scr-600x400.jpg 600w, https:\/\/semmelweis.hu\/hirek\/files\/2016\/12\/RS56871_KR_20161213_0055-scr-450x300.jpg 450w, https:\/\/semmelweis.hu\/hirek\/files\/2016\/12\/RS56871_KR_20161213_0055-scr.jpg 950w\" sizes=\"auto, (max-width: 300px) 100vw, 300px\" \/><\/a>A k\u00f6nyvt\u00e1r egyfajta jelk\u00e9p, az alma mater meghat\u00e1roz\u00f3 r\u00e9sze mindenki sz\u00e1m\u00e1ra, aki valaha egyetemre j\u00e1rt \u2013 fogalmazott k\u00f6sz\u00f6nt\u0151j\u00e9ben dr. Borb\u00e9lyn\u00e9 Balogh Zsuzsanna gazdas\u00e1gi f\u0151igazgat\u00f3, aki dr. Sz\u00e1sz K\u00e1roly kancell\u00e1r nev\u00e9ben is k\u00f6sz\u00f6netet mondott a fel\u00faj\u00edt\u00e1st kezdem\u00e9nyez\u0151 k\u00f6nyvt\u00e1r koll\u00e9g\u00e1inak, valamint a t\u00e1mogat\u00f3knak \u00e9s kivitelez\u0151knek. Ismertette, a F\u0151v\u00e1rosi \u00d6nkorm\u00e1nyzat 8,5 milli\u00f3 forinttal j\u00e1rult hozz\u00e1 a 11,8 milli\u00f3 forintos \u00f6sszk\u00f6lts\u00e9g\u0171 beruh\u00e1z\u00e1shoz. Hozz\u00e1tette, a K\u00f6zponti K\u00f6nyvt\u00e1r nemr\u00e9giben kiv\u00e1l\u00f3 min\u0151s\u00edt\u00e9st \u00e9rt el a nyilv\u00e1nos k\u00f6nyvt\u00e1ri m\u0171k\u00f6d\u00e9shez val\u00f3 megfelel\u00e9s auditj\u00e1n.<\/p>\n<p><a href=\"https:\/\/semmelweis.hu\/hirek\/files\/2016\/12\/RS56876_KR_20161213_0082-scr.jpg\"><img loading=\"lazy\" decoding=\"async\" class=\"alignright wp-image-56729 size-medium\" src=\"https:\/\/semmelweis.hu\/hirek\/files\/2016\/12\/RS56876_KR_20161213_0082-scr-300x200.jpg\" alt=\"rs56876_kr_20161213_0082-scr\" width=\"300\" height=\"200\" srcset=\"https:\/\/semmelweis.hu\/hirek\/files\/2016\/12\/RS56876_KR_20161213_0082-scr-300x200.jpg 300w, https:\/\/semmelweis.hu\/hirek\/files\/2016\/12\/RS56876_KR_20161213_0082-scr-768x512.jpg 768w, https:\/\/semmelweis.hu\/hirek\/files\/2016\/12\/RS56876_KR_20161213_0082-scr-600x400.jpg 600w, https:\/\/semmelweis.hu\/hirek\/files\/2016\/12\/RS56876_KR_20161213_0082-scr-450x300.jpg 450w, https:\/\/semmelweis.hu\/hirek\/files\/2016\/12\/RS56876_KR_20161213_0082-scr.jpg 950w\" sizes=\"auto, (max-width: 300px) 100vw, 300px\" \/><\/a>A k\u00f6nyvt\u00e1r 2008-ban k\u00f6lt\u00f6z\u00f6tt a Miksz\u00e1th t\u00e9rre, ami egy fogorvoskari \u00e9p\u00fclet volt, ez\u00e9rt \u00faj kih\u00edv\u00e1sokat \u00e9s lehet\u0151s\u00e9geket jelentett sz\u00e1munkra, hogy egy fog\u00e1szati c\u00e9lra haszn\u00e1lt \u00e9p\u00fcletet k\u00f6nyvt\u00e1rr\u00e1 alak\u00edtsunk \u00e1t \u2013 id\u00e9zte fel Szluka P\u00e9ter igazgat\u00f3 megeml\u00edtve, hogy az orsz\u00e1gban egyed\u00fcl\u00e1ll\u00f3 m\u00f3don 24 \u00f3r\u00e1s nyitva tart\u00e1ssal \u00fczemel a k\u00f6nyvt\u00e1r. Mint mondta, a bels\u0151 terek \u00e1talak\u00edt\u00e1sa ut\u00e1n 2011-ben v\u00e1lt sz\u00fcks\u00e9gess\u00e9 a homlokzat rekonstrukci\u00f3ja, amelyet a t\u00e9r fejleszt\u00e9s\u00e9vel p\u00e1rhuzamosan tudtak megval\u00f3s\u00edtani. Szluka P\u00e9ter minden t\u00e1mogat\u00f3nak \u00e9s egy\u00fcttm\u0171k\u00f6d\u0151nek k\u00f6sz\u00f6netet mondott, ami\u00e9rt fel\u00faj\u00edtott \u00e1llapot\u00e1ban m\u00e9lt\u00f3 m\u00f3don k\u00e9pviseli az \u00e9p\u00fclet a Semmelweis Egyetemet.<\/p>\n<p>A kivitelez\u0151 k\u00e9pviselet\u00e9ben Hercsel Erik elmondta, m\u00e1r t\u00f6bb projektben dolgoztak egy\u00fctt az egyetemmel, valamint a Miksz\u00e1th t\u00e9ri templomot is \u0151k \u00faj\u00edtott\u00e1k fel. K\u00f6sz\u00f6netet mondott a lak\u00f3knak \u00e9s a k\u00f6nyvt\u00e1r dolgoz\u00f3inak, akik t\u00fcrelemmel viselt\u00e9k a fel\u00faj\u00edt\u00e1ssal j\u00e1r\u00f3 kellemetlens\u00e9geket, \u00e9s \u00f6r\u00f6m\u00e9t fejezte ki, ami\u00e9rt a Palotanegyed t\u00f6bb \u00e9p\u00fclete is meg\u00fajult az elm\u00falt \u00e9vekben.<\/p>\n<p>Keresztes Eszter<br \/>\nFot\u00f3: Karancsi Rudolf<\/p>\n\r\n        [slb_exclude]\r\n        <div class=\"row galeria-wrapper mx-0 h-auto\">\r\n            <div class=\"col-9 pl-0 pr-2\">\r\n            <span class=\"gallery-item frame\">\r\n\t\t\t\t<div class=\"galeria-left-img\"><a href=\"https:\/\/semmelweis.hu\/hirek\/files\/2016\/12\/RS56862_KR_20161213_0016-scr.jpg\"><img src=https:\/\/semmelweis.hu\/hirek\/files\/2016\/12\/RS56862_KR_20161213_0016-scr.jpg  \r\n                            alt=\"\" \r\n                            class=\"attachment-sote-gallery-big size-sote-gallery-big\" \r\n                            srcset=\"https:\/\/semmelweis.hu\/hirek\/files\/2016\/12\/RS56862_KR_20161213_0016-scr-300x200.jpg 300w, https:\/\/semmelweis.hu\/hirek\/files\/2016\/12\/RS56862_KR_20161213_0016-scr-768x512.jpg 768w, https:\/\/semmelweis.hu\/hirek\/files\/2016\/12\/RS56862_KR_20161213_0016-scr-600x400.jpg 600w, https:\/\/semmelweis.hu\/hirek\/files\/2016\/12\/RS56862_KR_20161213_0016-scr-450x300.jpg 450w, https:\/\/semmelweis.hu\/hirek\/files\/2016\/12\/RS56862_KR_20161213_0016-scr.jpg 950w\" ><\/a><\/div>\r\n            <\/span>\r\n\r\n            <\/div>\r\n\r\n\t\t\t<div class=\"col-3 pl-0 pr-0\">\r\n\t\t\t\t<div class=\"galeria-right-img d-flex justify-content-between flex-column h-100 w-100 px-0 mx-0 \">\r\n                <div class=\"galeria-box\">\r\n\t\t\t\t\t<h3 class=\"galeria-title\">Gal\u00e9ria<\/h3>\r\n\t\t\t\t\t<div class=\"galeria-subtitle\">\r\n\r\n\t\t\t\t\t\t<div class=\"galeria-page-counter\"><span>18<\/span>k\u00e9p<\/div>\r\n                    <\/div> <\/div>\r\n                    <span class=\"gallery-item frame d-none d-md-flex\">\r\n\t\t\t\t\t<div class=\"galeria-small-img mt-0\"><a href=\"https:\/\/semmelweis.hu\/hirek\/files\/2016\/12\/RS56884_KR_20161213_0125-scr.jpg\"><img src=https:\/\/semmelweis.hu\/hirek\/files\/2016\/12\/RS56884_KR_20161213_0125-scr.jpg \r\n                                alt=\"\"  \r\n                                class=\"attachment-sote-gallery-small size-sote-gallery-small\" \r\n                                srcset=\"https:\/\/semmelweis.hu\/hirek\/files\/2016\/12\/RS56884_KR_20161213_0125-scr-300x200.jpg 300w, https:\/\/semmelweis.hu\/hirek\/files\/2016\/12\/RS56884_KR_20161213_0125-scr-768x512.jpg 768w, https:\/\/semmelweis.hu\/hirek\/files\/2016\/12\/RS56884_KR_20161213_0125-scr-600x400.jpg 600w, https:\/\/semmelweis.hu\/hirek\/files\/2016\/12\/RS56884_KR_20161213_0125-scr-450x300.jpg 450w, https:\/\/semmelweis.hu\/hirek\/files\/2016\/12\/RS56884_KR_20161213_0125-scr.jpg 950w\" ><\/a><\/div>\r\n                    <\/span>\r\n                    <span class=\"gallery-item frame d-none d-md-flex\">\r\n\t\t\t\t\t<div class=\"galeria-small-img mt-0\"><a href=\"https:\/\/semmelweis.hu\/hirek\/files\/2016\/12\/RS56863_KR_20161213_0017-scr.jpg\"><img src=https:\/\/semmelweis.hu\/hirek\/files\/2016\/12\/RS56863_KR_20161213_0017-scr.jpg \r\n                                alt=\"\" \r\n                                class=\"attachment-sote-gallery-small size-sote-gallery-small\" \r\n                                srcset=\"https:\/\/semmelweis.hu\/hirek\/files\/2016\/12\/RS56863_KR_20161213_0017-scr-300x200.jpg 300w, https:\/\/semmelweis.hu\/hirek\/files\/2016\/12\/RS56863_KR_20161213_0017-scr-768x512.jpg 768w, https:\/\/semmelweis.hu\/hirek\/files\/2016\/12\/RS56863_KR_20161213_0017-scr-600x400.jpg 600w, https:\/\/semmelweis.hu\/hirek\/files\/2016\/12\/RS56863_KR_20161213_0017-scr-450x300.jpg 450w, https:\/\/semmelweis.hu\/hirek\/files\/2016\/12\/RS56863_KR_20161213_0017-scr.jpg 950w\" ><\/a><\/div>\r\n                    <\/span>\r\n\r\n                <\/div>\r\n\r\n            <\/div>\r\n\r\n            <span class=\"gallery-item\"><div class=\"hidden\"><a href=\"https:\/\/semmelweis.hu\/hirek\/files\/2016\/12\/RS56866_KR_20161213_0037-scr.jpg\">\r\n        <img src=https:\/\/semmelweis.hu\/hirek\/files\/2016\/12\/RS56866_KR_20161213_0037-scr.jpg alt=\"\" class=\"attachment-sote-gallery-big size-sote-gallery-big\" srcset=\"https:\/\/semmelweis.hu\/hirek\/files\/2016\/12\/RS56866_KR_20161213_0037-scr-300x200.jpg 300w, https:\/\/semmelweis.hu\/hirek\/files\/2016\/12\/RS56866_KR_20161213_0037-scr-768x512.jpg 768w, https:\/\/semmelweis.hu\/hirek\/files\/2016\/12\/RS56866_KR_20161213_0037-scr-600x400.jpg 600w, https:\/\/semmelweis.hu\/hirek\/files\/2016\/12\/RS56866_KR_20161213_0037-scr-450x300.jpg 450w, https:\/\/semmelweis.hu\/hirek\/files\/2016\/12\/RS56866_KR_20161213_0037-scr.jpg 950w\" >\r\n        <\/a><\/div><\/span><span class=\"gallery-item\"><div class=\"hidden\"><a href=\"https:\/\/semmelweis.hu\/hirek\/files\/2016\/12\/RS56867_KR_20161213_0039-scr.jpg\">\r\n        <img src=https:\/\/semmelweis.hu\/hirek\/files\/2016\/12\/RS56867_KR_20161213_0039-scr.jpg alt=\"\" class=\"attachment-sote-gallery-big size-sote-gallery-big\" srcset=\"https:\/\/semmelweis.hu\/hirek\/files\/2016\/12\/RS56867_KR_20161213_0039-scr-300x200.jpg 300w, https:\/\/semmelweis.hu\/hirek\/files\/2016\/12\/RS56867_KR_20161213_0039-scr-768x512.jpg 768w, https:\/\/semmelweis.hu\/hirek\/files\/2016\/12\/RS56867_KR_20161213_0039-scr-600x400.jpg 600w, https:\/\/semmelweis.hu\/hirek\/files\/2016\/12\/RS56867_KR_20161213_0039-scr-450x300.jpg 450w, https:\/\/semmelweis.hu\/hirek\/files\/2016\/12\/RS56867_KR_20161213_0039-scr.jpg 950w\" >\r\n        <\/a><\/div><\/span><span class=\"gallery-item\"><div class=\"hidden\"><a href=\"https:\/\/semmelweis.hu\/hirek\/files\/2016\/12\/RS56868_KR_20161213_0041-scr.jpg\">\r\n        <img src=https:\/\/semmelweis.hu\/hirek\/files\/2016\/12\/RS56868_KR_20161213_0041-scr.jpg alt=\"\" class=\"attachment-sote-gallery-big size-sote-gallery-big\" srcset=\"https:\/\/semmelweis.hu\/hirek\/files\/2016\/12\/RS56868_KR_20161213_0041-scr-300x200.jpg 300w, https:\/\/semmelweis.hu\/hirek\/files\/2016\/12\/RS56868_KR_20161213_0041-scr-768x512.jpg 768w, https:\/\/semmelweis.hu\/hirek\/files\/2016\/12\/RS56868_KR_20161213_0041-scr-600x400.jpg 600w, https:\/\/semmelweis.hu\/hirek\/files\/2016\/12\/RS56868_KR_20161213_0041-scr-450x300.jpg 450w, https:\/\/semmelweis.hu\/hirek\/files\/2016\/12\/RS56868_KR_20161213_0041-scr.jpg 950w\" >\r\n        <\/a><\/div><\/span><span class=\"gallery-item\"><div class=\"hidden\"><a href=\"https:\/\/semmelweis.hu\/hirek\/files\/2016\/12\/RS56869_KR_20161213_0043-scr.jpg\">\r\n        <img src=https:\/\/semmelweis.hu\/hirek\/files\/2016\/12\/RS56869_KR_20161213_0043-scr.jpg alt=\"\" class=\"attachment-sote-gallery-big size-sote-gallery-big\" srcset=\"https:\/\/semmelweis.hu\/hirek\/files\/2016\/12\/RS56869_KR_20161213_0043-scr-300x200.jpg 300w, https:\/\/semmelweis.hu\/hirek\/files\/2016\/12\/RS56869_KR_20161213_0043-scr-768x512.jpg 768w, https:\/\/semmelweis.hu\/hirek\/files\/2016\/12\/RS56869_KR_20161213_0043-scr-600x400.jpg 600w, https:\/\/semmelweis.hu\/hirek\/files\/2016\/12\/RS56869_KR_20161213_0043-scr-450x300.jpg 450w, https:\/\/semmelweis.hu\/hirek\/files\/2016\/12\/RS56869_KR_20161213_0043-scr.jpg 950w\" >\r\n        <\/a><\/div><\/span><span class=\"gallery-item\"><div class=\"hidden\"><a href=\"https:\/\/semmelweis.hu\/hirek\/files\/2016\/12\/RS56885_KR_20161213_0137-scr.jpg\">\r\n        <img src=https:\/\/semmelweis.hu\/hirek\/files\/2016\/12\/RS56885_KR_20161213_0137-scr.jpg alt=\"\" class=\"attachment-sote-gallery-big size-sote-gallery-big\" srcset=\"https:\/\/semmelweis.hu\/hirek\/files\/2016\/12\/RS56885_KR_20161213_0137-scr-300x200.jpg 300w, https:\/\/semmelweis.hu\/hirek\/files\/2016\/12\/RS56885_KR_20161213_0137-scr-768x512.jpg 768w, https:\/\/semmelweis.hu\/hirek\/files\/2016\/12\/RS56885_KR_20161213_0137-scr-600x400.jpg 600w, https:\/\/semmelweis.hu\/hirek\/files\/2016\/12\/RS56885_KR_20161213_0137-scr-450x300.jpg 450w, https:\/\/semmelweis.hu\/hirek\/files\/2016\/12\/RS56885_KR_20161213_0137-scr.jpg 950w\" >\r\n        <\/a><\/div><\/span><span class=\"gallery-item\"><div class=\"hidden\"><a href=\"https:\/\/semmelweis.hu\/hirek\/files\/2016\/12\/RS56886_KR_20161213_0139-scr.jpg\">\r\n        <img src=https:\/\/semmelweis.hu\/hirek\/files\/2016\/12\/RS56886_KR_20161213_0139-scr.jpg alt=\"\" class=\"attachment-sote-gallery-big size-sote-gallery-big\" srcset=\"https:\/\/semmelweis.hu\/hirek\/files\/2016\/12\/RS56886_KR_20161213_0139-scr-300x200.jpg 300w, https:\/\/semmelweis.hu\/hirek\/files\/2016\/12\/RS56886_KR_20161213_0139-scr-768x512.jpg 768w, https:\/\/semmelweis.hu\/hirek\/files\/2016\/12\/RS56886_KR_20161213_0139-scr-600x400.jpg 600w, https:\/\/semmelweis.hu\/hirek\/files\/2016\/12\/RS56886_KR_20161213_0139-scr-450x300.jpg 450w, https:\/\/semmelweis.hu\/hirek\/files\/2016\/12\/RS56886_KR_20161213_0139-scr.jpg 950w\" >\r\n        <\/a><\/div><\/span><span class=\"gallery-item\"><div class=\"hidden\"><a href=\"https:\/\/semmelweis.hu\/hirek\/files\/2016\/12\/RS56887_KR_20161213_0142-scr.jpg\">\r\n        <img src=https:\/\/semmelweis.hu\/hirek\/files\/2016\/12\/RS56887_KR_20161213_0142-scr.jpg alt=\"\" class=\"attachment-sote-gallery-big size-sote-gallery-big\" srcset=\"https:\/\/semmelweis.hu\/hirek\/files\/2016\/12\/RS56887_KR_20161213_0142-scr-200x300.jpg 200w, https:\/\/semmelweis.hu\/hirek\/files\/2016\/12\/RS56887_KR_20161213_0142-scr-267x400.jpg 267w, https:\/\/semmelweis.hu\/hirek\/files\/2016\/12\/RS56887_KR_20161213_0142-scr.jpg 500w\" >\r\n        <\/a><\/div><\/span><span class=\"gallery-item\"><div class=\"hidden\"><a href=\"https:\/\/semmelweis.hu\/hirek\/files\/2016\/12\/RS56888_KR_20161213_0145-scr.jpg\">\r\n        <img src=https:\/\/semmelweis.hu\/hirek\/files\/2016\/12\/RS56888_KR_20161213_0145-scr.jpg alt=\"\" class=\"attachment-sote-gallery-big size-sote-gallery-big\" srcset=\"https:\/\/semmelweis.hu\/hirek\/files\/2016\/12\/RS56888_KR_20161213_0145-scr-200x300.jpg 200w, https:\/\/semmelweis.hu\/hirek\/files\/2016\/12\/RS56888_KR_20161213_0145-scr-267x400.jpg 267w, https:\/\/semmelweis.hu\/hirek\/files\/2016\/12\/RS56888_KR_20161213_0145-scr.jpg 500w\" >\r\n        <\/a><\/div><\/span><span class=\"gallery-item\"><div class=\"hidden\"><a href=\"https:\/\/semmelweis.hu\/hirek\/files\/2016\/12\/RS56889_KR_20161213_0147-scr.jpg\">\r\n        <img src=https:\/\/semmelweis.hu\/hirek\/files\/2016\/12\/RS56889_KR_20161213_0147-scr.jpg alt=\"\" class=\"attachment-sote-gallery-big size-sote-gallery-big\" srcset=\"https:\/\/semmelweis.hu\/hirek\/files\/2016\/12\/RS56889_KR_20161213_0147-scr-300x200.jpg 300w, https:\/\/semmelweis.hu\/hirek\/files\/2016\/12\/RS56889_KR_20161213_0147-scr-768x512.jpg 768w, https:\/\/semmelweis.hu\/hirek\/files\/2016\/12\/RS56889_KR_20161213_0147-scr-600x400.jpg 600w, https:\/\/semmelweis.hu\/hirek\/files\/2016\/12\/RS56889_KR_20161213_0147-scr-450x300.jpg 450w, https:\/\/semmelweis.hu\/hirek\/files\/2016\/12\/RS56889_KR_20161213_0147-scr.jpg 950w\" >\r\n        <\/a><\/div><\/span><span class=\"gallery-item\"><div class=\"hidden\"><a href=\"https:\/\/semmelweis.hu\/hirek\/files\/2016\/12\/RS56890_KR_20161213_0150-scr.jpg\">\r\n        <img src=https:\/\/semmelweis.hu\/hirek\/files\/2016\/12\/RS56890_KR_20161213_0150-scr.jpg alt=\"\" class=\"attachment-sote-gallery-big size-sote-gallery-big\" srcset=\"https:\/\/semmelweis.hu\/hirek\/files\/2016\/12\/RS56890_KR_20161213_0150-scr-200x300.jpg 200w, https:\/\/semmelweis.hu\/hirek\/files\/2016\/12\/RS56890_KR_20161213_0150-scr-267x400.jpg 267w, https:\/\/semmelweis.hu\/hirek\/files\/2016\/12\/RS56890_KR_20161213_0150-scr.jpg 500w\" >\r\n        <\/a><\/div><\/span><span class=\"gallery-item\"><div class=\"hidden\"><a href=\"https:\/\/semmelweis.hu\/hirek\/files\/2016\/12\/RS56891_KR_20161213_0154-scr.jpg\">\r\n        <img src=https:\/\/semmelweis.hu\/hirek\/files\/2016\/12\/RS56891_KR_20161213_0154-scr.jpg alt=\"\" class=\"attachment-sote-gallery-big size-sote-gallery-big\" srcset=\"https:\/\/semmelweis.hu\/hirek\/files\/2016\/12\/RS56891_KR_20161213_0154-scr-300x200.jpg 300w, https:\/\/semmelweis.hu\/hirek\/files\/2016\/12\/RS56891_KR_20161213_0154-scr-768x512.jpg 768w, https:\/\/semmelweis.hu\/hirek\/files\/2016\/12\/RS56891_KR_20161213_0154-scr-600x400.jpg 600w, https:\/\/semmelweis.hu\/hirek\/files\/2016\/12\/RS56891_KR_20161213_0154-scr-450x300.jpg 450w, https:\/\/semmelweis.hu\/hirek\/files\/2016\/12\/RS56891_KR_20161213_0154-scr.jpg 950w\" >\r\n        <\/a><\/div><\/span><span class=\"gallery-item\"><div class=\"hidden\"><a href=\"https:\/\/semmelweis.hu\/hirek\/files\/2016\/12\/RS56892_KR_20161213_0158-scr.jpg\">\r\n        <img src=https:\/\/semmelweis.hu\/hirek\/files\/2016\/12\/RS56892_KR_20161213_0158-scr.jpg alt=\"\" class=\"attachment-sote-gallery-big size-sote-gallery-big\" srcset=\"https:\/\/semmelweis.hu\/hirek\/files\/2016\/12\/RS56892_KR_20161213_0158-scr-300x200.jpg 300w, https:\/\/semmelweis.hu\/hirek\/files\/2016\/12\/RS56892_KR_20161213_0158-scr-768x512.jpg 768w, https:\/\/semmelweis.hu\/hirek\/files\/2016\/12\/RS56892_KR_20161213_0158-scr-600x400.jpg 600w, https:\/\/semmelweis.hu\/hirek\/files\/2016\/12\/RS56892_KR_20161213_0158-scr-450x300.jpg 450w, https:\/\/semmelweis.hu\/hirek\/files\/2016\/12\/RS56892_KR_20161213_0158-scr.jpg 950w\" >\r\n        <\/a><\/div><\/span><span class=\"gallery-item\"><div class=\"hidden\"><a href=\"https:\/\/semmelweis.hu\/hirek\/files\/2016\/12\/RS56893_KR_20161213_0160-scr.jpg\">\r\n        <img src=https:\/\/semmelweis.hu\/hirek\/files\/2016\/12\/RS56893_KR_20161213_0160-scr.jpg alt=\"\" class=\"attachment-sote-gallery-big size-sote-gallery-big\" srcset=\"https:\/\/semmelweis.hu\/hirek\/files\/2016\/12\/RS56893_KR_20161213_0160-scr-300x200.jpg 300w, https:\/\/semmelweis.hu\/hirek\/files\/2016\/12\/RS56893_KR_20161213_0160-scr-768x512.jpg 768w, https:\/\/semmelweis.hu\/hirek\/files\/2016\/12\/RS56893_KR_20161213_0160-scr-600x400.jpg 600w, https:\/\/semmelweis.hu\/hirek\/files\/2016\/12\/RS56893_KR_20161213_0160-scr-450x300.jpg 450w, https:\/\/semmelweis.hu\/hirek\/files\/2016\/12\/RS56893_KR_20161213_0160-scr.jpg 950w\" >\r\n        <\/a><\/div><\/span><span class=\"gallery-item\"><div class=\"hidden\"><a href=\"https:\/\/semmelweis.hu\/hirek\/files\/2016\/12\/RS56894_KR_20161213_0167-scr.jpg\">\r\n        <img src=https:\/\/semmelweis.hu\/hirek\/files\/2016\/12\/RS56894_KR_20161213_0167-scr.jpg alt=\"\" class=\"attachment-sote-gallery-big size-sote-gallery-big\" srcset=\"https:\/\/semmelweis.hu\/hirek\/files\/2016\/12\/RS56894_KR_20161213_0167-scr-300x200.jpg 300w, https:\/\/semmelweis.hu\/hirek\/files\/2016\/12\/RS56894_KR_20161213_0167-scr-768x512.jpg 768w, https:\/\/semmelweis.hu\/hirek\/files\/2016\/12\/RS56894_KR_20161213_0167-scr-600x400.jpg 600w, https:\/\/semmelweis.hu\/hirek\/files\/2016\/12\/RS56894_KR_20161213_0167-scr-450x300.jpg 450w, https:\/\/semmelweis.hu\/hirek\/files\/2016\/12\/RS56894_KR_20161213_0167-scr.jpg 950w\" >\r\n        <\/a><\/div><\/span><span class=\"gallery-item\"><div class=\"hidden\"><a href=\"https:\/\/semmelweis.hu\/hirek\/files\/2016\/12\/RS56895_KR_20161213_0170-scr.jpg\">\r\n        <img src=https:\/\/semmelweis.hu\/hirek\/files\/2016\/12\/RS56895_KR_20161213_0170-scr.jpg alt=\"\" class=\"attachment-sote-gallery-big size-sote-gallery-big\" srcset=\"https:\/\/semmelweis.hu\/hirek\/files\/2016\/12\/RS56895_KR_20161213_0170-scr-300x200.jpg 300w, https:\/\/semmelweis.hu\/hirek\/files\/2016\/12\/RS56895_KR_20161213_0170-scr-768x512.jpg 768w, https:\/\/semmelweis.hu\/hirek\/files\/2016\/12\/RS56895_KR_20161213_0170-scr-600x400.jpg 600w, https:\/\/semmelweis.hu\/hirek\/files\/2016\/12\/RS56895_KR_20161213_0170-scr-450x300.jpg 450w, https:\/\/semmelweis.hu\/hirek\/files\/2016\/12\/RS56895_KR_20161213_0170-scr.jpg 950w\" >\r\n        <\/a><\/div><\/span>\r\n            <\/div>\r\n\r\n            [\/slb_exclude]\r\n\t\n","protected":false},"excerpt":{"rendered":"<p>Meg\u00fajult az egyetemi \u00e9letben k\u00f6zponti szerepet bet\u00f6lt\u0151 k\u00f6nyvt\u00e1r Miksz\u00e1th t\u00e9ri \u00e9p\u00fclet\u00e9nek homlokzata. Az \u00e1tad\u00f3\u00fcnneps\u00e9gen dr. Sz\u00e9l \u00c1goston rektor hangs\u00falyozta, nem csak az eg\u00e9szs\u00e9g\u00fcgyh\u00f6z kapcsol\u00f3d\u00f3, hanem ez ehhez hasonl\u00f3 beruh\u00e1z\u00e1sok is fontosak az egyetemi polg\u00e1rok \u00e9s a vezet\u0151s\u00e9g sz\u00e1m\u00e1ra. <a href=\"https:\/\/semmelweis.hu\/hirek\/files\/2016\/12\/RS56860_KR_20161213_0009-scr.jpg\"><\/a> A rektor k\u00f6sz\u00f6nt\u0151j\u00e9ben arr\u00f3l besz\u00e9lt, a k\u00f6nyvt\u00e1r minden egyetem \u00e9let\u00e9ben rendk\u00edv\u00fcl meghat\u00e1roz\u00f3 hely. Felid\u00e9zte, milyen patin\u00e1s otthont &hellip;<\/p>\n","protected":false},"author":101132,"featured_media":56731,"comment_status":"closed","ping_status":"closed","sticky":false,"template":"","format":"standard","meta":{"_acf_changed":false,"footnotes":""},"categories":[3533,168],"tags":[4140,3444],"class_list":["post-56720","post","type-post","status-publish","format-standard","has-post-thumbnail","hentry","category-hallgatok-oktatas","category-kiemelt","tag-fejlesztes","tag-oktatas"],"acf":[],"_links":{"self":[{"href":"https:\/\/semmelweis.hu\/hirek\/wp-json\/wp\/v2\/posts\/56720","targetHints":{"allow":["GET"]}}],"collection":[{"href":"https:\/\/semmelweis.hu\/hirek\/wp-json\/wp\/v2\/posts"}],"about":[{"href":"https:\/\/semmelweis.hu\/hirek\/wp-json\/wp\/v2\/types\/post"}],"author":[{"embeddable":true,"href":"https:\/\/semmelweis.hu\/hirek\/wp-json\/wp\/v2\/users\/101132"}],"replies":[{"embeddable":true,"href":"https:\/\/semmelweis.hu\/hirek\/wp-json\/wp\/v2\/comments?post=56720"}],"version-history":[{"count":1,"href":"https:\/\/semmelweis.hu\/hirek\/wp-json\/wp\/v2\/posts\/56720\/revisions"}],"predecessor-version":[{"id":56742,"href":"https:\/\/semmelweis.hu\/hirek\/wp-json\/wp\/v2\/posts\/56720\/revisions\/56742"}],"wp:featuredmedia":[{"embeddable":true,"href":"https:\/\/semmelweis.hu\/hirek\/wp-json\/wp\/v2\/media\/56731"}],"wp:attachment":[{"href":"https:\/\/semmelweis.hu\/hirek\/wp-json\/wp\/v2\/media?parent=56720"}],"wp:term":[{"taxonomy":"category","embeddable":true,"href":"https:\/\/semmelweis.hu\/hirek\/wp-json\/wp\/v2\/categories?post=56720"},{"taxonomy":"post_tag","embeddable":true,"href":"https:\/\/semmelweis.hu\/hirek\/wp-json\/wp\/v2\/tags?post=56720"}],"curies":[{"name":"wp","href":"https:\/\/api.w.org\/{rel}","templated":true}]}}