{"id":56703,"date":"2016-12-13T10:43:03","date_gmt":"2016-12-13T09:43:03","guid":{"rendered":"http:\/\/semmelweis.hu\/hirek\/?p=56703"},"modified":"2018-02-06T11:44:13","modified_gmt":"2018-02-06T10:44:13","slug":"tudomanymetriai-meresekrol-es-ranglistakrol-szolt-a-decemberi-kutatoi-szalon","status":"publish","type":"post","link":"https:\/\/semmelweis.hu\/hirek\/2016\/12\/13\/tudomanymetriai-meresekrol-es-ranglistakrol-szolt-a-decemberi-kutatoi-szalon\/","title":{"rendered":"Tudom\u00e1nymetriai m\u00e9r\u00e9sekr\u0151l \u00e9s ranglist\u00e1kr\u00f3l sz\u00f3lt a decemberi Kutat\u00f3i Szalon"},"content":{"rendered":"<p>Magyarorsz\u00e1g elhelyezked\u00e9se a vil\u00e1g tudom\u00e1nyos t\u00e9rk\u00e9p\u00e9n, az egyetemi rangsorok \u00e9s hitel\u00fck, valamint az orvosi tudom\u00e1nyok helye \u00e9s \u00e9rt\u00e9kel\u00e9se voltak a decemberi Kutat\u00f3i Szalon t\u00e9m\u00e1i. Dr. Bagdy Gy\u00f6rgy tudom\u00e1nyos rektorhelyettes a rendezv\u00e9ny h\u00e1zigazd\u00e1jak\u00e9nt lesz\u00f6gezte, a tudom\u00e1nyos teljes\u00edtm\u00e9ny m\u00e9r\u00e9se \u00e9s a nemzetk\u00f6zi l\u00e1that\u00f3s\u00e1g mindig aktu\u00e1lis k\u00e9rd\u00e9sek, mivel ezekb\u0151l kider\u00fcl, milyen ter\u00fcletek adnak okot a b\u00fcszkes\u00e9gre, \u00e9s hol kellene jav\u00edtani a teljes\u00edtm\u00e9nyen.<\/p>\n<p><a href=\"https:\/\/semmelweis.hu\/hirek\/files\/2016\/12\/RS56711_KA-20161206-KA__1275-scr.jpg\"><img loading=\"lazy\" decoding=\"async\" class=\"alignleft size-medium wp-image-56707\" src=\"https:\/\/semmelweis.hu\/hirek\/files\/2016\/12\/RS56711_KA-20161206-KA__1275-scr-200x300.jpg\" alt=\"rs56711_ka-20161206-ka__1275-scr\" width=\"200\" height=\"300\" srcset=\"https:\/\/semmelweis.hu\/hirek\/files\/2016\/12\/RS56711_KA-20161206-KA__1275-scr-200x300.jpg 200w, https:\/\/semmelweis.hu\/hirek\/files\/2016\/12\/RS56711_KA-20161206-KA__1275-scr-267x400.jpg 267w, https:\/\/semmelweis.hu\/hirek\/files\/2016\/12\/RS56711_KA-20161206-KA__1275-scr.jpg 500w\" sizes=\"auto, (max-width: 200px) 100vw, 200px\" \/><\/a>Dr. Szigeti Gyula P\u00e9ter, a Nemzeti Kutat\u00e1si, Fejleszt\u00e9si \u00e9s Innov\u00e1ci\u00f3s Hivatal kutat\u00e1s-fejleszt\u00e9si eln\u00f6khelyettese Magyarorsz\u00e1g hozz\u00e1j\u00e1rul\u00e1sa a vil\u00e1g tudom\u00e1nyos teljes\u00edtm\u00e9ny\u00e9hez c\u00edm\u0171 el\u0151ad\u00e1s\u00e1ban k\u00e9t adatb\u00e1zis seg\u00edts\u00e9g\u00e9vel adott k\u00e9pet a hazai tudom\u00e1nyos eredm\u00e9nyek mutat\u00f3ir\u00f3l. Kit\u00e9rt r\u00e1 t\u00f6bbek k\u00f6z\u00f6tt, hogy az orvostudom\u00e1nyhoz kapcsol\u00f3d\u00f3 kutat\u00e1sok j\u00f3l teljes\u00edtenek nemzetk\u00f6zi viszonylatban. Az eredm\u00e9nyek tov\u00e1bbi jav\u00edt\u00e1sa \u00e9rdek\u00e9ben is megfogalmazott n\u00e9h\u00e1ny javaslatot, kiemelve p\u00e9ld\u00e1ul a kutat\u00e1s-fejleszt\u00e9s-innov\u00e1ci\u00f3hoz kapcsol\u00f3d\u00f3 k\u00f6lts\u00e9gvet\u00e9s n\u00f6vel\u00e9se ir\u00e1nti ig\u00e9nyt. Dr. Szigeti Gyula P\u00e9ter \u00fagy v\u00e9lte, a nemzetk\u00f6zi l\u00e1that\u00f3s\u00e1g fokoz\u00e1s\u00e1hoz a kutat\u00f3k r\u00e9sz\u00e9r\u0151l szint\u00e9n szeml\u00e9letv\u00e1lt\u00e1sra lenne sz\u00fcks\u00e9g, hozz\u00e1t\u00e9ve, a fiatalabb gener\u00e1ci\u00f3 r\u00e9sz\u00e9r\u0151l m\u00e1r megjelent az adatok megoszt\u00e1s\u00e1ra, a ny\u00edlt hozz\u00e1f\u00e9r\u00e9sre t\u00f6rekv\u0151 sz\u00e1nd\u00e9k, hogy ezzel min\u00e9l sz\u00e9lesebb k\u00f6rben tudj\u00e1k bemutatni a tudom\u00e1nyukat.<\/p>\n<p><a href=\"https:\/\/semmelweis.hu\/hirek\/files\/2016\/12\/RS56703_KA-20161206-KA__1329-scr.jpg\"><img loading=\"lazy\" decoding=\"async\" class=\"alignright size-medium wp-image-56705\" src=\"https:\/\/semmelweis.hu\/hirek\/files\/2016\/12\/RS56703_KA-20161206-KA__1329-scr-300x200.jpg\" alt=\"rs56703_ka-20161206-ka__1329-scr\" width=\"300\" height=\"200\" srcset=\"https:\/\/semmelweis.hu\/hirek\/files\/2016\/12\/RS56703_KA-20161206-KA__1329-scr-300x200.jpg 300w, https:\/\/semmelweis.hu\/hirek\/files\/2016\/12\/RS56703_KA-20161206-KA__1329-scr-768x512.jpg 768w, https:\/\/semmelweis.hu\/hirek\/files\/2016\/12\/RS56703_KA-20161206-KA__1329-scr-600x400.jpg 600w, https:\/\/semmelweis.hu\/hirek\/files\/2016\/12\/RS56703_KA-20161206-KA__1329-scr-450x300.jpg 450w, https:\/\/semmelweis.hu\/hirek\/files\/2016\/12\/RS56703_KA-20161206-KA__1329-scr.jpg 950w\" sizes=\"auto, (max-width: 300px) 100vw, 300px\" \/><\/a>A m\u00e1sodik, fels\u0151oktat\u00e1si rangsorokr\u00f3l sz\u00f3l\u00f3 el\u0151ad\u00e1st dr. Szalay P\u00e9ter egyetemi tan\u00e1r, az E\u00f6tv\u00f6s Lor\u00e1nd Tudom\u00e1nyegyetem tudom\u00e1nyos rektorhelyettese tartotta. Mint mondta, az eredm\u00e9nyek sok esetben megt\u00e9veszt\u0151ek lehetnek, p\u00e9ldak\u00e9nt eml\u00edtette a HVG legut\u00f3bbi rangsor\u00e1n az oktat\u00f3i kiv\u00e1l\u00f3s\u00e1g szempontj\u00e1t, amelyet \u00fagy sz\u00e1molnak ki, hogy a tudom\u00e1nyos fokozattal rendelkez\u0151 tan\u00e1rok sz\u00e1m\u00e1hoz viszony\u00edtj\u00e1k a hallgat\u00f3i l\u00e9tsz\u00e1mot \u2013 \u00edgy ker\u00fclhetnek az \u00e9lbolyba kisebb egyetemek. A nemzetk\u00f6zi rangsorok szint\u00e9n elt\u00e9r\u0151 szempontrendszerek alapj\u00e1n oszt\u00e1lyozz\u00e1k az int\u00e9zm\u00e9nyeket, \u00e1m ezek k\u00f6z\u00fcl n\u00e9h\u00e1nyon \u2013 pl. QS World University Rankings, CWTS Leiden Ranking \u2013 el\u0151rejut\u00e1si lehet\u0151s\u00e9get jelentene a publik\u00e1ci\u00f3k sz\u00e1m\u00e1nak n\u00f6vel\u00e9se, valamint a nagyobb nemzetk\u00f6zi figyelemmel b\u00edr\u00f3 tudom\u00e1nyter\u00fcletek kutat\u00e1sa \u2013 hangzott el az el\u0151ad\u00e1son. Dr. Szalay P\u00e9ter szerint a rangsorok f\u0151k\u00e9nt a rekl\u00e1m\u00e9rt\u00e9k\u00fck miatt fontosak, a hazai egyetemek sz\u00e1m\u00e1ra k\u00fcl\u00f6n\u00f6sen l\u00e9nyegesek a magyar rangsorok (HVG, Heti V\u00e1lasz). Egy-egy int\u00e9zm\u00e9ny j\u00f3 h\u00edrneve nem csak a hallgat\u00f3k, hanem a tan\u00e1rok, kutat\u00f3k vonz\u00e1sa szempontj\u00e1b\u00f3l is nagy jelent\u0151s\u00e9ggel b\u00edr \u2013 tette hozz\u00e1, a k\u00fclf\u00f6ldi list\u00e1kon val\u00f3 megjelen\u00e9s pedig a nemzetk\u00f6zi kapcsolat\u00e9p\u00edt\u00e9st t\u00e1mogathatja. Kit\u00e9rt r\u00e1, az indik\u00e1torok azt is megmutatj\u00e1k, hogy mely ter\u00fcleteken van sz\u00fcks\u00e9g v\u00e1ltoztat\u00e1sra a jobb eredm\u00e9nyek \u00e9rdek\u00e9ben.<\/p>\n<p><a href=\"https:\/\/semmelweis.hu\/hirek\/files\/2016\/12\/RS56704_KA-20161206-KA__1315-scr.jpg\"><img loading=\"lazy\" decoding=\"async\" class=\"alignleft size-medium wp-image-56706\" src=\"https:\/\/semmelweis.hu\/hirek\/files\/2016\/12\/RS56704_KA-20161206-KA__1315-scr-200x300.jpg\" alt=\"rs56704_ka-20161206-ka__1315-scr\" width=\"200\" height=\"300\" srcset=\"https:\/\/semmelweis.hu\/hirek\/files\/2016\/12\/RS56704_KA-20161206-KA__1315-scr-200x300.jpg 200w, https:\/\/semmelweis.hu\/hirek\/files\/2016\/12\/RS56704_KA-20161206-KA__1315-scr-267x400.jpg 267w, https:\/\/semmelweis.hu\/hirek\/files\/2016\/12\/RS56704_KA-20161206-KA__1315-scr.jpg 500w\" sizes=\"auto, (max-width: 200px) 100vw, 200px\" \/><\/a>Az orvosi tudom\u00e1nyok helye \u00e9s \u00e9rt\u00e9kel\u00e9se c\u00edmmel tartotta meg a decemberi Kutat\u00f3i Szalon z\u00e1r\u00f3 el\u0151ad\u00e1s\u00e1t dr. Bagdy Gy\u00f6rgy. Elhangzott, a tudom\u00e1nyter\u00fcleteket \u00f6sszehasonl\u00edtva az orvosbiol\u00f3gia a legjelent\u0151sebb a k\u00f6zlem\u00e9ny- \u00e9s id\u00e9zetsz\u00e1mot tekintve, ugyanakkor a tudom\u00e1nyfinansz\u00edroz\u00e1s nem t\u00fckr\u00f6zi megfelel\u0151en ezt az ar\u00e1nyt. A tudom\u00e1nyos rektorhelyettes arr\u00f3l is sz\u00f3lt, hogy a hazai publik\u00e1ci\u00f3sz\u00e1m \u00e9s az egy cikkre jut\u00f3 \u00e1tlagos hat\u00e1s (id\u00e9zetts\u00e9g) egym\u00e1shoz k\u00e9pest \u00e9s szakter\u00fcletenk\u00e9nt is jelent\u0151s elt\u00e9r\u00e9seket mutat, \u00e9s a nagyobb sz\u00e1m\u00fa publik\u00e1ci\u00f3 gyakran k\u00f6zepes vagy gyenge hat\u00e1ssal j\u00e1r egy\u00fctt. Mint mondta, a Semmelweis Egyetem els\u0151sorban a klinikai orvostudom\u00e1nyok ter\u00fclet\u00e9n mutat j\u00f3 eredm\u00e9nyeket, \u00e9s ezek a publik\u00e1ci\u00f3k az id\u00e9zetts\u00e9get tekintve is j\u00f3l szerepelnek. \u00dagy v\u00e9lte, b\u00e1r a publik\u00e1ci\u00f3k nagy sz\u00e1ma bizonyos ranglist\u00e1k szempontj\u00e1b\u00f3l fontos, a min\u0151s\u00e9gi, vagyis a sokat id\u00e9zett cikkek m\u00e9g jelent\u0151sebbek, ez\u00e9rt ezt az ir\u00e1nyt \u00e9rdemes megtartani.<\/p>\n<p>Keresztes Eszter<br \/>\nFot\u00f3: Kov\u00e1cs Attila &#8211; Semmelweis Egyetem<\/p>\n","protected":false},"excerpt":{"rendered":"<p>Magyarorsz\u00e1g elhelyezked\u00e9se a vil\u00e1g tudom\u00e1nyos t\u00e9rk\u00e9p\u00e9n, az egyetemi rangsorok \u00e9s hitel\u00fck, valamint az orvosi tudom\u00e1nyok helye \u00e9s \u00e9rt\u00e9kel\u00e9se voltak a decemberi Kutat\u00f3i Szalon t\u00e9m\u00e1i. Dr. Bagdy Gy\u00f6rgy tudom\u00e1nyos rektorhelyettes a rendezv\u00e9ny h\u00e1zigazd\u00e1jak\u00e9nt lesz\u00f6gezte, a tudom\u00e1nyos teljes\u00edtm\u00e9ny m\u00e9r\u00e9se \u00e9s a nemzetk\u00f6zi l\u00e1that\u00f3s\u00e1g mindig aktu\u00e1lis k\u00e9rd\u00e9sek, mivel ezekb\u0151l kider\u00fcl, milyen ter\u00fcletek adnak okot a b\u00fcszkes\u00e9gre, \u00e9s hol &hellip;<\/p>\n","protected":false},"author":101132,"featured_media":56708,"comment_status":"closed","ping_status":"closed","sticky":false,"template":"","format":"standard","meta":{"_acf_changed":false,"footnotes":""},"categories":[161,168],"tags":[1688,188],"class_list":["post-56703","post","type-post","status-publish","format-standard","has-post-thumbnail","hentry","category-tudomany","category-kiemelt","tag-kutatoi-szalon","tag-tudomanyos-hirek-rendezvenyek"],"acf":[],"_links":{"self":[{"href":"https:\/\/semmelweis.hu\/hirek\/wp-json\/wp\/v2\/posts\/56703","targetHints":{"allow":["GET"]}}],"collection":[{"href":"https:\/\/semmelweis.hu\/hirek\/wp-json\/wp\/v2\/posts"}],"about":[{"href":"https:\/\/semmelweis.hu\/hirek\/wp-json\/wp\/v2\/types\/post"}],"author":[{"embeddable":true,"href":"https:\/\/semmelweis.hu\/hirek\/wp-json\/wp\/v2\/users\/101132"}],"replies":[{"embeddable":true,"href":"https:\/\/semmelweis.hu\/hirek\/wp-json\/wp\/v2\/comments?post=56703"}],"version-history":[{"count":7,"href":"https:\/\/semmelweis.hu\/hirek\/wp-json\/wp\/v2\/posts\/56703\/revisions"}],"predecessor-version":[{"id":56714,"href":"https:\/\/semmelweis.hu\/hirek\/wp-json\/wp\/v2\/posts\/56703\/revisions\/56714"}],"wp:featuredmedia":[{"embeddable":true,"href":"https:\/\/semmelweis.hu\/hirek\/wp-json\/wp\/v2\/media\/56708"}],"wp:attachment":[{"href":"https:\/\/semmelweis.hu\/hirek\/wp-json\/wp\/v2\/media?parent=56703"}],"wp:term":[{"taxonomy":"category","embeddable":true,"href":"https:\/\/semmelweis.hu\/hirek\/wp-json\/wp\/v2\/categories?post=56703"},{"taxonomy":"post_tag","embeddable":true,"href":"https:\/\/semmelweis.hu\/hirek\/wp-json\/wp\/v2\/tags?post=56703"}],"curies":[{"name":"wp","href":"https:\/\/api.w.org\/{rel}","templated":true}]}}