{"id":56655,"date":"2016-12-12T08:19:07","date_gmt":"2016-12-12T07:19:07","guid":{"rendered":"http:\/\/semmelweis.hu\/hirek\/?p=56655"},"modified":"2016-12-14T08:42:02","modified_gmt":"2016-12-14T07:42:02","slug":"elo-mutetkozvetites-a-ii-sz-szuleszeti-es-nogyogyaszati-klinikarol","status":"publish","type":"post","link":"https:\/\/semmelweis.hu\/hirek\/2016\/12\/12\/elo-mutetkozvetites-a-ii-sz-szuleszeti-es-nogyogyaszati-klinikarol\/","title":{"rendered":"\u00c9l\u0151 m\u0171t\u00e9tk\u00f6zvet\u00edt\u00e9s a II. Sz. Sz\u00fcl\u00e9szeti \u00e9s N\u0151gy\u00f3gy\u00e1szati Klinik\u00e1r\u00f3l"},"content":{"rendered":"<p>Az Eur\u00f3pai Endometri\u00f3zis Liga budapesti kongresszus\u00e1nak (3rd European Congress of Endometriosis) egyik kiemelt programpontjak\u00e9nt \u00e9l\u0151ben k\u00f6zvet\u00edtettek n\u00e9gy m\u0171t\u00e9tet a II. Sz. Sz\u00fcl\u00e9szeti \u00e9s N\u0151gy\u00f3gy\u00e1szati Klinik\u00e1r\u00f3l n\u00e9gy nagyh\u00edr\u0171 eur\u00f3pai oper\u00e1tor r\u00e9szv\u00e9tel\u00e9vel.<\/p>\n<p><a href=\"https:\/\/semmelweis.hu\/hirek\/files\/2016\/12\/RS56615_KA-20161118-KA__8738-scr.jpg\"><img loading=\"lazy\" decoding=\"async\" class=\"alignright size-medium wp-image-56657\" src=\"https:\/\/semmelweis.hu\/hirek\/files\/2016\/12\/RS56615_KA-20161118-KA__8738-scr-300x200.jpg\" alt=\"rs56615_ka-20161118-ka__8738-scr\" width=\"300\" height=\"200\" srcset=\"https:\/\/semmelweis.hu\/hirek\/files\/2016\/12\/RS56615_KA-20161118-KA__8738-scr-300x200.jpg 300w, https:\/\/semmelweis.hu\/hirek\/files\/2016\/12\/RS56615_KA-20161118-KA__8738-scr-768x512.jpg 768w, https:\/\/semmelweis.hu\/hirek\/files\/2016\/12\/RS56615_KA-20161118-KA__8738-scr-600x400.jpg 600w, https:\/\/semmelweis.hu\/hirek\/files\/2016\/12\/RS56615_KA-20161118-KA__8738-scr-450x300.jpg 450w, https:\/\/semmelweis.hu\/hirek\/files\/2016\/12\/RS56615_KA-20161118-KA__8738-scr.jpg 950w\" sizes=\"auto, (max-width: 300px) 100vw, 300px\" \/><\/a>Az \u00e9l\u0151 m\u0171t\u00e9ti bemutat\u00f3 c\u00e9lja az volt, hogy demonstr\u00e1ljuk, hogyan lehet a legkorszer\u0171bb technik\u00e1kkal oper\u00e1lni az endometri\u00f3zisban szenved\u0151 betegeket \u2013 ismertette dr. \u00c1cs N\u00e1ndor, a II. Sz. Sz\u00fcl\u00e9szeti \u00e9s N\u0151gy\u00f3gy\u00e1szati Klinika igazgat\u00f3ja. A klinik\u00e1n n\u00e9gy elismert operat\u0151r v\u00e9gzett m\u0171t\u00e9teket: Magyarorsz\u00e1got dr. Szab\u00f3 Istv\u00e1n, a II. Sz. Sz\u00fcl\u00e9szeti \u00e9s N\u0151gy\u00f3gy\u00e1szati Klinika egyetemi docense \u00e9s dr. Kopp\u00e1n Mikl\u00f3s egyetemi docens, a PTE Klinikai K\u00f6zpont Sz\u00fcl\u00e9szeti \u00e9s N\u0151gy\u00f3gy\u00e1szati Klinika igazgat\u00f3helyettese k\u00e9pviselte, valamint jelen volt m\u00e9g dr. J\u00f6rg Keckstein Ausztri\u00e1b\u00f3l \u00e9s dr. Horace Roman Franciaorsz\u00e1gb\u00f3l. Ek\u00f6zben a Budapesti Kongresszusi K\u00f6zpontban a vil\u00e1g minden t\u00e1j\u00e1r\u00f3l \u00e9rkezett szakorvosok dr. \u00c1cs N\u00e1ndor moder\u00e1l\u00e1s\u00e1val k\u00f6vett\u00e9k az esem\u00e9nyeket. A klinikaigazgat\u00f3 hangs\u00falyozta, a rutinos operat\u0151r\u00f6k munk\u00e1ja mellett egy \u00faj eszk\u00f6zt, az \u00fan. Plasma Jet rendszert is bemutatt\u00e1k, amely a laparoszk\u00f3pos m\u0171t\u00e9ti elj\u00e1r\u00e1sok sor\u00e1n haszn\u00e1lhat\u00f3. A berendez\u00e9s seg\u00edts\u00e9g\u00e9vel az endometri\u00f3zis s\u00falyosabb esetei \u2013 amikor pl. a h\u00fagyh\u00f3lyag vagy a belek is \u00e9rintettek \u2013 is j\u00f3 eredm\u00e9nnyel m\u0171thet\u0151ek \u2013 ismertette dr. \u00c1cs N\u00e1ndor hangs\u00falyozva: az \u00e9l\u0151 m\u0171t\u00e9tk\u00f6zvet\u00edt\u00e9s \u00e9s a legkorszer\u0171bb technikai appar\u00e1tus, illetve m\u0171t\u00e9ti elj\u00e1r\u00e1sok bemutat\u00e1sa a klinika j\u00f3 h\u00edrnev\u00e9t is er\u0151s\u00edtette.<\/p>\n<p><a href=\"https:\/\/semmelweis.hu\/hirek\/files\/2016\/12\/RS56607_KA-20161118-KA__8794-scr.jpg\"><img loading=\"lazy\" decoding=\"async\" class=\"alignleft size-medium wp-image-56656\" src=\"https:\/\/semmelweis.hu\/hirek\/files\/2016\/12\/RS56607_KA-20161118-KA__8794-scr-300x200.jpg\" alt=\"rs56607_ka-20161118-ka__8794-scr\" width=\"300\" height=\"200\" srcset=\"https:\/\/semmelweis.hu\/hirek\/files\/2016\/12\/RS56607_KA-20161118-KA__8794-scr-300x200.jpg 300w, https:\/\/semmelweis.hu\/hirek\/files\/2016\/12\/RS56607_KA-20161118-KA__8794-scr-768x512.jpg 768w, https:\/\/semmelweis.hu\/hirek\/files\/2016\/12\/RS56607_KA-20161118-KA__8794-scr-600x400.jpg 600w, https:\/\/semmelweis.hu\/hirek\/files\/2016\/12\/RS56607_KA-20161118-KA__8794-scr-450x300.jpg 450w, https:\/\/semmelweis.hu\/hirek\/files\/2016\/12\/RS56607_KA-20161118-KA__8794-scr.jpg 950w\" sizes=\"auto, (max-width: 300px) 100vw, 300px\" \/><\/a>Az endometri\u00f3zis jelenleg a nemz\u0151k\u00e9pes kor\u00fa h\u00f6lgyek legink\u00e1bb kutatott j\u00f3indulat\u00fa betegs\u00e9ge, az adatok szerint Eur\u00f3p\u00e1ban legal\u00e1bb a n\u0151k 15 sz\u00e1zal\u00e9k\u00e1t \u00e9rinti \u2013 k\u00f6z\u00f6lte dr. \u00c1cs N\u00e1ndor. Mint mondta, a betegs\u00e9g komoly f\u00e1jdalmakat, medd\u0151s\u00e9get okozhat, ez\u00e9rt folyamatosan kutatj\u00e1k a lehet\u0151 leghat\u00e9konyabb oper\u00e1ci\u00f3s lehet\u0151s\u00e9geket. Az endomtri\u00f3zis kezel\u00e9s\u00e9re ugyanis jelenleg nem \u00e1ll rendelkez\u00e9sre \u00e9rdemi gy\u00f3gyszeres kezel\u00e9s \u2013 tette hozz\u00e1 a klinikaigazgat\u00f3 \u2013, \u00e9s sikeres m\u0171t\u00e9t ut\u00e1n is gyakran ki\u00fajulnak a panaszok, egy-egy beteget ak\u00e1r 5-8-szor is \u00fajra meg kell oper\u00e1lni.<\/p>\n<p>Keresztes Eszter<br \/>\n Fot\u00f3: Kov\u00e1cs Attila &#8211; Semmelweis Egyetem<\/p>\n","protected":false},"excerpt":{"rendered":"<p>Az Eur\u00f3pai Endometri\u00f3zis Liga budapesti kongresszus\u00e1nak (3rd European Congress of Endometriosis) egyik kiemelt programpontjak\u00e9nt \u00e9l\u0151ben k\u00f6zvet\u00edtettek n\u00e9gy m\u0171t\u00e9tet a II. Sz. Sz\u00fcl\u00e9szeti \u00e9s N\u0151gy\u00f3gy\u00e1szati Klinik\u00e1r\u00f3l n\u00e9gy nagyh\u00edr\u0171 eur\u00f3pai oper\u00e1tor r\u00e9szv\u00e9tel\u00e9vel. <a href=\"https:\/\/semmelweis.hu\/hirek\/files\/2016\/12\/RS56615_KA-20161118-KA__8738-scr.jpg\"><\/a> Az \u00e9l\u0151 m\u0171t\u00e9ti bemutat\u00f3 c\u00e9lja az volt, hogy demonstr\u00e1ljuk, hogyan lehet a legkorszer\u0171bb technik\u00e1kkal oper\u00e1lni az endometri\u00f3zisban szenved\u0151 betegeket \u2013 ismertette dr. \u00c1cs N\u00e1ndor, a &hellip;<\/p>\n","protected":false},"author":101132,"featured_media":56658,"comment_status":"closed","ping_status":"closed","sticky":false,"template":"","format":"standard","meta":{"_acf_changed":false,"footnotes":""},"categories":[154],"tags":[156],"class_list":["post-56655","post","type-post","status-publish","format-standard","has-post-thumbnail","hentry","category-egeszseg","tag-gyogyitas"],"acf":[],"_links":{"self":[{"href":"https:\/\/semmelweis.hu\/hirek\/wp-json\/wp\/v2\/posts\/56655","targetHints":{"allow":["GET"]}}],"collection":[{"href":"https:\/\/semmelweis.hu\/hirek\/wp-json\/wp\/v2\/posts"}],"about":[{"href":"https:\/\/semmelweis.hu\/hirek\/wp-json\/wp\/v2\/types\/post"}],"author":[{"embeddable":true,"href":"https:\/\/semmelweis.hu\/hirek\/wp-json\/wp\/v2\/users\/101132"}],"replies":[{"embeddable":true,"href":"https:\/\/semmelweis.hu\/hirek\/wp-json\/wp\/v2\/comments?post=56655"}],"version-history":[{"count":7,"href":"https:\/\/semmelweis.hu\/hirek\/wp-json\/wp\/v2\/posts\/56655\/revisions"}],"predecessor-version":[{"id":56668,"href":"https:\/\/semmelweis.hu\/hirek\/wp-json\/wp\/v2\/posts\/56655\/revisions\/56668"}],"wp:featuredmedia":[{"embeddable":true,"href":"https:\/\/semmelweis.hu\/hirek\/wp-json\/wp\/v2\/media\/56658"}],"wp:attachment":[{"href":"https:\/\/semmelweis.hu\/hirek\/wp-json\/wp\/v2\/media?parent=56655"}],"wp:term":[{"taxonomy":"category","embeddable":true,"href":"https:\/\/semmelweis.hu\/hirek\/wp-json\/wp\/v2\/categories?post=56655"},{"taxonomy":"post_tag","embeddable":true,"href":"https:\/\/semmelweis.hu\/hirek\/wp-json\/wp\/v2\/tags?post=56655"}],"curies":[{"name":"wp","href":"https:\/\/api.w.org\/{rel}","templated":true}]}}