{"id":56382,"date":"2016-12-12T06:38:31","date_gmt":"2016-12-12T05:38:31","guid":{"rendered":"http:\/\/semmelweis.hu\/hirek\/?p=56382"},"modified":"2016-12-12T09:25:55","modified_gmt":"2016-12-12T08:25:55","slug":"mar-tobb-mint-500-mioma-embolizaciot-vegeztek-a-radiologiai-klinikan","status":"publish","type":"post","link":"https:\/\/semmelweis.hu\/hirek\/2016\/12\/12\/mar-tobb-mint-500-mioma-embolizaciot-vegeztek-a-radiologiai-klinikan\/","title":{"rendered":"M\u00e1r t\u00f6bb mint 500 mi\u00f3ma emboliz\u00e1ci\u00f3t v\u00e9geztek a Radiol\u00f3giai Klinik\u00e1n"},"content":{"rendered":"<p>M\u00e9rett\u0151l f\u00fcggetlen\u00fcl, a t\u00edz centim\u00e9tern\u00e9l nagyobb m\u00e9hmi\u00f3m\u00e1k eset\u00e9n is elv\u00e9gezhet\u0151 az emboliz\u00e1ci\u00f3 \u2013 ismertette az ezzel kapcsolatos eredm\u00e9nyeket dr. B\u00e9rczi Viktor, a Radiol\u00f3giai Klinika igazgat\u00f3ja annak kapcs\u00e1n, hogy m\u00e1r 500-n\u00e1l is t\u00f6bb mi\u00f3ma emboliz\u00e1ci\u00f3t v\u00e9geztek a klinik\u00e1n. Mint az igazgat\u00f3 elmondta: j\u00f3 hat\u00e9konys\u00e1g\u00fa, biztons\u00e1gos beavatkoz\u00e1sr\u00f3l van sz\u00f3, mellyel a betegek d\u00f6nt\u0151 t\u00f6bbs\u00e9ge el\u00e9gedett, ugyanakkor tapasztalatai szerint m\u00e9g mindig nem el\u00e9g sz\u00e9les k\u00f6rben ismert ez a m\u00f3dszer.<\/p>\n<p><a href=\"https:\/\/semmelweis.hu\/hirek\/files\/2016\/12\/RS9999_KA-20131213-IMG_0633-berczi-viktor-radiologia-scr.jpg\"><img loading=\"lazy\" decoding=\"async\" class=\"alignleft size-medium wp-image-56384\" src=\"https:\/\/semmelweis.hu\/hirek\/files\/2016\/12\/RS9999_KA-20131213-IMG_0633-berczi-viktor-radiologia-scr-300x200.jpg\" alt=\"rs9999_ka-20131213-img_0633-berczi-viktor-radiologia-scr\" width=\"300\" height=\"200\" srcset=\"https:\/\/semmelweis.hu\/hirek\/files\/2016\/12\/RS9999_KA-20131213-IMG_0633-berczi-viktor-radiologia-scr-300x200.jpg 300w, https:\/\/semmelweis.hu\/hirek\/files\/2016\/12\/RS9999_KA-20131213-IMG_0633-berczi-viktor-radiologia-scr-768x512.jpg 768w, https:\/\/semmelweis.hu\/hirek\/files\/2016\/12\/RS9999_KA-20131213-IMG_0633-berczi-viktor-radiologia-scr-600x400.jpg 600w, https:\/\/semmelweis.hu\/hirek\/files\/2016\/12\/RS9999_KA-20131213-IMG_0633-berczi-viktor-radiologia-scr-450x300.jpg 450w, https:\/\/semmelweis.hu\/hirek\/files\/2016\/12\/RS9999_KA-20131213-IMG_0633-berczi-viktor-radiologia-scr.jpg 950w\" sizes=\"auto, (max-width: 300px) 100vw, 300px\" \/><\/a>A mi\u00f3ma emboliz\u00e1ci\u00f3 l\u00e9nyege, hogy mindk\u00e9t m\u00e9hart\u00e9ri\u00e1ban lelass\u00edtj\u00e1k a kering\u00e9st \u00fagy, hogy 500-700 mikrom\u00e9teres szemcs\u00e9ket juttatnak egy kat\u00e9ter seg\u00edts\u00e9g\u00e9vel az art\u00e9ri\u00e1kba. Ennek k\u00f6vetkezt\u00e9ben a mi\u00f3ma v\u00e9rell\u00e1totts\u00e1ga cs\u00f6kken, elhal a mi\u00f3m\u00e1s sz\u00f6vet \u00e9s \u00f6sszezsugorodik a j\u00f3indulat\u00fa daganatos elv\u00e1ltoz\u00e1s, a m\u00e9hizomzatot ell\u00e1t\u00f3 kiserekben ugyanakkor megmarad a kering\u00e9s. Az \u00e9letmin\u0151s\u00e9get zavar\u00f3 panaszok 80-90%-ban r\u00e9szlegesen vagy teljes m\u00e9rt\u00e9kben cs\u00f6kkennek, megsz\u0171nnek. \u00c1tlagosan 50 sz\u00e1zal\u00e9kos t\u00e9rfogatcs\u00f6kken\u00e9s \u00e9rhet\u0151 el.<\/p>\n<p>A beavatkoz\u00e1st altat\u00e1s n\u00e9lk\u00fcl v\u00e9gzik, \u00e9s b\u00e1r az els\u0151 nap lehet f\u00e1jdalom \u00e9s kismedencei g\u00f6rcs, a m\u0171t\u00e9thez k\u00e9pest j\u00f3val kisebb megterhel\u00e9st jelent a beteg sz\u00e1m\u00e1ra az emboliz\u00e1ci\u00f3, mely ut\u00e1n a k\u00e9s\u0151bbiekben ak\u00e1r gyermeket is v\u00e1llalhatnak az \u00e9rintettek \u2013 hangs\u00falyozta dr. B\u00e9rczi Viktor. Az igazgat\u00f3 hozz\u00e1tette: az emboliz\u00e1ci\u00f3 a mi\u00f3m\u00e1k legal\u00e1bb 90 sz\u00e1zal\u00e9k\u00e1n\u00e1l v\u00e9grehajthat\u00f3, a darabsz\u00e1m \u00e9s a m\u00e9ret sem kiz\u00e1r\u00f3 ok.<\/p>\n<p>A Radiol\u00f3giai Klinika adatai szerint a 10 centim\u00e9tern\u00e9l nagyobb mi\u00f3m\u00e1k eset\u00e9n sem szignifik\u00e1nsan nagyobb statisztikailag a k\u00e9s\u0151i fert\u0151z\u00e9s miatt sz\u00fcks\u00e9gess\u00e9 v\u00e1l\u00f3 m\u00e9helt\u00e1vol\u00edt\u00e1s, ami a beavatkoz\u00e1s egyik kock\u00e1zata: 10 centim\u00e9ter alatt 1-3 sz\u00e1zal\u00e9k, 10 centim\u00e9ter f\u00f6l\u00f6tt 4-5 sz\u00e1zal\u00e9k ennek a vesz\u00e9lye. Az ezzel kapcsolatos eredm\u00e9nyeket egy vezet\u0151 eur\u00f3pai intervenci\u00f3s radiol\u00f3giai szaklapban (CardioVascular and Interventional Radiology) tett\u00e9k k\u00f6zz\u00e9. Jelenleg azt vizsg\u00e1lj\u00e1k, hogy az el\u0151zetes MR vizsg\u00e1lat alapj\u00e1n mennyire lehet el\u0151re jelezni az emboliz\u00e1ci\u00f3 hat\u00e1soss\u00e1g\u00e1t \u2013 mondta el dr. B\u00e9rczi Viktor. A klinik\u00e1n egy\u00e9bk\u00e9nt \u00e9vente 60-90 ilyen beavatkoz\u00e1st v\u00e9geznek, b\u00e1r kapacit\u00e1s t\u00f6bbre is lenne.<\/p>\n<p><a href=\"https:\/\/semmelweis.hu\/hirek\/files\/2016\/12\/RS10003_KA-20131213-IMG_0610-berczi-viktor-radiologia-scr.jpg\"><img loading=\"lazy\" decoding=\"async\" class=\"alignright size-medium wp-image-56383\" src=\"https:\/\/semmelweis.hu\/hirek\/files\/2016\/12\/RS10003_KA-20131213-IMG_0610-berczi-viktor-radiologia-scr-200x300.jpg\" alt=\"rs10003_ka-20131213-img_0610-berczi-viktor-radiologia-scr\" width=\"200\" height=\"300\" srcset=\"https:\/\/semmelweis.hu\/hirek\/files\/2016\/12\/RS10003_KA-20131213-IMG_0610-berczi-viktor-radiologia-scr-200x300.jpg 200w, https:\/\/semmelweis.hu\/hirek\/files\/2016\/12\/RS10003_KA-20131213-IMG_0610-berczi-viktor-radiologia-scr-267x400.jpg 267w, https:\/\/semmelweis.hu\/hirek\/files\/2016\/12\/RS10003_KA-20131213-IMG_0610-berczi-viktor-radiologia-scr.jpg 500w\" sizes=\"auto, (max-width: 200px) 100vw, 200px\" \/><\/a>Mint azt az igazgat\u00f3 kiemelte: fontos feladatnak tartja a n\u0151gy\u00f3gy\u00e1sz szakm\u00e1val val\u00f3 egy\u00fcttm\u0171k\u00f6d\u00e9st. Minden esetben n\u0151gy\u00f3gy\u00e1sz is r\u00e9szt vesz a szakmai d\u00f6nt\u00e9sben, hogy melyik kezel\u00e9si m\u00f3d a legalkalmasabb az adott betegnek. A mi\u00f3ma eset\u00e9ben sz\u00f3ba j\u00f6het a gy\u00f3gyszeres kezel\u00e9s, a mi\u00f3ma elt\u00e1vol\u00edt\u00e1sa m\u0171t\u00e9ti \u00faton \u00e9s a mi\u00f3ma emboliz\u00e1ci\u00f3ja, ez ut\u00f3bbiban sok esetben kiv\u00e1lthat\u00f3 a teljes m\u00e9h elt\u00e1vol\u00edt\u00e1sa. Mint mondta, minden betegn\u00e9l a n\u0151gy\u00f3gy\u00e1sz szakorvos v\u00e9lem\u00e9nye meghat\u00e1roz\u00f3, hogy mi a legmegfelel\u0151bb m\u00f3dszer a kezel\u00e9sre, a szakirodalom szerint p\u00e9ld\u00e1ul amennyiben a v\u00e1rand\u00f3ss\u00e1g a c\u00e9l, akkor a mi\u00f3mag\u00f6b\u00f6k m\u0171t\u00e9ti elt\u00e1vol\u00edt\u00e1s\u00e1t javasolj\u00e1k, amennyiben ezt a m\u00e9ret \u00e9s az elhelyezked\u00e9s lehet\u0151v\u00e9 teszi. Az emboliz\u00e1ci\u00f3 ilyen esetben akkor mer\u00fcl fel, ha t\u00fal nagy a m\u00e9helt\u00e1vol\u00edt\u00e1s kock\u00e1zata. Az igazgat\u00f3 hangs\u00falyozta: a v\u00e9gs\u0151 d\u00f6nt\u00e9st persze minden esetben a beteg hozza meg, fontos lenne ugyanakkor, hogy a m\u00e9helt\u00e1vol\u00edt\u00e1s el\u0151tt a beteg mindig id\u0151ben \u00e9rtes\u00fclj\u00f6n az emboliz\u00e1ci\u00f3s lehet\u0151s\u00e9gr\u0151l is.<\/p>\n<p>Az els\u0151 mi\u00f3ma emboliz\u00e1ci\u00f3t francia orvosok v\u00e9gezt\u00e9k 1995-ben, Magyarorsz\u00e1gon P\u00e9csett \u00e9s Budapesten, a Semmelweis Egyetem Radiol\u00f3giai Klinik\u00e1j\u00e1n v\u00e9geznek nagyobb sz\u00e1mban ilyen beavatkoz\u00e1st.<\/p>\n<p>Dobozi P\u00e1lma<br \/>\n Fot\u00f3: Kov\u00e1cs Attila, Semmelweis Egyetem<\/p>\n","protected":false},"excerpt":{"rendered":"<p>M\u00e9rett\u0151l f\u00fcggetlen\u00fcl, a t\u00edz centim\u00e9tern\u00e9l nagyobb m\u00e9hmi\u00f3m\u00e1k eset\u00e9n is elv\u00e9gezhet\u0151 az emboliz\u00e1ci\u00f3 \u2013 ismertette az ezzel kapcsolatos eredm\u00e9nyeket dr. B\u00e9rczi Viktor, a Radiol\u00f3giai Klinika igazgat\u00f3ja annak kapcs\u00e1n, hogy m\u00e1r 500-n\u00e1l is t\u00f6bb mi\u00f3ma emboliz\u00e1ci\u00f3t v\u00e9geztek a klinik\u00e1n. Mint az igazgat\u00f3 elmondta: j\u00f3 hat\u00e9konys\u00e1g\u00fa, biztons\u00e1gos beavatkoz\u00e1sr\u00f3l van sz\u00f3, mellyel a betegek d\u00f6nt\u0151 t\u00f6bbs\u00e9ge el\u00e9gedett, ugyanakkor tapasztalatai &hellip;<\/p>\n","protected":false},"author":13,"featured_media":56384,"comment_status":"closed","ping_status":"closed","sticky":false,"template":"","format":"standard","meta":{"_acf_changed":false,"footnotes":""},"categories":[154,168],"tags":[156],"class_list":["post-56382","post","type-post","status-publish","format-standard","has-post-thumbnail","hentry","category-egeszseg","category-kiemelt","tag-gyogyitas"],"acf":[],"_links":{"self":[{"href":"https:\/\/semmelweis.hu\/hirek\/wp-json\/wp\/v2\/posts\/56382","targetHints":{"allow":["GET"]}}],"collection":[{"href":"https:\/\/semmelweis.hu\/hirek\/wp-json\/wp\/v2\/posts"}],"about":[{"href":"https:\/\/semmelweis.hu\/hirek\/wp-json\/wp\/v2\/types\/post"}],"author":[{"embeddable":true,"href":"https:\/\/semmelweis.hu\/hirek\/wp-json\/wp\/v2\/users\/13"}],"replies":[{"embeddable":true,"href":"https:\/\/semmelweis.hu\/hirek\/wp-json\/wp\/v2\/comments?post=56382"}],"version-history":[{"count":5,"href":"https:\/\/semmelweis.hu\/hirek\/wp-json\/wp\/v2\/posts\/56382\/revisions"}],"predecessor-version":[{"id":56672,"href":"https:\/\/semmelweis.hu\/hirek\/wp-json\/wp\/v2\/posts\/56382\/revisions\/56672"}],"wp:featuredmedia":[{"embeddable":true,"href":"https:\/\/semmelweis.hu\/hirek\/wp-json\/wp\/v2\/media\/56384"}],"wp:attachment":[{"href":"https:\/\/semmelweis.hu\/hirek\/wp-json\/wp\/v2\/media?parent=56382"}],"wp:term":[{"taxonomy":"category","embeddable":true,"href":"https:\/\/semmelweis.hu\/hirek\/wp-json\/wp\/v2\/categories?post=56382"},{"taxonomy":"post_tag","embeddable":true,"href":"https:\/\/semmelweis.hu\/hirek\/wp-json\/wp\/v2\/tags?post=56382"}],"curies":[{"name":"wp","href":"https:\/\/api.w.org\/{rel}","templated":true}]}}