{"id":56209,"date":"2016-12-02T08:44:19","date_gmt":"2016-12-02T07:44:19","guid":{"rendered":"http:\/\/semmelweis.hu\/hirek\/?p=56209"},"modified":"2016-12-05T13:23:57","modified_gmt":"2016-12-05T12:23:57","slug":"incze-mozes-festmenyei-a-semmelweis-szalonban","status":"publish","type":"post","link":"https:\/\/semmelweis.hu\/hirek\/2016\/12\/02\/incze-mozes-festmenyei-a-semmelweis-szalonban\/","title":{"rendered":"Incze M\u00f3zes festm\u00e9nyei a Semmelweis Szalonban"},"content":{"rendered":"<p>Az ember k\u00f6r\u00e9 \u00e9p\u00fcl\u0151 komplexit\u00e1s lehet a k\u00f6z\u00f6s nevez\u0151 a hely szellemis\u00e9ge \u00e9s a k\u00e9pei k\u00f6z\u00f6tt \u2013 mondja Incze M\u00f3zes fest\u0151m\u0171v\u00e9sz, akinek alkot\u00e1saib\u00f3l a napokban ny\u00edlt ki\u00e1ll\u00edt\u00e1s a Semmelweis Szalonban. A december 13-ig l\u00e1that\u00f3 t\u00e1rlatot dr. B\u00e1nhidy Ferenc \u00e1ltal\u00e1nos rektorhelyettes nyitotta meg, a m\u0171v\u00e9sz besz\u00e9lget\u0151t\u00e1rsa pedig dr. Borsos Mih\u00e1ly fotogr\u00e1fus volt.<a href=\"https:\/\/semmelweis.hu\/hirek\/files\/2016\/12\/RS55966_KA-20161123-IMG_3432-scr.jpg\"><img loading=\"lazy\" decoding=\"async\" class=\"aligncenter wp-image-56448 size-large\" src=\"https:\/\/semmelweis.hu\/hirek\/files\/2016\/12\/RS55966_KA-20161123-IMG_3432-scr-600x400.jpg\" alt=\"rs55966_ka-20161123-img_3432-scr\" width=\"600\" height=\"400\" srcset=\"https:\/\/semmelweis.hu\/hirek\/files\/2016\/12\/RS55966_KA-20161123-IMG_3432-scr-600x400.jpg 600w, https:\/\/semmelweis.hu\/hirek\/files\/2016\/12\/RS55966_KA-20161123-IMG_3432-scr-300x200.jpg 300w, https:\/\/semmelweis.hu\/hirek\/files\/2016\/12\/RS55966_KA-20161123-IMG_3432-scr-768x512.jpg 768w, https:\/\/semmelweis.hu\/hirek\/files\/2016\/12\/RS55966_KA-20161123-IMG_3432-scr-450x300.jpg 450w, https:\/\/semmelweis.hu\/hirek\/files\/2016\/12\/RS55966_KA-20161123-IMG_3432-scr.jpg 950w\" sizes=\"auto, (max-width: 600px) 100vw, 600px\" \/><\/a><\/p>\n<p>\u201e Incze M\u00f3zes egy csod\u00e1latos k\u00e9pess\u00e9g\u0171 ember, aki megpr\u00f3b\u00e1l nek\u00fcnk j\u00f3t tenni az\u00e1ltal, hogy l\u00e1thatjuk a k\u00e9peit, amelyek \u00e9rzelmeket kov\u00e1csolnak benn\u00fcnk, \u00e9s seg\u00edtenek minket \u00a0boldogabb\u00e1 tenni\u201d \u2013 ezekkel a szavakkal nyitotta meg a t\u00e1rlatot dr. B\u00e1nhidy Ferenc \u00e1ltal\u00e1nos rektorhelyettes.<\/p>\n<p>Tizenh\u00e9t t\u00e9tel szerepel a c\u00edmlist\u00e1n. Az alkot\u00e1sokat pedig az a felismer\u00e9s hozta \u00f6ssze egy ki\u00e1ll\u00edt\u00e1ss\u00e1, hogy r\u00e1j\u00f6tt, vannak olyan gondolatok, mot\u00edvumok, amelyek nem tudatosan ugyan, de vissza-visszat\u00e9rnek m\u0171veiben &#8211; mondta Incze M\u00f3zes. P\u00e9ldak\u00e9nt a fizikai \u00e9s a gondolati t\u00e9r egym\u00e1sra vet\u00fcl\u00e9seit eml\u00edtette hozz\u00e1t\u00e9ve, hogy az ember k\u00f6r\u00e9 \u00e9p\u00fcl\u0151 komplexit\u00e1s lehet a k\u00f6z\u00f6s nevez\u0151 a hely szellemis\u00e9ge \u00e9s a k\u00e9pei k\u00f6z\u00f6tt. A fest\u0151m\u0171v\u00e9sz szerint a k\u00e9pz\u0151m\u0171v\u00e9szet anat\u00f3miai kutat\u00e1sai sok\u00e1ig egyet jelentettek az orvostudom\u00e1ny fejl\u0151d\u00e9s\u00e9vel, j\u00f3 ideje sz\u00e9tv\u00e1ltak ugyan, de \u0151, mint vizu\u00e1lis sz\u00f3t\u00e1rat alkalmazza most is.<\/p>\n<p>Incze M\u00f3zes ki\u00e1ll\u00edt\u00e1sa \u2013 el\u0151zetes bejelentkez\u00e9s ut\u00e1n \u2013 2016. december 13-ig tekinthet\u0151 meg a Semmelweis Szalonban. (Kapcsolat a bejelentkez\u00e9shez: e-mail: rendezveny@semmelweis-univ.hu, \u00a0tel.: 06 20 663 2055)<\/p>\n<p>Kele T\u00edmea<br \/>\n Fot\u00f3: Kov\u00e1cs Attila &#8211; Semmelweis Egyetem<\/p>\n\r\n        [slb_exclude]\r\n        <div class=\"row galeria-wrapper mx-0 h-auto\">\r\n            <div class=\"col-9 pl-0 pr-2\">\r\n            <span class=\"gallery-item frame\">\r\n\t\t\t\t<div class=\"galeria-left-img\"><a href=\"https:\/\/semmelweis.hu\/hirek\/files\/2016\/12\/RS55970_KA-20161123-IMG_3426-scr.jpg\"><img src=https:\/\/semmelweis.hu\/hirek\/files\/2016\/12\/RS55970_KA-20161123-IMG_3426-scr.jpg  \r\n                            alt=\"\" \r\n                            class=\"attachment-sote-gallery-big size-sote-gallery-big\" \r\n                            srcset=\"https:\/\/semmelweis.hu\/hirek\/files\/2016\/12\/RS55970_KA-20161123-IMG_3426-scr-300x200.jpg 300w, https:\/\/semmelweis.hu\/hirek\/files\/2016\/12\/RS55970_KA-20161123-IMG_3426-scr-768x512.jpg 768w, https:\/\/semmelweis.hu\/hirek\/files\/2016\/12\/RS55970_KA-20161123-IMG_3426-scr-600x400.jpg 600w, https:\/\/semmelweis.hu\/hirek\/files\/2016\/12\/RS55970_KA-20161123-IMG_3426-scr-450x300.jpg 450w, https:\/\/semmelweis.hu\/hirek\/files\/2016\/12\/RS55970_KA-20161123-IMG_3426-scr.jpg 950w\" ><\/a><\/div>\r\n            <\/span>\r\n\r\n            <\/div>\r\n\r\n\t\t\t<div class=\"col-3 pl-0 pr-0\">\r\n\t\t\t\t<div class=\"galeria-right-img d-flex justify-content-between flex-column h-100 w-100 px-0 mx-0 \">\r\n                <div class=\"galeria-box\">\r\n\t\t\t\t\t<h3 class=\"galeria-title\">Gal\u00e9ria<\/h3>\r\n\t\t\t\t\t<div class=\"galeria-subtitle\">\r\n\r\n\t\t\t\t\t\t<div class=\"galeria-page-counter\"><span>10<\/span>k\u00e9p<\/div>\r\n                    <\/div> <\/div>\r\n                    <span class=\"gallery-item frame d-none d-md-flex\">\r\n\t\t\t\t\t<div class=\"galeria-small-img mt-0\"><a href=\"https:\/\/semmelweis.hu\/hirek\/files\/2016\/12\/RS55973_KA-20161123-IMG_3421-scr.jpg\"><img src=https:\/\/semmelweis.hu\/hirek\/files\/2016\/12\/RS55973_KA-20161123-IMG_3421-scr.jpg \r\n                                alt=\"\"  \r\n                                class=\"attachment-sote-gallery-small size-sote-gallery-small\" \r\n                                srcset=\"https:\/\/semmelweis.hu\/hirek\/files\/2016\/12\/RS55973_KA-20161123-IMG_3421-scr-300x200.jpg 300w, https:\/\/semmelweis.hu\/hirek\/files\/2016\/12\/RS55973_KA-20161123-IMG_3421-scr-768x512.jpg 768w, https:\/\/semmelweis.hu\/hirek\/files\/2016\/12\/RS55973_KA-20161123-IMG_3421-scr-600x400.jpg 600w, https:\/\/semmelweis.hu\/hirek\/files\/2016\/12\/RS55973_KA-20161123-IMG_3421-scr-450x300.jpg 450w, https:\/\/semmelweis.hu\/hirek\/files\/2016\/12\/RS55973_KA-20161123-IMG_3421-scr.jpg 950w\" ><\/a><\/div>\r\n                    <\/span>\r\n                    <span class=\"gallery-item frame d-none d-md-flex\">\r\n\t\t\t\t\t<div class=\"galeria-small-img mt-0\"><a href=\"https:\/\/semmelweis.hu\/hirek\/files\/2016\/12\/RS55968_KA-20161123-IMG_3428-scr.jpg\"><img src=https:\/\/semmelweis.hu\/hirek\/files\/2016\/12\/RS55968_KA-20161123-IMG_3428-scr.jpg \r\n                                alt=\"\" \r\n                                class=\"attachment-sote-gallery-small size-sote-gallery-small\" \r\n                                srcset=\"https:\/\/semmelweis.hu\/hirek\/files\/2016\/12\/RS55968_KA-20161123-IMG_3428-scr-300x200.jpg 300w, https:\/\/semmelweis.hu\/hirek\/files\/2016\/12\/RS55968_KA-20161123-IMG_3428-scr-768x512.jpg 768w, https:\/\/semmelweis.hu\/hirek\/files\/2016\/12\/RS55968_KA-20161123-IMG_3428-scr-600x400.jpg 600w, https:\/\/semmelweis.hu\/hirek\/files\/2016\/12\/RS55968_KA-20161123-IMG_3428-scr-450x300.jpg 450w, https:\/\/semmelweis.hu\/hirek\/files\/2016\/12\/RS55968_KA-20161123-IMG_3428-scr.jpg 950w\" ><\/a><\/div>\r\n                    <\/span>\r\n\r\n                <\/div>\r\n\r\n            <\/div>\r\n\r\n            <span class=\"gallery-item\"><div class=\"hidden\"><a href=\"https:\/\/semmelweis.hu\/hirek\/files\/2016\/12\/RS55963_KA-20161123-IMG_3437-scr.jpg\">\r\n        <img src=https:\/\/semmelweis.hu\/hirek\/files\/2016\/12\/RS55963_KA-20161123-IMG_3437-scr.jpg alt=\"\" class=\"attachment-sote-gallery-big size-sote-gallery-big\" srcset=\"https:\/\/semmelweis.hu\/hirek\/files\/2016\/12\/RS55963_KA-20161123-IMG_3437-scr-300x200.jpg 300w, https:\/\/semmelweis.hu\/hirek\/files\/2016\/12\/RS55963_KA-20161123-IMG_3437-scr-768x512.jpg 768w, https:\/\/semmelweis.hu\/hirek\/files\/2016\/12\/RS55963_KA-20161123-IMG_3437-scr-600x400.jpg 600w, https:\/\/semmelweis.hu\/hirek\/files\/2016\/12\/RS55963_KA-20161123-IMG_3437-scr-450x300.jpg 450w, https:\/\/semmelweis.hu\/hirek\/files\/2016\/12\/RS55963_KA-20161123-IMG_3437-scr.jpg 950w\" >\r\n        <\/a><\/div><\/span><span class=\"gallery-item\"><div class=\"hidden\"><a href=\"https:\/\/semmelweis.hu\/hirek\/files\/2016\/12\/RS55966_KA-20161123-IMG_3432-scr.jpg\">\r\n        <img src=https:\/\/semmelweis.hu\/hirek\/files\/2016\/12\/RS55966_KA-20161123-IMG_3432-scr.jpg alt=\"\" class=\"attachment-sote-gallery-big size-sote-gallery-big\" srcset=\"https:\/\/semmelweis.hu\/hirek\/files\/2016\/12\/RS55966_KA-20161123-IMG_3432-scr-300x200.jpg 300w, https:\/\/semmelweis.hu\/hirek\/files\/2016\/12\/RS55966_KA-20161123-IMG_3432-scr-768x512.jpg 768w, https:\/\/semmelweis.hu\/hirek\/files\/2016\/12\/RS55966_KA-20161123-IMG_3432-scr-600x400.jpg 600w, https:\/\/semmelweis.hu\/hirek\/files\/2016\/12\/RS55966_KA-20161123-IMG_3432-scr-450x300.jpg 450w, https:\/\/semmelweis.hu\/hirek\/files\/2016\/12\/RS55966_KA-20161123-IMG_3432-scr.jpg 950w\" >\r\n        <\/a><\/div><\/span><span class=\"gallery-item\"><div class=\"hidden\"><a href=\"https:\/\/semmelweis.hu\/hirek\/files\/2016\/12\/RS55953_KA-20161123-IMG_3460-scr.jpg\">\r\n        <img src=https:\/\/semmelweis.hu\/hirek\/files\/2016\/12\/RS55953_KA-20161123-IMG_3460-scr.jpg alt=\"\" class=\"attachment-sote-gallery-big size-sote-gallery-big\" srcset=\"https:\/\/semmelweis.hu\/hirek\/files\/2016\/12\/RS55953_KA-20161123-IMG_3460-scr-300x200.jpg 300w, https:\/\/semmelweis.hu\/hirek\/files\/2016\/12\/RS55953_KA-20161123-IMG_3460-scr-768x512.jpg 768w, https:\/\/semmelweis.hu\/hirek\/files\/2016\/12\/RS55953_KA-20161123-IMG_3460-scr-600x400.jpg 600w, https:\/\/semmelweis.hu\/hirek\/files\/2016\/12\/RS55953_KA-20161123-IMG_3460-scr-450x300.jpg 450w, https:\/\/semmelweis.hu\/hirek\/files\/2016\/12\/RS55953_KA-20161123-IMG_3460-scr.jpg 950w\" >\r\n        <\/a><\/div><\/span><span class=\"gallery-item\"><div class=\"hidden\"><a href=\"https:\/\/semmelweis.hu\/hirek\/files\/2016\/12\/RS55958_KA-20161123-IMG_3450-scr.jpg\">\r\n        <img src=https:\/\/semmelweis.hu\/hirek\/files\/2016\/12\/RS55958_KA-20161123-IMG_3450-scr.jpg alt=\"\" class=\"attachment-sote-gallery-big size-sote-gallery-big\" srcset=\"https:\/\/semmelweis.hu\/hirek\/files\/2016\/12\/RS55958_KA-20161123-IMG_3450-scr-300x200.jpg 300w, https:\/\/semmelweis.hu\/hirek\/files\/2016\/12\/RS55958_KA-20161123-IMG_3450-scr-768x512.jpg 768w, https:\/\/semmelweis.hu\/hirek\/files\/2016\/12\/RS55958_KA-20161123-IMG_3450-scr-600x400.jpg 600w, https:\/\/semmelweis.hu\/hirek\/files\/2016\/12\/RS55958_KA-20161123-IMG_3450-scr-450x300.jpg 450w, https:\/\/semmelweis.hu\/hirek\/files\/2016\/12\/RS55958_KA-20161123-IMG_3450-scr.jpg 950w\" >\r\n        <\/a><\/div><\/span><span class=\"gallery-item\"><div class=\"hidden\"><a href=\"https:\/\/semmelweis.hu\/hirek\/files\/2016\/12\/RS55945_KA-20161123-IMG_3479-scr.jpg\">\r\n        <img src=https:\/\/semmelweis.hu\/hirek\/files\/2016\/12\/RS55945_KA-20161123-IMG_3479-scr.jpg alt=\"\" class=\"attachment-sote-gallery-big size-sote-gallery-big\" srcset=\"https:\/\/semmelweis.hu\/hirek\/files\/2016\/12\/RS55945_KA-20161123-IMG_3479-scr-300x200.jpg 300w, https:\/\/semmelweis.hu\/hirek\/files\/2016\/12\/RS55945_KA-20161123-IMG_3479-scr-768x512.jpg 768w, https:\/\/semmelweis.hu\/hirek\/files\/2016\/12\/RS55945_KA-20161123-IMG_3479-scr-600x400.jpg 600w, https:\/\/semmelweis.hu\/hirek\/files\/2016\/12\/RS55945_KA-20161123-IMG_3479-scr-450x300.jpg 450w, https:\/\/semmelweis.hu\/hirek\/files\/2016\/12\/RS55945_KA-20161123-IMG_3479-scr.jpg 950w\" >\r\n        <\/a><\/div><\/span><span class=\"gallery-item\"><div class=\"hidden\"><a href=\"https:\/\/semmelweis.hu\/hirek\/files\/2016\/12\/RS55943_KA-20161123-IMG_3483-scr.jpg\">\r\n        <img src=https:\/\/semmelweis.hu\/hirek\/files\/2016\/12\/RS55943_KA-20161123-IMG_3483-scr.jpg alt=\"\" class=\"attachment-sote-gallery-big size-sote-gallery-big\" srcset=\"https:\/\/semmelweis.hu\/hirek\/files\/2016\/12\/RS55943_KA-20161123-IMG_3483-scr-300x200.jpg 300w, https:\/\/semmelweis.hu\/hirek\/files\/2016\/12\/RS55943_KA-20161123-IMG_3483-scr-768x512.jpg 768w, https:\/\/semmelweis.hu\/hirek\/files\/2016\/12\/RS55943_KA-20161123-IMG_3483-scr-600x400.jpg 600w, https:\/\/semmelweis.hu\/hirek\/files\/2016\/12\/RS55943_KA-20161123-IMG_3483-scr-450x300.jpg 450w, https:\/\/semmelweis.hu\/hirek\/files\/2016\/12\/RS55943_KA-20161123-IMG_3483-scr.jpg 950w\" >\r\n        <\/a><\/div><\/span><span class=\"gallery-item\"><div class=\"hidden\"><a href=\"https:\/\/semmelweis.hu\/hirek\/files\/2016\/12\/RS55949_KA-20161123-IMG_3469-scr.jpg\">\r\n        <img src=https:\/\/semmelweis.hu\/hirek\/files\/2016\/12\/RS55949_KA-20161123-IMG_3469-scr.jpg alt=\"\" class=\"attachment-sote-gallery-big size-sote-gallery-big\" srcset=\"https:\/\/semmelweis.hu\/hirek\/files\/2016\/12\/RS55949_KA-20161123-IMG_3469-scr-300x200.jpg 300w, https:\/\/semmelweis.hu\/hirek\/files\/2016\/12\/RS55949_KA-20161123-IMG_3469-scr-768x512.jpg 768w, https:\/\/semmelweis.hu\/hirek\/files\/2016\/12\/RS55949_KA-20161123-IMG_3469-scr-600x400.jpg 600w, https:\/\/semmelweis.hu\/hirek\/files\/2016\/12\/RS55949_KA-20161123-IMG_3469-scr-450x300.jpg 450w, https:\/\/semmelweis.hu\/hirek\/files\/2016\/12\/RS55949_KA-20161123-IMG_3469-scr.jpg 950w\" >\r\n        <\/a><\/div><\/span>\r\n            <\/div>\r\n\r\n            [\/slb_exclude]\r\n\t\n","protected":false},"excerpt":{"rendered":"<p>Az ember k\u00f6r\u00e9 \u00e9p\u00fcl\u0151 komplexit\u00e1s lehet a k\u00f6z\u00f6s nevez\u0151 a hely szellemis\u00e9ge \u00e9s a k\u00e9pei k\u00f6z\u00f6tt \u2013 mondja Incze M\u00f3zes fest\u0151m\u0171v\u00e9sz, akinek alkot\u00e1saib\u00f3l a napokban ny\u00edlt ki\u00e1ll\u00edt\u00e1s a Semmelweis Szalonban. A december 13-ig l\u00e1that\u00f3 t\u00e1rlatot dr. B\u00e1nhidy Ferenc \u00e1ltal\u00e1nos rektorhelyettes nyitotta meg, a m\u0171v\u00e9sz besz\u00e9lget\u0151t\u00e1rsa pedig dr. Borsos Mih\u00e1ly fotogr\u00e1fus volt. <a href=\"https:\/\/semmelweis.hu\/hirek\/files\/2016\/12\/RS55966_KA-20161123-IMG_3432-scr.jpg\"><\/a> \u201e Incze M\u00f3zes egy &hellip;<\/p>\n","protected":false},"author":101026,"featured_media":56210,"comment_status":"closed","ping_status":"closed","sticky":false,"template":"","format":"standard","meta":{"_acf_changed":false,"footnotes":""},"categories":[157,168],"tags":[2569,152,153],"class_list":["post-56209","post","type-post","status-publish","format-standard","has-post-thumbnail","hentry","category-semmelweis-vilag","category-kiemelt","tag-galeria","tag-kultur","tag-szalon"],"acf":[],"_links":{"self":[{"href":"https:\/\/semmelweis.hu\/hirek\/wp-json\/wp\/v2\/posts\/56209","targetHints":{"allow":["GET"]}}],"collection":[{"href":"https:\/\/semmelweis.hu\/hirek\/wp-json\/wp\/v2\/posts"}],"about":[{"href":"https:\/\/semmelweis.hu\/hirek\/wp-json\/wp\/v2\/types\/post"}],"author":[{"embeddable":true,"href":"https:\/\/semmelweis.hu\/hirek\/wp-json\/wp\/v2\/users\/101026"}],"replies":[{"embeddable":true,"href":"https:\/\/semmelweis.hu\/hirek\/wp-json\/wp\/v2\/comments?post=56209"}],"version-history":[{"count":6,"href":"https:\/\/semmelweis.hu\/hirek\/wp-json\/wp\/v2\/posts\/56209\/revisions"}],"predecessor-version":[{"id":56456,"href":"https:\/\/semmelweis.hu\/hirek\/wp-json\/wp\/v2\/posts\/56209\/revisions\/56456"}],"wp:featuredmedia":[{"embeddable":true,"href":"https:\/\/semmelweis.hu\/hirek\/wp-json\/wp\/v2\/media\/56210"}],"wp:attachment":[{"href":"https:\/\/semmelweis.hu\/hirek\/wp-json\/wp\/v2\/media?parent=56209"}],"wp:term":[{"taxonomy":"category","embeddable":true,"href":"https:\/\/semmelweis.hu\/hirek\/wp-json\/wp\/v2\/categories?post=56209"},{"taxonomy":"post_tag","embeddable":true,"href":"https:\/\/semmelweis.hu\/hirek\/wp-json\/wp\/v2\/tags?post=56209"}],"curies":[{"name":"wp","href":"https:\/\/api.w.org\/{rel}","templated":true}]}}