{"id":56063,"date":"2016-11-24T13:00:47","date_gmt":"2016-11-24T12:00:47","guid":{"rendered":"http:\/\/semmelweis.hu\/hirek\/?p=56063"},"modified":"2019-04-08T15:40:24","modified_gmt":"2019-04-08T13:40:24","slug":"hasznos-projekt-megalakultak-a-hosszu-tavu-feladatokat-megvalosito-strategiai-munkacsoportok-is","status":"publish","type":"post","link":"https:\/\/semmelweis.hu\/hirek\/2016\/11\/24\/hasznos-projekt-megalakultak-a-hosszu-tavu-feladatokat-megvalosito-strategiai-munkacsoportok-is\/","title":{"rendered":"HASZNOS projekt: megalakultak a hossz\u00fa t\u00e1v\u00fa feladatokat megval\u00f3s\u00edt\u00f3 strat\u00e9giai munkacsoportok is"},"content":{"rendered":"<p>M\u00e1r decemberben megval\u00f3sulhat a szabad k\u00f6nyvt\u00e1ri helyek online l\u00e1that\u00f3v\u00e1 t\u00e9tele, tov\u00e1bb\u00e1 \u00e9v v\u00e9g\u00e9ig elindulhat k\u00e9t pilot-projekt az elektronikus k\u00e9rv\u00e9nykezel\u00e9ssel kapcsolatban \u2013 der\u00fcl ki egyebek mellett a hallgat\u00f3i szolg\u00e1ltat\u00e1sok \u00e1tfog\u00f3 fejleszt\u00e9s\u00e9t c\u00e9lz\u00f3 <a href=\"https:\/\/semmelweis.hu\/hirek\/2016\/08\/31\/atfogo-projekt-indul-a-hallgatoi-szolgaltatasok-fejlesztesere\/\">HASZNOS projekt<\/a> munkacsoportjainak legut\u00f3bbi besz\u00e1mol\u00f3j\u00e1b\u00f3l. A projekt keret\u00e9ben megalakultak a hossz\u00fa t\u00e1v\u00fa, strat\u00e9giai c\u00e9lokat megval\u00f3s\u00edt\u00f3 munkacsoportok is.\u00a0<\/p>\n<p><a href=\"https:\/\/semmelweis.hu\/hirek\/files\/2014\/04\/RS9561_20130510-IMG_4029-kozponti-konyvtar-scr.jpg\"><img loading=\"lazy\" decoding=\"async\" class=\"size-medium wp-image-28224 alignright\" src=\"https:\/\/semmelweis.hu\/hirek\/files\/2014\/04\/RS9561_20130510-IMG_4029-kozponti-konyvtar-scr-300x199.jpg\" alt=\"RS9561_20130510-IMG_4029-kozponti-konyvtar-scr\" width=\"300\" height=\"199\" srcset=\"https:\/\/semmelweis.hu\/hirek\/files\/2014\/04\/RS9561_20130510-IMG_4029-kozponti-konyvtar-scr-300x199.jpg 300w, https:\/\/semmelweis.hu\/hirek\/files\/2014\/04\/RS9561_20130510-IMG_4029-kozponti-konyvtar-scr-600x400.jpg 600w, https:\/\/semmelweis.hu\/hirek\/files\/2014\/04\/RS9561_20130510-IMG_4029-kozponti-konyvtar-scr-450x300.jpg 450w, https:\/\/semmelweis.hu\/hirek\/files\/2014\/04\/RS9561_20130510-IMG_4029-kozponti-konyvtar-scr.jpg 950w\" sizes=\"auto, (max-width: 300px) 100vw, 300px\" \/><\/a>Az augusztus v\u00e9g\u00e9n elindult HASZNOS projekt keret\u00e9ben a r\u00f6vid t\u00e1v\u00fa feladatokat megval\u00f3s\u00edt\u00f3 n\u00e9gy operat\u00edv f\u00f3rum mellett okt\u00f3ber v\u00e9g\u00e9n megkezdte a m\u0171k\u00f6d\u00e9s\u00e9t a n\u00e9gy strat\u00e9giai munkacsoport is. Ezek a nagyobb k\u00f6lts\u00e9gvet\u00e9si forr\u00e1st ig\u00e9nyl\u0151, illetve hosszabb t\u00e1von, 2020-ig megval\u00f3s\u00edthat\u00f3 fejleszt\u00e9sekkel foglalkoznak. Az \u00e9v v\u00e9g\u00e9ig a f\u00f3rumok \u00e9s munkacsoportok p\u00e1rhuzamosan m\u0171k\u00f6dnek. A projekt indul\u00e1s\u00e1t\u00f3l sz\u00e1m\u00edtott k\u00e9t \u00e9s f\u00e9l h\u00f3nap alatt is sz\u00e1mos k\u00e9zzelfoghat\u00f3 eredm\u00e9ny sz\u00fcletett.<\/p>\n<p>A K\u00f6zponti K\u00f6nyvt\u00e1r a hallgat\u00f3i \u00e9szrev\u00e9telekre reag\u00e1lva interakt\u00edv rendszer fejleszt\u00e9s\u00e9be kezdett, \u00edgy a j\u00f6v\u0151 \u00e9vben m\u00e1r\u00a0az \u00e9p\u00fclettel kapcsolatos hibabejelent\u00e9seket (pl. ki\u00e9gett izz\u00f3k) online tehetik meg a hallgat\u00f3k a K\u00f6nyvt\u00e1r port\u00e1lj\u00e1n kereszt\u00fcl. A hallgat\u00f3i hibabejelent\u00e9sek a rendszerben dokument\u00e1ltan, nyomon k\u00f6vethet\u0151 m\u00f3don jelennek meg. Szint\u00e9n online megold\u00e1s k\u00e9sz\u00fcl a szabad k\u00f6nyvt\u00e1ri helyek sz\u00e1m\u00e1nak l\u00e1that\u00f3v\u00e1 t\u00e9tele \u00e9rdekben. V\u00e1rhat\u00f3an december 1-t\u0151l online t\u00f6rt\u00e9nik majd a ki- \u00e9s bel\u00e9p\u0151 hallgat\u00f3k regisztr\u00e1l\u00e1sa, amely \u00edgy \u00e1tl\u00e1that\u00f3v\u00e1 teszi a k\u00f6nyvt\u00e1rban el\u00e9rhet\u0151 szabad kapacit\u00e1st.<\/p>\n<p><a href=\"https:\/\/semmelweis.hu\/hirek\/files\/2016\/11\/RS20827_KA-20140717-IMG_6857-hallgato-scr.jpg\"><img loading=\"lazy\" decoding=\"async\" class=\"size-medium wp-image-56082 alignleft\" src=\"https:\/\/semmelweis.hu\/hirek\/files\/2016\/11\/RS20827_KA-20140717-IMG_6857-hallgato-scr-300x200.jpg\" alt=\"rs20827_ka-20140717-img_6857-hallgato-scr\" width=\"300\" height=\"200\" srcset=\"https:\/\/semmelweis.hu\/hirek\/files\/2016\/11\/RS20827_KA-20140717-IMG_6857-hallgato-scr-300x200.jpg 300w, https:\/\/semmelweis.hu\/hirek\/files\/2016\/11\/RS20827_KA-20140717-IMG_6857-hallgato-scr-768x512.jpg 768w, https:\/\/semmelweis.hu\/hirek\/files\/2016\/11\/RS20827_KA-20140717-IMG_6857-hallgato-scr-600x400.jpg 600w, https:\/\/semmelweis.hu\/hirek\/files\/2016\/11\/RS20827_KA-20140717-IMG_6857-hallgato-scr-450x300.jpg 450w, https:\/\/semmelweis.hu\/hirek\/files\/2016\/11\/RS20827_KA-20140717-IMG_6857-hallgato-scr.jpg 950w\" sizes=\"auto, (max-width: 300px) 100vw, 300px\" \/><\/a>A Koll\u00e9giumok Igazgat\u00f3s\u00e1ga az elm\u00falt hetekben m\u00e1r h\u00e1rom koll\u00e9giumban \u00f6sszesen 354, a hallgat\u00f3k tulajdon\u00e1ban l\u00e9v\u0151 elektronikai eszk\u00f6zt vizsg\u00e1lt be \u00e9rint\u00e9sv\u00e9delmi szempontb\u00f3l, amelyek k\u00f6z\u00fcl k\u00e9t k\u00e9sz\u00fcl\u00e9ket ki is sz\u0171rtek az ellen\u0151rz\u00e9s sor\u00e1n. Amellett, hogy a vizsg\u00e1latnak k\u00f6sz\u00f6nhet\u0151en \u00e1tl\u00e1that\u00f3bb\u00e1 v\u00e1lt a koll\u00e9giumok \u00e1ramfogyaszt\u00e1sa, fontos, hogy kisz\u0171rhet\u0151ek az els\u0151sorban a hallgat\u00f3kra vesz\u00e9lyt jelent\u0151, \u00e9rint\u00e9sv\u00e9delmi szempontb\u00f3l nem megfelel\u0151 elektronikai eszk\u00f6z\u00f6k is. \u00a0<\/p>\n<p>November 13-\u00e1n 8 Koll\u00e9giumi Bizotts\u00e1gi vezet\u0151i \u00e9s Koll\u00e9giumi Albizotts\u00e1gi tags\u00e1gi posztot bet\u00f6lt\u0151 hallgat\u00f3 vett r\u00e9szt egy egynapos workshopon, amelynek t\u00e9m\u00e1j\u00e1t (&#8222;\u00c9rdek\u00e9rv\u00e9nyes\u00edt\u00e9s, egyeztet\u00e9s, t\u00e1rgyal\u00e1s\u201d) maguk a hallgat\u00f3k v\u00e1lasztott\u00e1k ki.<\/p>\n<p>K\u00e9t operat\u00edv f\u00f3rum, az elektronikus nyomtatv\u00e1nyfejleszt\u0151 valamint a hallgat\u00f3i \u00fcgyek int\u00e9z\u00e9s\u00e9nek adminisztrat\u00edv k\u00f6nny\u00edt\u00e9se \u00e9rdek\u00e9ben l\u00e9trehozott f\u00f3rum a d\u00e9k\u00e1ni hivatalokkal k\u00f6z\u00f6sen vizsg\u00e1lta meg az egyetemi \u0171rlapokat elektronikus k\u00e9rv\u00e9nykezel\u00e9s szempontj\u00e1b\u00f3l. D\u00f6nt\u00e9s\u00fck alapj\u00e1n pilotk\u00e9nt k\u00e9t \u00fcgymenet, a k\u00f6lts\u00e9gt\u00e9r\u00edt\u00e9ses k\u00e9rv\u00e9ny \u00e9s a hallgat\u00f3i n\u00e9vsorb\u00f3l saj\u00e1t k\u00e9r\u00e9sre val\u00f3 t\u00f6rl\u00e9s lesz elektronikusan int\u00e9zhet\u0151. A pilot tapasztalatai alapj\u00e1n tervezhet\u0151 meg a t\u00f6bbi k\u00e9rv\u00e9ny elektronikus kezel\u00e9s\u00e9nek lehet\u0151s\u00e9ge. \u00a0<\/p>\n<p>A Hallgat\u00f3i \u00d6nkorm\u00e1nyzat vezet\u00e9s\u00e9vel m\u0171k\u00f6d\u0151 hallgat\u00f3i k\u00f6z\u00f6ss\u00e9gi rendezv\u00e9nyek b\u0151v\u00edt\u00e9si lehet\u0151s\u00e9geinek f\u00f3ruma n\u00e9gy pontban fogalmazta meg a teend\u0151ket: a jelenlegi rendezv\u00e9nyek fejleszt\u00e9se, \u00faj ig\u00e9ny szerinti rendezv\u00e9nyek bevezet\u00e9se, hallgat\u00f3i kapcsolattart\u00e1s, valamint az egyetem \u00e1ltal biztos\u00edtott rendezv\u00e9nyhelysz\u00ednek infrastruktur\u00e1lis lehet\u0151s\u00e9geinek fejleszt\u00e9se. A f\u00f3rum a javaslatokat ezen ir\u00e1nyok ment\u00e9n fogja megfogalmazni az elk\u00f6vetkez\u0151kben.<\/p>\n<p>M\u00edg az operat\u00edv f\u00f3rumok az eredeti terveknek megfelel\u0151en a gyorsan megval\u00f3s\u00edthat\u00f3 int\u00e9zked\u00e9seken dolgoznak, addig a strat\u00e9giai munkacsoportok napirendi pontjai k\u00f6z\u00f6tt a nagyobb k\u00f6lts\u00e9gvet\u00e9st ig\u00e9nyl\u0151, illetve hosszabb t\u00e1von megval\u00f3s\u00edthat\u00f3 fejleszt\u00e9sek szerepelnek, a kit\u0171z\u00f6tt c\u00e9lok el\u00e9r\u00e9se pedig fokozatosan, 2020-ig t\u00f6rt\u00e9nik meg.<\/p>\n<p>A Koll\u00e9giumi \u00e9s sportol\u00e1si lehet\u0151s\u00e9gek infrastruktur\u00e1lis felt\u00e9teleinek jav\u00edt\u00e1sa \u00e9rdek\u00e9ben l\u00e9trehozott strat\u00e9giai munkacsoport c\u00e9lul t\u0171zte ki a koll\u00e9giumokban a WIFI h\u00e1l\u00f3zatok a kijel\u00f6lt k\u00f6z\u00f6ss\u00e9gi tereken, k\u00e1rty\u00e1s bel\u00e9ptet\u0151 rendszerek \u00e9s kamerarendszerek ki\u00e9p\u00edt\u00e9s\u00e9t\/fejleszt\u00e9s\u00e9t, a vil\u00e1g\u00edt\u00e1s korszer\u0171s\u00edt\u00e9s\u00e9t, a f\u0171t\u00e9s- \u00e9s melegv\u00edz-szolg\u00e1ltat\u00e1s folyamatos biztos\u00edt\u00e1s\u00e1hoz a kaz\u00e1nok fel\u00faj\u00edt\u00e1s\u00e1t\/cser\u00e9j\u00e9t, a konditermek eszk\u00f6zparkj\u00e1nak fel\u00faj\u00edt\u00e1s\u00e1t \u00e9s a levelez\u0151s hallgat\u00f3k elhelyez\u00e9s\u00e9nek biztos\u00edt\u00e1s\u00e1t.<\/p>\n<p><a href=\"https:\/\/semmelweis.hu\/hirek\/files\/2016\/11\/RS51815_KA-20160720-IMG_5353-scr.jpg\"><img loading=\"lazy\" decoding=\"async\" class=\"size-medium wp-image-56083 alignright\" src=\"https:\/\/semmelweis.hu\/hirek\/files\/2016\/11\/RS51815_KA-20160720-IMG_5353-scr-300x200.jpg\" alt=\"rs51815_ka-20160720-img_5353-scr\" width=\"300\" height=\"200\" srcset=\"https:\/\/semmelweis.hu\/hirek\/files\/2016\/11\/RS51815_KA-20160720-IMG_5353-scr-300x200.jpg 300w, https:\/\/semmelweis.hu\/hirek\/files\/2016\/11\/RS51815_KA-20160720-IMG_5353-scr-768x512.jpg 768w, https:\/\/semmelweis.hu\/hirek\/files\/2016\/11\/RS51815_KA-20160720-IMG_5353-scr-600x400.jpg 600w, https:\/\/semmelweis.hu\/hirek\/files\/2016\/11\/RS51815_KA-20160720-IMG_5353-scr-450x300.jpg 450w, https:\/\/semmelweis.hu\/hirek\/files\/2016\/11\/RS51815_KA-20160720-IMG_5353-scr.jpg 950w\" sizes=\"auto, (max-width: 300px) 100vw, 300px\" \/><\/a>A Sportk\u00f6zpontban a k\u00fclt\u00e9ri teniszp\u00e1ly\u00e1k vil\u00e1g\u00edt\u00e1s\u00e1nak okt\u00f3beri korszer\u0171s\u00edt\u00e9se ut\u00e1n december v\u00e9g\u00e9ig egy m\u0171f\u00fcves futballp\u00e1lya kialak\u00edt\u00e1sa zajlik, amely janu\u00e1rban m\u00e1r j\u00e1t\u00e9kra alkalmas \u00e1llapotban v\u00e1rja a hallgat\u00f3kat. 2017-ben tervezik a salakos teniszp\u00e1lya k\u00f6r\u00fcli vil\u00e1g\u00edt\u00e1s ki\u00e9p\u00edt\u00e9s\u00e9t, k\u00e9t \u00faj m\u0171f\u00fcves teniszp\u00e1lya \u00e9s egy strandr\u00f6plabda p\u00e1lya kialak\u00edt\u00e1s\u00e1t. Ezen fejleszt\u00e9sek mellett a Sportk\u00f6zpont egy \u00faj, nagyszab\u00e1s\u00fa komplexum kivitelez\u00e9s\u00e9t szeretn\u00e9 megval\u00f3s\u00edtani, amelynek tervezett meg\u00e9p\u00edt\u00e9se 2020. december 31-ig v\u00e1rhat\u00f3.<\/p>\n<p>A hallgat\u00f3i ig\u00e9nyek alapj\u00e1n az Egyetemi mobilapplik\u00e1ci\u00f3 alkalmaz\u00e1si lehet\u0151s\u00e9geinek kidolgoz\u00e1sa elnevez\u00e9s\u0171 strat\u00e9giai munkacsoport t\u00f6bb egyetemi mobilapplik\u00e1ci\u00f3 fejleszt\u00e9s\u00e9nek lehet\u0151s\u00e9get fogalmazta meg. Ezek m\u00e1trixszer\u0171en egym\u00e1sra \u00e9p\u00fclve, l\u00e9pcs\u0151zetesen val\u00f3suln\u00e1nak meg. A mobilapplik\u00e1ci\u00f3kt\u00f3l a hallgat\u00f3k azt v\u00e1rj\u00e1k a kor\u00e1bbi felm\u00e9r\u00e9s szerint, hogy seg\u00edtsen a tanul\u00e1s adminisztrat\u00edv terheinek cs\u00f6kkent\u00e9s\u00e9ben, illetve az egyetemen val\u00f3 boldogul\u00e1sban. Az ig\u00e9nyek alapj\u00e1n a munkacsoport els\u0151 k\u00f6rben megval\u00f3s\u00edtand\u00f3 tervei k\u00f6z\u00f6tt szerepel egyr\u00e9szt az egyetemt\u0151l f\u00fcggetlen\u00fcl m\u00e1r l\u00e9tez\u0151 NEPTUN mobilapplik\u00e1ci\u00f3 biztos \u00e9s stabil haszn\u00e1lata, m\u00e1sr\u00e9szt egy interakt\u00edv t\u00e9rk\u00e9p applik\u00e1ci\u00f3, valamint egy \u00e1ltal\u00e1nos, hallgat\u00f3knak sz\u00f3l\u00f3 t\u00f6bbnyelv\u0171 alkalmaz\u00e1s l\u00e9trehoz\u00e1sa. \u00a0A munkacsoportot vezet\u0151 Kommunik\u00e1ci\u00f3s \u00e9s Rendezv\u00e9nyszervez\u00e9si Igazgat\u00f3s\u00e1g tervei szerint 2017-ben m\u00e1r elk\u00e9sz\u00fclhet az els\u0151 mobilalkalmaz\u00e1s.\u00a0<\/p>\n<p>Az Egys\u00e9ges online tanulm\u00e1nyi k\u00f6vetelm\u00e9nyekre vonatkoz\u00f3 inform\u00e1ci\u00f3s strukt\u00fara kialak\u00edt\u00e1s\u00e9rt felel\u0151s strat\u00e9giai munkacsoport \u00f6sszekapcsol\u00f3dott az \u00c1OK kezdem\u00e9nyez\u00e9s\u00e9ben november beindult E-egyetem projekttel. A munkacsoport els\u0151dleges c\u00e9lja az egys\u00e9ges tantervi k\u00f6vetelm\u00e9nyrendszer \u00e9s tant\u00e1rgyi program megval\u00f3s\u00edt\u00e1sa.<\/p>\n<p>S\u00e1gi Zenina<br \/>\nFot\u00f3: Kov\u00e1cs Attila &#8211; Semmelweis Egyetem<\/p>\n","protected":false},"excerpt":{"rendered":"<p>M\u00e1r decemberben megval\u00f3sulhat a szabad k\u00f6nyvt\u00e1ri helyek online l\u00e1that\u00f3v\u00e1 t\u00e9tele, tov\u00e1bb\u00e1 \u00e9v v\u00e9g\u00e9ig elindulhat k\u00e9t pilot-projekt az elektronikus k\u00e9rv\u00e9nykezel\u00e9ssel kapcsolatban \u2013 der\u00fcl ki egyebek mellett a hallgat\u00f3i szolg\u00e1ltat\u00e1sok \u00e1tfog\u00f3 fejleszt\u00e9s\u00e9t c\u00e9lz\u00f3 <a href=\"https:\/\/semmelweis.hu\/hirek\/2016\/08\/31\/atfogo-projekt-indul-a-hallgatoi-szolgaltatasok-fejlesztesere\/\">HASZNOS projekt<\/a> munkacsoportjainak legut\u00f3bbi besz\u00e1mol\u00f3j\u00e1b\u00f3l. A projekt keret\u00e9ben megalakultak a hossz\u00fa t\u00e1v\u00fa, strat\u00e9giai c\u00e9lokat megval\u00f3s\u00edt\u00f3 munkacsoportok is.\u00a0 <a href=\"https:\/\/semmelweis.hu\/hirek\/files\/2014\/04\/RS9561_20130510-IMG_4029-kozponti-konyvtar-scr.jpg\"><\/a> Az augusztus v\u00e9g\u00e9n elindult HASZNOS projekt keret\u00e9ben a r\u00f6vid &hellip;<\/p>\n","protected":false},"author":12,"featured_media":21744,"comment_status":"closed","ping_status":"closed","sticky":false,"template":"","format":"standard","meta":{"_acf_changed":false,"footnotes":""},"categories":[3533,157],"tags":[4234,3869,3365],"class_list":["post-56063","post","type-post","status-publish","format-standard","has-post-thumbnail","hentry","category-hallgatok-oktatas","category-semmelweis-vilag","tag-aktualitasok","tag-hasznos-projekt","tag-kancellar-hirei"],"acf":[],"_links":{"self":[{"href":"https:\/\/semmelweis.hu\/hirek\/wp-json\/wp\/v2\/posts\/56063","targetHints":{"allow":["GET"]}}],"collection":[{"href":"https:\/\/semmelweis.hu\/hirek\/wp-json\/wp\/v2\/posts"}],"about":[{"href":"https:\/\/semmelweis.hu\/hirek\/wp-json\/wp\/v2\/types\/post"}],"author":[{"embeddable":true,"href":"https:\/\/semmelweis.hu\/hirek\/wp-json\/wp\/v2\/users\/12"}],"replies":[{"embeddable":true,"href":"https:\/\/semmelweis.hu\/hirek\/wp-json\/wp\/v2\/comments?post=56063"}],"version-history":[{"count":7,"href":"https:\/\/semmelweis.hu\/hirek\/wp-json\/wp\/v2\/posts\/56063\/revisions"}],"predecessor-version":[{"id":76560,"href":"https:\/\/semmelweis.hu\/hirek\/wp-json\/wp\/v2\/posts\/56063\/revisions\/76560"}],"wp:featuredmedia":[{"embeddable":true,"href":"https:\/\/semmelweis.hu\/hirek\/wp-json\/wp\/v2\/media\/21744"}],"wp:attachment":[{"href":"https:\/\/semmelweis.hu\/hirek\/wp-json\/wp\/v2\/media?parent=56063"}],"wp:term":[{"taxonomy":"category","embeddable":true,"href":"https:\/\/semmelweis.hu\/hirek\/wp-json\/wp\/v2\/categories?post=56063"},{"taxonomy":"post_tag","embeddable":true,"href":"https:\/\/semmelweis.hu\/hirek\/wp-json\/wp\/v2\/tags?post=56063"}],"curies":[{"name":"wp","href":"https:\/\/api.w.org\/{rel}","templated":true}]}}