{"id":55565,"date":"2016-12-27T07:00:28","date_gmt":"2016-12-27T06:00:28","guid":{"rendered":"http:\/\/semmelweis.hu\/hirek\/?p=55565"},"modified":"2017-10-11T10:39:12","modified_gmt":"2017-10-11T08:39:12","slug":"ez-az-intezet-a-masodik-otthonom-aranyosi-gaborne-a-ii-sz-gyermekgyogyaszati-klinika-intezetvezeto-fonovere","status":"publish","type":"post","link":"https:\/\/semmelweis.hu\/hirek\/2016\/12\/27\/ez-az-intezet-a-masodik-otthonom-aranyosi-gaborne-a-ii-sz-gyermekgyogyaszati-klinika-intezetvezeto-fonovere\/","title":{"rendered":"\u201eEz az int\u00e9zet a m\u00e1sodik otthonom\u201d \u2013 Aranyosi G\u00e1born\u00e9, a II. Sz. Gyermekgy\u00f3gy\u00e1szati Klinika int\u00e9zetvezet\u0151 f\u0151n\u0151v\u00e9re"},"content":{"rendered":"<p>Aranyosi G\u00e1born\u00e9 t\u00f6bb mint 40 \u00e9ve dolgozik a II. Sz. Gyermekgy\u00f3gy\u00e1szati Klinik\u00e1n, ahol 20 \u00e9ve t\u00f6lti be az int\u00e9zetvezet\u0151 f\u0151n\u0151v\u00e9ri posztot. \u00dagy v\u00e9li, a magas sz\u00ednvonal\u00fa, korszer\u0171 ell\u00e1t\u00e1s, valamint a gyermekbar\u00e1t k\u00f6rnyezet kialak\u00edt\u00e1sa a k\u00e9t legfontosabb feladata. Az \u00e1lland\u00f3 odafigyel\u00e9st ig\u00e9nyl\u0151 munk\u00e1j\u00e1hoz pedig \u00fagy mer\u00edt er\u0151t, hogy minden nap az aktu\u00e1lis c\u00e9lja megval\u00f3s\u00edt\u00e1s\u00e1ra t\u00f6rekszik.<\/p>\n<p><a href=\"https:\/\/semmelweis.hu\/hirek\/files\/2016\/11\/RS54592_KA-20160908-IMG_8566-scr.jpg\"><img loading=\"lazy\" decoding=\"async\" class=\"aligncenter wp-image-55567 size-large\" src=\"https:\/\/semmelweis.hu\/hirek\/files\/2016\/11\/RS54592_KA-20160908-IMG_8566-scr-600x400.jpg\" alt=\"rs54592_ka-20160908-img_8566-scr\" width=\"600\" height=\"400\" srcset=\"https:\/\/semmelweis.hu\/hirek\/files\/2016\/11\/RS54592_KA-20160908-IMG_8566-scr-600x400.jpg 600w, https:\/\/semmelweis.hu\/hirek\/files\/2016\/11\/RS54592_KA-20160908-IMG_8566-scr-300x200.jpg 300w, https:\/\/semmelweis.hu\/hirek\/files\/2016\/11\/RS54592_KA-20160908-IMG_8566-scr-768x512.jpg 768w, https:\/\/semmelweis.hu\/hirek\/files\/2016\/11\/RS54592_KA-20160908-IMG_8566-scr-450x300.jpg 450w, https:\/\/semmelweis.hu\/hirek\/files\/2016\/11\/RS54592_KA-20160908-IMG_8566-scr.jpg 950w\" sizes=\"auto, (max-width: 600px) 100vw, 600px\" \/><\/a><\/p>\n<p>Az int\u00e9zetvezet\u0151 f\u0151n\u0151v\u00e9r K\u0151szegen \u00e9retts\u00e9gizett a Jurisich Mikl\u00f3s Gimn\u00e1ziumban. Gyermekorvosnak k\u00e9sz\u00fclt, de mivel els\u0151re nem jutott be az egyetemre, beiratkozott a K\u00f6nyves K\u00e1lm\u00e1n k\u00f6r\u00fati Eg\u00e9szs\u00e9g\u00fcgyi Szakiskola (a mai Szent\u00e1gothai J\u00e1nos Eg\u00e9szs\u00e9g\u00fcgyi Szakk\u00e9pz\u0151 Iskola) gyermek\u00e1pol\u00f3 szak\u00e1ra. K\u00e9s\u0151bb \u00fajra megpr\u00f3b\u00e1lt bejutni az orvosira, \u00e1m id\u0151k\u00f6zben annyira beleszeretett hivat\u00e1s\u00e1ba, hogy nem is b\u00e1nja, hogy \u00edgy alakult az \u00e9let\u00fatja. Aranyosi G\u00e1born\u00e9 maximalist\u00e1nak tartja mag\u00e1t, aki mindig igyekszik megfelelni mind a saj\u00e1t, mind a k\u00f6rnyezete elv\u00e1r\u00e1sainak. Mint mondta, ehhez az is hozz\u00e1j\u00e1rult, hogy 1974-ben elkezdett dolgozni a II. Sz. Gyermekgy\u00f3gy\u00e1szati Klinika intenz\u00edv oszt\u00e1ly\u00e1n, ami nagy megtiszteltet\u00e9snek sz\u00e1m\u00edtott, mert erre a ter\u00fcletre csak a kiv\u00e1l\u00f3 eredm\u00e9nnyel v\u00e9gzettek ker\u00fclhettek be.<\/p>\n<p><a href=\"https:\/\/semmelweis.hu\/hirek\/files\/2016\/11\/RS54595_KA-20160908-IMG_8549-scr.jpg\"><img loading=\"lazy\" decoding=\"async\" class=\"alignleft size-medium wp-image-55568\" src=\"https:\/\/semmelweis.hu\/hirek\/files\/2016\/11\/RS54595_KA-20160908-IMG_8549-scr-300x200.jpg\" alt=\"rs54595_ka-20160908-img_8549-scr\" width=\"300\" height=\"200\" srcset=\"https:\/\/semmelweis.hu\/hirek\/files\/2016\/11\/RS54595_KA-20160908-IMG_8549-scr-300x200.jpg 300w, https:\/\/semmelweis.hu\/hirek\/files\/2016\/11\/RS54595_KA-20160908-IMG_8549-scr-768x512.jpg 768w, https:\/\/semmelweis.hu\/hirek\/files\/2016\/11\/RS54595_KA-20160908-IMG_8549-scr-600x400.jpg 600w, https:\/\/semmelweis.hu\/hirek\/files\/2016\/11\/RS54595_KA-20160908-IMG_8549-scr-450x300.jpg 450w, https:\/\/semmelweis.hu\/hirek\/files\/2016\/11\/RS54595_KA-20160908-IMG_8549-scr.jpg 950w\" sizes=\"auto, (max-width: 300px) 100vw, 300px\" \/><\/a>Aranyosi G\u00e1born\u00e9 munka mellett is folyamatosan k\u00e9pezte mag\u00e1t: elv\u00e9gezte az Eg\u00e9szs\u00e9g\u00fcgyi F\u0151iskola szakoktat\u00f3i szak\u00e1t, az \u00fajsz\u00fcl\u00f6tt-korasz\u00fcl\u00f6tt intenz\u00edv ter\u00e1pi\u00e1s szakasszisztens k\u00e9pz\u00e9st, k\u00e9s\u0151bb az els\u0151k k\u00f6zt indul\u00f3 eg\u00e9szs\u00e9g\u00fcgyi menedzser tanfolyamot a Semmelweis Egyetem \u00e9s a holland Hogeschool van Amsterdam k\u00f6z\u00f6s szervez\u00e9s\u00e9ben. Felid\u00e9zte, 1976-ban, 22 \u00e9ves kor\u00e1ban ker\u00fclt az intenz\u00edv oszt\u00e1ly \u00e9l\u00e9re, ahol r\u00e9szt vett el\u0151sz\u00f6r az int\u00e9zeti, majd int\u00e9zeten k\u00edv\u00fcli perinat\u00e1lis intenz\u00edv k\u00f6zpontok elind\u00edt\u00e1s\u00e1ban.<\/p>\n<p>1992-ben m\u00e1r k\u00e9t kisl\u00e1ny \u00e9desanyjak\u00e9nt b\u00edztak meg az onko-hematol\u00f3giai oszt\u00e1ly f\u0151n\u0151v\u00e9ri munk\u00e1j\u00e1val, ahol a kor\u00e1bbiakn\u00e1l m\u00e9g nehezebb feladatokkal \u00e9s elv\u00e1r\u00e1sokkal szembes\u00fcltem \u2013 id\u00e9zte fel Aranyosi G\u00e1born\u00e9, aki ekkoriban h\u00e1rom h\u00f3napot t\u00f6lt\u00f6tt Kansas Cityben, ahol a gyermekonkol\u00f3giai k\u00f6zpontban betegell\u00e1t\u00e1st \u00e9s klinikus n\u0151v\u00e9ri feladatokat tanult. 1996 \u00f3ta pedig a II. Sz. Gyermekgy\u00f3gy\u00e1szati Klinika int\u00e9zetvezet\u0151 f\u0151n\u0151v\u00e9rek\u00e9nt dolgozik.<\/p>\n<p><a href=\"https:\/\/semmelweis.hu\/hirek\/files\/2016\/11\/RS54606_KA-20160908-IMG_8504-scr.jpg\"><img loading=\"lazy\" decoding=\"async\" class=\"alignright size-medium wp-image-55569\" src=\"https:\/\/semmelweis.hu\/hirek\/files\/2016\/11\/RS54606_KA-20160908-IMG_8504-scr-300x200.jpg\" alt=\"rs54606_ka-20160908-img_8504-scr\" width=\"300\" height=\"200\" srcset=\"https:\/\/semmelweis.hu\/hirek\/files\/2016\/11\/RS54606_KA-20160908-IMG_8504-scr-300x200.jpg 300w, https:\/\/semmelweis.hu\/hirek\/files\/2016\/11\/RS54606_KA-20160908-IMG_8504-scr-768x512.jpg 768w, https:\/\/semmelweis.hu\/hirek\/files\/2016\/11\/RS54606_KA-20160908-IMG_8504-scr-600x400.jpg 600w, https:\/\/semmelweis.hu\/hirek\/files\/2016\/11\/RS54606_KA-20160908-IMG_8504-scr-450x300.jpg 450w, https:\/\/semmelweis.hu\/hirek\/files\/2016\/11\/RS54606_KA-20160908-IMG_8504-scr.jpg 950w\" sizes=\"auto, (max-width: 300px) 100vw, 300px\" \/><\/a>Aranyosi G\u00e1born\u00e9 azt mondja, mindig is els\u0151dleges szempont volt sz\u00e1m\u00e1ra, hogy gyermekbar\u00e1t, a csal\u00e1dok sz\u00e1m\u00e1ra is j\u00f3l viselhet\u0151 k\u00f6r\u00fclm\u00e9nyeket alak\u00edtsanak ki a klinik\u00e1n. Ez\u00e9rt els\u0151k\u00e9nt v\u00e1ltak nyitott k\u00f3rh\u00e1zz\u00e1, ami azt jelenti, hogy a sz\u00fcl\u0151k szinte folyamatosan a gyermekeik mellett maradhatnak. A f\u0151n\u0151v\u00e9r hangs\u00falyozta: a bar\u00e1ts\u00e1gos l\u00e9gk\u00f6r \u00e9rdek\u00e9ben mamaszob\u00e1kat alak\u00edtottak ki, a falakra gyerekrajzok ker\u00fcltek, \u00e9s a liftekben is kedves \u00e1br\u00e1kat l\u00e1thatnak a betegek \u00e9s l\u00e1togat\u00f3ik. \u201eFontos, hogy a gyerekek ne rettegjenek t\u0151l\u00fcnk, ez\u00e9rt ami lehet, az n\u00e1lunk sz\u00ednes: az \u00e1gyr\u00e1csok, az \u00e9jjeliszekr\u00e9nyek \u00e9s a n\u0151v\u00e9rek ruh\u00e1ja is\u201d \u2013 emelte ki.<\/p>\n<p>Hozz\u00e1tette, nem csak a betegek, de a koll\u00e9g\u00e1k mindennapjait is igyekeznek k\u00e9nyelmesebb\u00e9 tenni: ennek \u00e9rdek\u00e9ben \u00faj\u00edtott\u00e1k fel a n\u0151v\u00e9rsz\u00e1ll\u00f3t \u00e9s ez\u00e9rt rendeznek rendszeresen olyan csapat\u00e9p\u00edt\u0151 tr\u00e9ningeket, ahol mindenki k\u00f6zvetlenebb hangulatban besz\u00e9lgethet egym\u00e1ssal. Minden \u00e9vben kir\u00e1ndul\u00e1st is szerveznek a legjobb munk\u00e1t v\u00e9gz\u0151 n\u0151v\u00e9reknek, akiknek ez a kikapcsol\u00f3d\u00e1s ak\u00e1r eg\u00e9sz \u00e9vre \u00fajabb lend\u00fcletet adhat.<\/p>\n<p><a href=\"https:\/\/semmelweis.hu\/hirek\/files\/2016\/11\/RS54615_KA-20160908-IMG_8438-scr.jpg\"><img loading=\"lazy\" decoding=\"async\" class=\"alignleft size-medium wp-image-55570\" src=\"https:\/\/semmelweis.hu\/hirek\/files\/2016\/11\/RS54615_KA-20160908-IMG_8438-scr-200x300.jpg\" alt=\"rs54615_ka-20160908-img_8438-scr\" width=\"200\" height=\"300\" srcset=\"https:\/\/semmelweis.hu\/hirek\/files\/2016\/11\/RS54615_KA-20160908-IMG_8438-scr-200x300.jpg 200w, https:\/\/semmelweis.hu\/hirek\/files\/2016\/11\/RS54615_KA-20160908-IMG_8438-scr-267x400.jpg 267w, https:\/\/semmelweis.hu\/hirek\/files\/2016\/11\/RS54615_KA-20160908-IMG_8438-scr.jpg 500w\" sizes=\"auto, (max-width: 200px) 100vw, 200px\" \/><\/a>\u201eA gyermekklinik\u00e1n a n\u0151v\u00e9reknek egyszerre kell szigor\u00fanak \u00e9s meg\u00e9rt\u0151nek lenni\u00fck, a gyerekek miatt folyamatosan el kell t\u00e9rni a szigor\u00fa szab\u00e1lyokt\u00f3l\u201d \u2013 hangoztatta Aranyosi G\u00e1born\u00e9. A f\u0151n\u0151v\u00e9r \u00fagy v\u00e9li, a beteg, k\u00fcl\u00f6n\u00f6sen a daganatos gyerekek \u00e1pol\u00e1sa sokszor er\u0151t pr\u00f3b\u00e1l\u00f3 feladat, de m\u00e9g a hal\u00e1lesetek ut\u00e1n is talpra kell \u00e1llni, hogy a k\u00f6vetkez\u0151 beteg \u00fajra a maximumot kapja az \u00e1pol\u00f3it\u00f3l. \u201eHa v\u00e9gign\u00e9zek az \u00e9letemen, az adott er\u0151t a munk\u00e1hoz, hogy tudtam, mindent megtettem a gyerekek\u00e9rt, amit csak lehetett: ha siker\u00fclt nekik boldog perceket okozni, lek\u00f6tni \u0151ket, szorosabb kapcsolatot kialak\u00edtani vel\u00fck, akkor m\u00e1r nem dolgoztam hi\u00e1ba\u201d \u2013 jelentette ki Aranyosi G\u00e1born\u00e9.<\/p>\n<p>A t\u00f6bb \u00e9vtizedes p\u00e1ly\u00e1ja alatt sz\u00e1mos d\u00edjat \u00e9s kit\u00fcntet\u00e9st kapott munk\u00e1ja elismer\u00e9sek\u00e9nt, amelyek k\u00f6z\u00fcl a 2015-ben elnyert Batthy\u00e1ny-Strattmann L\u00e1szl\u00f3-d\u00edjra a legb\u00fcszk\u00e9bb. Mint mondta, megtisztel\u0151 \u00e9rz\u00e9s volt sz\u00e1m\u00e1ra professzorokkal egy\u00fctt szerepelni a kit\u00fcntettek list\u00e1j\u00e1n eg\u00e9szs\u00e9g\u00fcgyi szakdolgoz\u00f3k\u00e9nt.<\/p>\n<p>Aranyosi G\u00e1born\u00e9n\u00e1l csak egy asszisztens dolgozik hosszabb id\u0151 \u00f3ta a II. Sz. Gyermekgy\u00f3gy\u00e1szati Klinik\u00e1n. Szavai szerint az int\u00e9zm\u00e9ny valamennyi professzor\u00e1val \u00e9s igazgat\u00f3j\u00e1val j\u00f3 munkakapcsolatot \u00e1polt \u00e9s mindig sikeresen tudt\u00e1k \u00f6regb\u00edteni a klinika h\u00edrnev\u00e9t. \u201eRitk\u00e1n \u00fctk\u00f6ztem falakba, amikor a gyermekek \u00e9rdek\u00e9ben akartam valamit elint\u00e9zni, ami sok hitet \u00e9s er\u0151t adott. Ez az int\u00e9zet a m\u00e1sodik otthonom, ahol mindig van \u00fajabb feladat: holnap, holnaput\u00e1n \u00e9s k\u00e9t \u00e9v m\u00falva is\u201d \u2013 mondta a f\u0151n\u0151v\u00e9r.<\/p>\n<p>Keresztes Eszter<br \/>\n Fot\u00f3: Kov\u00e1cs Attila &#8211; Semmelweis Egyetem<\/p>\n","protected":false},"excerpt":{"rendered":"<p>Aranyosi G\u00e1born\u00e9 t\u00f6bb mint 40 \u00e9ve dolgozik a II. Sz. Gyermekgy\u00f3gy\u00e1szati Klinik\u00e1n, ahol 20 \u00e9ve t\u00f6lti be az int\u00e9zetvezet\u0151 f\u0151n\u0151v\u00e9ri posztot. \u00dagy v\u00e9li, a magas sz\u00ednvonal\u00fa, korszer\u0171 ell\u00e1t\u00e1s, valamint a gyermekbar\u00e1t k\u00f6rnyezet kialak\u00edt\u00e1sa a k\u00e9t legfontosabb feladata. Az \u00e1lland\u00f3 odafigyel\u00e9st ig\u00e9nyl\u0151 munk\u00e1j\u00e1hoz pedig \u00fagy mer\u00edt er\u0151t, hogy minden nap az aktu\u00e1lis c\u00e9lja megval\u00f3s\u00edt\u00e1s\u00e1ra t\u00f6rekszik. <a href=\"https:\/\/semmelweis.hu\/hirek\/files\/2016\/11\/RS54592_KA-20160908-IMG_8566-scr.jpg\"><\/a> Az &hellip;<\/p>\n","protected":false},"author":101132,"featured_media":55569,"comment_status":"closed","ping_status":"closed","sticky":false,"template":"","format":"standard","meta":{"_acf_changed":false,"footnotes":""},"categories":[154,168],"tags":[3811,3996],"class_list":["post-55565","post","type-post","status-publish","format-standard","has-post-thumbnail","hentry","category-egeszseg","category-kiemelt","tag-fonover-interjuk","tag-interju"],"acf":[],"_links":{"self":[{"href":"https:\/\/semmelweis.hu\/hirek\/wp-json\/wp\/v2\/posts\/55565","targetHints":{"allow":["GET"]}}],"collection":[{"href":"https:\/\/semmelweis.hu\/hirek\/wp-json\/wp\/v2\/posts"}],"about":[{"href":"https:\/\/semmelweis.hu\/hirek\/wp-json\/wp\/v2\/types\/post"}],"author":[{"embeddable":true,"href":"https:\/\/semmelweis.hu\/hirek\/wp-json\/wp\/v2\/users\/101132"}],"replies":[{"embeddable":true,"href":"https:\/\/semmelweis.hu\/hirek\/wp-json\/wp\/v2\/comments?post=55565"}],"version-history":[{"count":4,"href":"https:\/\/semmelweis.hu\/hirek\/wp-json\/wp\/v2\/posts\/55565\/revisions"}],"predecessor-version":[{"id":56963,"href":"https:\/\/semmelweis.hu\/hirek\/wp-json\/wp\/v2\/posts\/55565\/revisions\/56963"}],"wp:featuredmedia":[{"embeddable":true,"href":"https:\/\/semmelweis.hu\/hirek\/wp-json\/wp\/v2\/media\/55569"}],"wp:attachment":[{"href":"https:\/\/semmelweis.hu\/hirek\/wp-json\/wp\/v2\/media?parent=55565"}],"wp:term":[{"taxonomy":"category","embeddable":true,"href":"https:\/\/semmelweis.hu\/hirek\/wp-json\/wp\/v2\/categories?post=55565"},{"taxonomy":"post_tag","embeddable":true,"href":"https:\/\/semmelweis.hu\/hirek\/wp-json\/wp\/v2\/tags?post=55565"}],"curies":[{"name":"wp","href":"https:\/\/api.w.org\/{rel}","templated":true}]}}