{"id":54938,"date":"2016-10-19T12:04:51","date_gmt":"2016-10-19T10:04:51","guid":{"rendered":"http:\/\/semmelweis.hu\/hirek\/?p=54938"},"modified":"2018-02-06T12:28:18","modified_gmt":"2018-02-06T11:28:18","slug":"a-semmelweis-egyetem-kozremukodesevel-tanitanak-ujraelesztest-az-apaczai-gimnaziumban","status":"publish","type":"post","link":"https:\/\/semmelweis.hu\/hirek\/2016\/10\/19\/a-semmelweis-egyetem-kozremukodesevel-tanitanak-ujraelesztest-az-apaczai-gimnaziumban\/","title":{"rendered":"Az egyetem k\u00f6zrem\u0171k\u00f6d\u00e9s\u00e9vel tan\u00edtanak \u00fajra\u00e9leszt\u00e9st az Ap\u00e1czai gimn\u00e1ziumban"},"content":{"rendered":"<p>Egy\u00fcttm\u0171k\u00f6d\u00e9si meg\u00e1llapod\u00e1st k\u00f6t\u00f6tt a Semmelweis Egyetem \u00e9s az ELTE Ap\u00e1czai Csere J\u00e1nos Gyakorl\u00f3gimn\u00e1zium \u00e9s Koll\u00e9gium. A meg\u00e1llapod\u00e1s c\u00e9lja, hogy a k\u00e9t int\u00e9zm\u00e9ny megteremtse a fenntarthat\u00f3 k\u00f6z\u00e9piskolai \u00fajra\u00e9leszt\u00e9s-k\u00e9pz\u00e9s modellj\u00e9t, amelyet id\u0151vel m\u00e1s k\u00f6z\u00e9piskol\u00e1k is alkalmazhatnak. Az egy\u00fcttm\u0171k\u00f6d\u00e9s \u00e9rtelm\u00e9ben a gimn\u00e1zium kidolgozza a hivatalos tantervben az oktat\u00e1si anyagot, azt bevezeti \u00e9s instruktorokat k\u00e9pez, az egyetem k\u00e9pviselet\u00e9ben az Aneszteziol\u00f3giai \u00e9s Intenz\u00edv Ter\u00e1pi\u00e1s Klinika (AITK) pedig seg\u00edts\u00e9get ny\u00fajt a szakszer\u0171 oktat\u00e1sban \u00e9s biztos\u00edtja a program szakmai fel\u00fcgyelet\u00e9t.<\/p>\n<p><a href=\"https:\/\/semmelweis.hu\/hirek\/files\/2016\/10\/RS54289_KA-20161018-IMG_0961-scr.jpg\"><img loading=\"lazy\" decoding=\"async\" class=\"aligncenter size-large wp-image-54941\" src=\"https:\/\/semmelweis.hu\/hirek\/files\/2016\/10\/RS54289_KA-20161018-IMG_0961-scr-600x400.jpg\" alt=\"RS54289_KA-20161018-IMG_0961-scr\" width=\"600\" height=\"400\" srcset=\"https:\/\/semmelweis.hu\/hirek\/files\/2016\/10\/RS54289_KA-20161018-IMG_0961-scr-600x400.jpg 600w, https:\/\/semmelweis.hu\/hirek\/files\/2016\/10\/RS54289_KA-20161018-IMG_0961-scr-300x200.jpg 300w, https:\/\/semmelweis.hu\/hirek\/files\/2016\/10\/RS54289_KA-20161018-IMG_0961-scr-768x512.jpg 768w, https:\/\/semmelweis.hu\/hirek\/files\/2016\/10\/RS54289_KA-20161018-IMG_0961-scr-450x300.jpg 450w, https:\/\/semmelweis.hu\/hirek\/files\/2016\/10\/RS54289_KA-20161018-IMG_0961-scr.jpg 950w\" sizes=\"auto, (max-width: 600px) 100vw, 600px\" \/><\/a><\/p>\n<p>Dr. Sz\u00e9l \u00c1goston rektor a meg\u00e1llapod\u00e1s \u00fcnnep\u00e9lyes al\u00e1\u00edr\u00e1sakor elmondta, a k\u00e9t int\u00e9zm\u00e9ny \u00e9vek \u00f3ta egy\u00fcttm\u0171k\u00f6dik a tehets\u00e9ggondoz\u00f3 program keretein bel\u00fcl, \u00e9s ezt a kapcsolatot er\u0151s\u00edti a mostani program is. Hangs\u00falyozta: min\u00e9l t\u00f6bben tudj\u00e1k meg, mit kell csin\u00e1lni, ha egy embert\u00e1rsunk \u00fajra\u00e9leszt\u00e9sre szorul, ann\u00e1l ritk\u00e1bban fordul el\u0151 olyan eset, amikor m\u00e1sok \u00e9rdektelens\u00e9ge vagy \u00e9ppen f\u00e9lelme miatt hal meg valaki. Fontos, hogy a fiatalok m\u00e1r eg\u00e9szen fiatalon megismerkedjenek azzal az \u00e9rz\u00e9ssel, mit jelent seg\u00edts\u00e9get ny\u00fajtani embert\u00e1rsaiknak. Ha ezt megfelel\u0151 szak\u00e9rtelemmel teszik, az komoly t\u00e1rsadalmi el\u0151rel\u00e9p\u00e9st jelenthet \u2013 v\u00e9lekedett dr. Sz\u00e9l \u00c1goston.<\/p>\n<p>Munk\u00e1csy L\u00e1szl\u00f3, a gimn\u00e1zium igazgat\u00f3ja kiemelte, megalap\u00edt\u00e1sa \u00f3ta, 60 \u00e9ve az int\u00e9zm\u00e9ny a Semmelweis Egyetem tehets\u00e9g-ut\u00e1np\u00f3tl\u00e1s\u00e1nak egyik fellegv\u00e1ra. Mint mondta, az \u00fajra\u00e9leszt\u00e9si oktat\u00e1si program keret\u00e9ben az idei tan\u00e9vt\u0151l kezdve \u2013 felmen\u0151 rendszerben \u2013 minden oszt\u00e1lynak r\u00e9szt kell vennie a tanfolyamon.<\/p>\n<p><a href=\"https:\/\/semmelweis.hu\/hirek\/files\/2016\/10\/RS54304_KA-20161018-IMG_0887-scr.jpg\"><img loading=\"lazy\" decoding=\"async\" class=\"alignleft size-medium wp-image-54943\" src=\"https:\/\/semmelweis.hu\/hirek\/files\/2016\/10\/RS54304_KA-20161018-IMG_0887-scr-300x200.jpg\" alt=\"RS54304_KA-20161018-IMG_0887-scr\" width=\"300\" height=\"200\" srcset=\"https:\/\/semmelweis.hu\/hirek\/files\/2016\/10\/RS54304_KA-20161018-IMG_0887-scr-300x200.jpg 300w, https:\/\/semmelweis.hu\/hirek\/files\/2016\/10\/RS54304_KA-20161018-IMG_0887-scr-768x512.jpg 768w, https:\/\/semmelweis.hu\/hirek\/files\/2016\/10\/RS54304_KA-20161018-IMG_0887-scr-600x400.jpg 600w, https:\/\/semmelweis.hu\/hirek\/files\/2016\/10\/RS54304_KA-20161018-IMG_0887-scr-450x300.jpg 450w, https:\/\/semmelweis.hu\/hirek\/files\/2016\/10\/RS54304_KA-20161018-IMG_0887-scr.jpg 950w\" sizes=\"auto, (max-width: 300px) 100vw, 300px\" \/><\/a>A program hossz\u00fa t\u00e1v\u00fa c\u00e9lja, hogy az \u00fajra\u00e9leszt\u00e9ssel kapcsolatos ismeretek be\u00e9p\u00fcljenek a k\u00f6z\u00e9piskolai oktat\u00e1sba, mivel a gyors els\u0151seg\u00e9lyny\u00fajt\u00e1ssal a sz\u00f3 szoros \u00e9rtelm\u00e9ben ember\u00e9leteket lehet menteni \u2013 mondta dr. G\u00e1l J\u00e1nos, az \u00fajra\u00e9leszt\u00e9si k\u00e9pz\u00e9st szakmailag fel\u00fcgyel\u0151 AITK igazgat\u00f3ja. Magyarorsz\u00e1gon \u00f3r\u00e1nk\u00e9nt meghal valaki hirtelen sz\u00edvhal\u00e1lban, holott ha az emberek a rosszull\u00e9tet \u00e9szlelve azonnal ment\u0151t h\u00edvn\u00e1nak, \u00e9s a ki\u00e9rkez\u00e9sig elv\u00e9gezn\u00e9k a szakszer\u0171 \u00fajra\u00e9leszt\u00e9st, azzal ember\u00e9leteket menthetn\u00e9nek \u2013 hangs\u00falyozta. Az eg\u00e9szs\u00e9gkult\u00fara n\u00f6vel\u00e9se \u00e9s a hal\u00e1lesetek visszaszor\u00edt\u00e1sa egyar\u00e1nt a hosszabb t\u00e1v\u00fa c\u00e9lok k\u00f6z\u00f6tt szerepel \u2013 k\u00f6z\u00f6lte dr. \u00c9l\u0151 G\u00e1bor, az AITK egyetemi docense, akinek fia, \u00c9l\u0151 Gergely egykori ap\u00e1czais di\u00e1kk\u00e9nt k\u00e9t \u00e9vvel ezel\u0151tt felvette a kapcsolatot volt oszt\u00e1lyf\u0151n\u00f6k\u00e9vel, dr. \u00c1cs Zolt\u00e1nnal. Ebb\u0151l az elk\u00e9pzel\u00e9sb\u0151l sz\u00fcletetett meg az AITK Klinikai Szimul\u00e1ci\u00f3s Tansz\u00e9ki Csoportj\u00e1nak bevon\u00e1s\u00e1val a most hivataloss\u00e1 tett egy\u00fcttm\u0171k\u00f6d\u00e9s. Egy olyan modell\u00e9rt\u00e9k\u0171 \u00e9s fenntarthat\u00f3 m\u00f3dszert dolgoztunk ki, amir\u0151l azt gondoljuk, hogy elterjeszthet\u0151 a teljes magyar k\u00f6z\u00e9piskolai oktat\u00e1si rendszerben \u2013 tette hozz\u00e1 dr. Frit\u00faz G\u00e1bor, a Klinikai Szimul\u00e1ci\u00f3s Csoport tansz\u00e9ki csoportvezet\u0151je.<\/p>\n<p><a href=\"https:\/\/semmelweis.hu\/hirek\/files\/2016\/10\/apaczai.jpg\"><img loading=\"lazy\" decoding=\"async\" class=\"alignright size-medium wp-image-54946\" src=\"https:\/\/semmelweis.hu\/hirek\/files\/2016\/10\/apaczai-225x300.jpg\" alt=\"apaczai\" width=\"225\" height=\"300\" srcset=\"https:\/\/semmelweis.hu\/hirek\/files\/2016\/10\/apaczai-225x300.jpg 225w, https:\/\/semmelweis.hu\/hirek\/files\/2016\/10\/apaczai-768x1024.jpg 768w, https:\/\/semmelweis.hu\/hirek\/files\/2016\/10\/apaczai-300x400.jpg 300w, https:\/\/semmelweis.hu\/hirek\/files\/2016\/10\/apaczai-600x800.jpg 600w, https:\/\/semmelweis.hu\/hirek\/files\/2016\/10\/apaczai.jpg 1512w\" sizes=\"auto, (max-width: 225px) 100vw, 225px\" \/><\/a>Az ELTE Ap\u00e1czai Csere J\u00e1nos Gyakorl\u00f3gimn\u00e1zium \u00e9s Koll\u00e9gium sz\u00e1m\u00e1ra \u00e1tmenetileg r\u00e9szben a Semmelweis Egyetem biztos\u00edtja az oktat\u00e1shoz sz\u00fcks\u00e9ges eszk\u00f6z\u00f6ket: a kiscsoportos k\u00e9pz\u00e9seken a di\u00e1kok az AITK szakorvosainak seg\u00edts\u00e9g\u00e9vel \u00fajra\u00e9leszt\u0151 bab\u00e1kon tudj\u00e1k gyakorolni az elm\u00e9letben elsaj\u00e1t\u00edtott ismereteiket. Dr. \u00c1cs Zolt\u00e1n, a gimn\u00e1zium tan\u00e1ra elmondta, az elm\u00falt k\u00e9t \u00e9vben t\u00f6bb mint 140 k\u00f6z\u00e9piskol\u00e1s tanulta meg az \u00fajra\u00e9leszt\u00e9st, k\u00f6z\u00fcl\u00fck 22-en lettek instruktorok: k\u00e9t tan\u00e1r \u00e9s h\u00fasz di\u00e1k.<\/p>\n<p>Keresztes Eszter<br \/>\n Fot\u00f3: Kov\u00e1cs Attila &#8211; Semmelweis Egyetem<\/p>\n","protected":false},"excerpt":{"rendered":"<p>Egy\u00fcttm\u0171k\u00f6d\u00e9si meg\u00e1llapod\u00e1st k\u00f6t\u00f6tt a Semmelweis Egyetem \u00e9s az ELTE Ap\u00e1czai Csere J\u00e1nos Gyakorl\u00f3gimn\u00e1zium \u00e9s Koll\u00e9gium. A meg\u00e1llapod\u00e1s c\u00e9lja, hogy a k\u00e9t int\u00e9zm\u00e9ny megteremtse a fenntarthat\u00f3 k\u00f6z\u00e9piskolai \u00fajra\u00e9leszt\u00e9s-k\u00e9pz\u00e9s modellj\u00e9t, amelyet id\u0151vel m\u00e1s k\u00f6z\u00e9piskol\u00e1k is alkalmazhatnak. Az egy\u00fcttm\u0171k\u00f6d\u00e9s \u00e9rtelm\u00e9ben a gimn\u00e1zium kidolgozza a hivatalos tantervben az oktat\u00e1si anyagot, azt bevezeti \u00e9s instruktorokat k\u00e9pez, az egyetem k\u00e9pviselet\u00e9ben az &hellip;<\/p>\n","protected":false},"author":101132,"featured_media":54942,"comment_status":"closed","ping_status":"closed","sticky":false,"template":"","format":"standard","meta":{"_acf_changed":false,"footnotes":""},"categories":[154,168],"tags":[162,2386],"class_list":["post-54938","post","type-post","status-publish","format-standard","has-post-thumbnail","hentry","category-egeszseg","category-kiemelt","tag-eletmod-eletmod","tag-szkill-labor"],"acf":[],"_links":{"self":[{"href":"https:\/\/semmelweis.hu\/hirek\/wp-json\/wp\/v2\/posts\/54938","targetHints":{"allow":["GET"]}}],"collection":[{"href":"https:\/\/semmelweis.hu\/hirek\/wp-json\/wp\/v2\/posts"}],"about":[{"href":"https:\/\/semmelweis.hu\/hirek\/wp-json\/wp\/v2\/types\/post"}],"author":[{"embeddable":true,"href":"https:\/\/semmelweis.hu\/hirek\/wp-json\/wp\/v2\/users\/101132"}],"replies":[{"embeddable":true,"href":"https:\/\/semmelweis.hu\/hirek\/wp-json\/wp\/v2\/comments?post=54938"}],"version-history":[{"count":9,"href":"https:\/\/semmelweis.hu\/hirek\/wp-json\/wp\/v2\/posts\/54938\/revisions"}],"predecessor-version":[{"id":54957,"href":"https:\/\/semmelweis.hu\/hirek\/wp-json\/wp\/v2\/posts\/54938\/revisions\/54957"}],"wp:featuredmedia":[{"embeddable":true,"href":"https:\/\/semmelweis.hu\/hirek\/wp-json\/wp\/v2\/media\/54942"}],"wp:attachment":[{"href":"https:\/\/semmelweis.hu\/hirek\/wp-json\/wp\/v2\/media?parent=54938"}],"wp:term":[{"taxonomy":"category","embeddable":true,"href":"https:\/\/semmelweis.hu\/hirek\/wp-json\/wp\/v2\/categories?post=54938"},{"taxonomy":"post_tag","embeddable":true,"href":"https:\/\/semmelweis.hu\/hirek\/wp-json\/wp\/v2\/tags?post=54938"}],"curies":[{"name":"wp","href":"https:\/\/api.w.org\/{rel}","templated":true}]}}