{"id":54645,"date":"2016-10-09T12:20:24","date_gmt":"2016-10-09T10:20:24","guid":{"rendered":"http:\/\/semmelweis.hu\/hirek\/?p=54645"},"modified":"2018-02-06T12:41:19","modified_gmt":"2018-02-06T11:41:19","slug":"uj-eszkoz-segiti-a-koszoruer-betegeket-a-semmelweis-egyetemen","status":"publish","type":"post","link":"https:\/\/semmelweis.hu\/hirek\/2016\/10\/09\/uj-eszkoz-segiti-a-koszoruer-betegeket-a-semmelweis-egyetemen\/","title":{"rendered":"\u00daj eszk\u00f6z seg\u00edti a koszor\u00fa\u00e9r betegeket a Semmelweis Egyetemen"},"content":{"rendered":"<p>Magyarorsz\u00e1gon az elm\u00falt \u00e9vben 23 ezer sz\u00edvbetegn\u00e9l kellett kat\u00e9teres m\u0171t\u00e9ttel sz\u00edvkoszor\u00fa\u00e9r-t\u00e1g\u00edt\u00e1st, \u00fagynevezett stent-be\u00fcltet\u00e9st v\u00e9gezni. Ilyenkor a sz\u0171k\u00fclet vagy elz\u00e1r\u00f3d\u00e1s megsz\u00fcntet\u00e9se \u00e9rdek\u00e9ben speci\u00e1lis henger alak\u00fa f\u00e9mh\u00e1l\u00f3t, \u00fagynevezett \u201estent\u201d-et \u00fcltetnek a betegbe. \u00daj innov\u00e1ci\u00f3k\u00e9nt 2012 \u00f3ta Magyarorsz\u00e1gon haszn\u00e1lnak m\u00e1r felsz\u00edv\u00f3d\u00f3 m\u0171anyag stentet is, itthon els\u0151k\u00e9nt ezt is a Semmelweis Egyetemhez tartoz\u00f3 V\u00e1rosmajori Sz\u00edv \u00e9s \u00c9rgy\u00f3gy\u00e1szati Klinik\u00e1n alkalmazt\u00e1k \u2013 sz\u00e1molt be dr. Merkely B\u00e9la klinikai rektorhelyettes.<\/p>\n<p>Egy hete (okt\u00f3ber 2-\u00e1n) Magyarorsz\u00e1gon els\u0151k\u00e9nt, egy vil\u00e1gviszonylatban is \u00faj, 3-4 h\u00f3napja l\u00e9tez\u0151 elj\u00e1r\u00e1ssal, magn\u00e9ziumb\u00f3l k\u00e9sz\u00fclt f\u00e9m-stenttel seg\u00edtettek egy 59 \u00e9s egy 66 \u00e9ves p\u00e1ciensen. Az \u00faj t\u00edpus\u00fa eszk\u00f6z er\u0151sebb \u00e9s gyorsabban sz\u00edv\u00f3dik fel, ennek k\u00f6sz\u00f6nhet\u0151en kevesebb ideig kell gy\u00f3gyszert szednie a betegnek.<\/p>\n<p>A biol\u00f3giailag leboml\u00f3 gy\u00f3gyszerbevonattal rendelkez\u0151 f\u00e9m-stent er\u0151sebb m\u0171anyag el\u0151dj\u00e9n\u00e9l \u00e9s gyorsabban sz\u00edv\u00f3dik fel, mik\u00f6zben javul a term\u00e9szetes \u00e9rfunkci\u00f3 helyre\u00e1ll\u00e1s\u00e1nak es\u00e9lye \u00e9s az \u00e9rfal rugalmass\u00e1ga \u2013 jelentette ki a beavatkoz\u00e1st v\u00e9gz\u0151 dr. Merkely B\u00e9la.<\/p>\n<p><a href=\"https:\/\/semmelweis.hu\/hirek\/files\/2016\/10\/38082_transform.jpg\"><img loading=\"lazy\" decoding=\"async\" class=\"alignleft size-medium wp-image-54655\" src=\"https:\/\/semmelweis.hu\/hirek\/files\/2016\/10\/38082_transform-300x207.jpg\" alt=\"38082_transform\" width=\"300\" height=\"207\" srcset=\"https:\/\/semmelweis.hu\/hirek\/files\/2016\/10\/38082_transform-300x207.jpg 300w, https:\/\/semmelweis.hu\/hirek\/files\/2016\/10\/38082_transform-768x531.jpg 768w, https:\/\/semmelweis.hu\/hirek\/files\/2016\/10\/38082_transform-579x400.jpg 579w, https:\/\/semmelweis.hu\/hirek\/files\/2016\/10\/38082_transform-434x300.jpg 434w, https:\/\/semmelweis.hu\/hirek\/files\/2016\/10\/38082_transform-600x415.jpg 600w, https:\/\/semmelweis.hu\/hirek\/files\/2016\/10\/38082_transform-175x120.jpg 175w\" sizes=\"auto, (max-width: 300px) 100vw, 300px\" \/><\/a>A sz\u00edv koszor\u00faer\u00e9be be\u00fcltetett felsz\u00edv\u00f3d\u00f3 f\u00e9m-stent az elz\u00e1r\u00f3dott art\u00e9ria \u00fajb\u00f3li megnyit\u00e1s\u00e1val helyre\u00e1ll\u00edtja a v\u00e9r\u00e1ramot, \u00e9s t\u00e1maszt\u00e9kot ny\u00fajt az \u00e9rfalnak eg\u00e9szen addig, am\u00edg az eszk\u00f6z fel nem old\u00f3dik. Mivel nem marad tart\u00f3s f\u00e9mimplant\u00e1tum a beteg szervezet\u00e9ben, az \u00e9rfal gyorsan visszanyeri term\u00e9szetes t\u00e1gul\u00e1si k\u00e9pess\u00e9g\u00e9t \u00e9s \u00e9lettani alakj\u00e1t, nagys\u00e1g\u00e1t, \u00e9s ez\u00e9rt a kombin\u00e1lt gy\u00f3gyszeres \u201ev\u00e9rh\u00edg\u00edt\u00f3\u201d kezel\u00e9sre is r\u00f6videbb ideig van sz\u00fcks\u00e9g.<\/p>\n<p>Az okt\u00f3ber 2-\u00e1n m\u0171t\u00f6tt betegek m\u00e1snap elhagyhatt\u00e1k a klinik\u00e1t, csup\u00e1n kontrollvizsg\u00e1latokra j\u00e1rnak vissza.<\/p>\n<p>Magyarorsz\u00e1gon az elm\u00falt \u00e9vben kb. 23 000 betegn\u00e9l v\u00e9geztek koron\u00e1ria betegs\u00e9g miatt kat\u00e9teres \u00faton stent be\u00fcltet\u00e9st, k\u00f6z\u00fcl\u00fck 3 175 beteget a Semmelweis Egyetem klinik\u00e1j\u00e1n l\u00e1ttak el. Ezen betegek ell\u00e1t\u00e1s\u00e1ban \u00e9s kezel\u00e9sben, valamint a hozz\u00e1juk kapcsol\u00f3d\u00f3 klinikai kardiol\u00f3giai tudom\u00e1nyos kutat\u00e1sban a V\u00e1rosmajori Sz\u00edv- \u00e9s \u00c9rgy\u00f3gy\u00e1szati Klinika Magyarorsz\u00e1g vezet\u0151 int\u00e9zete, illetve mind a hazai, mind a nemzetk\u00f6zi szakorvosk\u00e9pz\u00e9s akkredit\u00e1lt centruma.<\/p>\n<p>Kov\u00e1cs Eszter<br \/>\n Forr\u00e1s:\u00a0V\u00e1rosmajori Sz\u00edv- \u00e9s \u00c9rgy\u00f3gy\u00e1szati Klinika<br \/>\n Fot\u00f3: Kov\u00e1cs Attila \u2013 Semmelweis Egyetem (K\u00e9p\u00fcnk illusztr\u00e1ci\u00f3.)<\/p>\n","protected":false},"excerpt":{"rendered":"<p>Magyarorsz\u00e1gon az elm\u00falt \u00e9vben 23 ezer sz\u00edvbetegn\u00e9l kellett kat\u00e9teres m\u0171t\u00e9ttel sz\u00edvkoszor\u00fa\u00e9r-t\u00e1g\u00edt\u00e1st, \u00fagynevezett stent-be\u00fcltet\u00e9st v\u00e9gezni. Ilyenkor a sz\u0171k\u00fclet vagy elz\u00e1r\u00f3d\u00e1s megsz\u00fcntet\u00e9se \u00e9rdek\u00e9ben speci\u00e1lis henger alak\u00fa f\u00e9mh\u00e1l\u00f3t, \u00fagynevezett \u201estent\u201d-et \u00fcltetnek a betegbe. \u00daj innov\u00e1ci\u00f3k\u00e9nt 2012 \u00f3ta Magyarorsz\u00e1gon haszn\u00e1lnak m\u00e1r felsz\u00edv\u00f3d\u00f3 m\u0171anyag stentet is, itthon els\u0151k\u00e9nt ezt is a Semmelweis Egyetemhez tartoz\u00f3 V\u00e1rosmajori Sz\u00edv \u00e9s \u00c9rgy\u00f3gy\u00e1szati Klinik\u00e1n alkalmazt\u00e1k &hellip;<\/p>\n","protected":false},"author":101132,"featured_media":54655,"comment_status":"closed","ping_status":"closed","sticky":false,"template":"","format":"standard","meta":{"_acf_changed":false,"footnotes":""},"categories":[154,168],"tags":[4140,156],"class_list":["post-54645","post","type-post","status-publish","format-standard","has-post-thumbnail","hentry","category-egeszseg","category-kiemelt","tag-fejlesztes","tag-gyogyitas"],"acf":[],"_links":{"self":[{"href":"https:\/\/semmelweis.hu\/hirek\/wp-json\/wp\/v2\/posts\/54645","targetHints":{"allow":["GET"]}}],"collection":[{"href":"https:\/\/semmelweis.hu\/hirek\/wp-json\/wp\/v2\/posts"}],"about":[{"href":"https:\/\/semmelweis.hu\/hirek\/wp-json\/wp\/v2\/types\/post"}],"author":[{"embeddable":true,"href":"https:\/\/semmelweis.hu\/hirek\/wp-json\/wp\/v2\/users\/101132"}],"replies":[{"embeddable":true,"href":"https:\/\/semmelweis.hu\/hirek\/wp-json\/wp\/v2\/comments?post=54645"}],"version-history":[{"count":6,"href":"https:\/\/semmelweis.hu\/hirek\/wp-json\/wp\/v2\/posts\/54645\/revisions"}],"predecessor-version":[{"id":54739,"href":"https:\/\/semmelweis.hu\/hirek\/wp-json\/wp\/v2\/posts\/54645\/revisions\/54739"}],"wp:featuredmedia":[{"embeddable":true,"href":"https:\/\/semmelweis.hu\/hirek\/wp-json\/wp\/v2\/media\/54655"}],"wp:attachment":[{"href":"https:\/\/semmelweis.hu\/hirek\/wp-json\/wp\/v2\/media?parent=54645"}],"wp:term":[{"taxonomy":"category","embeddable":true,"href":"https:\/\/semmelweis.hu\/hirek\/wp-json\/wp\/v2\/categories?post=54645"},{"taxonomy":"post_tag","embeddable":true,"href":"https:\/\/semmelweis.hu\/hirek\/wp-json\/wp\/v2\/tags?post=54645"}],"curies":[{"name":"wp","href":"https:\/\/api.w.org\/{rel}","templated":true}]}}