{"id":54479,"date":"2016-09-30T13:32:51","date_gmt":"2016-09-30T11:32:51","guid":{"rendered":"http:\/\/semmelweis.hu\/hirek\/?p=54479"},"modified":"2018-02-06T14:12:53","modified_gmt":"2018-02-06T13:12:53","slug":"dr-szel-agoston-rektor-es-dr-cseh-domonkos-phd-hallgato-volt-a-barati-kor-vendege","status":"publish","type":"post","link":"https:\/\/semmelweis.hu\/hirek\/2016\/09\/30\/dr-szel-agoston-rektor-es-dr-cseh-domonkos-phd-hallgato-volt-a-barati-kor-vendege\/","title":{"rendered":"Dr. Sz\u00e9l \u00c1goston rektor \u00e9s dr. Cseh Domonkos PhD-hallgat\u00f3 volt a Bar\u00e1ti K\u00f6r vend\u00e9ge"},"content":{"rendered":"<p>A Semmelweis Egyetem Bar\u00e1ti K\u00f6r\u00e9nek szeptemberi \u00f6sszej\u00f6vetel\u00e9n dr. Sz\u00e9l \u00c1goston az eddigi rektori tev\u00e9kenys\u00e9g\u00e9nek ismertet\u00e9se sor\u00e1n bemutatta az egyetem elm\u00falt \u00e9veinek fontosabb m\u00e9rf\u00f6ldk\u00f6veit. A m\u00e1sodik el\u0151ad\u00f3, dr. Cseh Domonkos, az \u00c9lettani Int\u00e9zet munkat\u00e1rsa a 2-es t\u00edpus\u00fa cukorbetegs\u00e9ggel \u00f6sszef\u00fcgg\u0151 baroreflex-\u00e9rz\u00e9kenys\u00e9gr\u0151l sz\u00f3l\u00f3, publik\u00e1l\u00e1s el\u0151tt \u00e1ll\u00f3 vizsg\u00e1latot ismertette. A Bar\u00e1ti K\u00f6r eln\u00f6ke, dr. Monos Emil professor emeritus besz\u00e1molt r\u00f3la, m\u00e1r nyomd\u00e1ban van az az eml\u00e9kk\u00f6nyv, amely a Bar\u00e1ti K\u00f6r elm\u00falt 25 \u00e9v\u00e9t foglalja \u00f6ssze.<\/p>\n<p><a href=\"https:\/\/semmelweis.hu\/hirek\/files\/2016\/09\/RS53347_KA-20160928-IMG_9652-scr.jpg\"><img loading=\"lazy\" decoding=\"async\" class=\"alignright size-medium wp-image-54480\" src=\"https:\/\/semmelweis.hu\/hirek\/files\/2016\/09\/RS53347_KA-20160928-IMG_9652-scr-200x300.jpg\" alt=\"RS53347_KA-20160928-IMG_9652-scr\" width=\"200\" height=\"300\" srcset=\"https:\/\/semmelweis.hu\/hirek\/files\/2016\/09\/RS53347_KA-20160928-IMG_9652-scr-200x300.jpg 200w, https:\/\/semmelweis.hu\/hirek\/files\/2016\/09\/RS53347_KA-20160928-IMG_9652-scr-267x400.jpg 267w, https:\/\/semmelweis.hu\/hirek\/files\/2016\/09\/RS53347_KA-20160928-IMG_9652-scr.jpg 500w\" sizes=\"auto, (max-width: 200px) 100vw, 200px\" \/><\/a>A Semmelweis Egyetem hazai \u00e9s nemzetk\u00f6zi preszt\u00edzse c\u00edm\u0171 fot\u00f3kkal illusztr\u00e1lt el\u0151ad\u00e1s\u00e1ban dr. Sz\u00e9l \u00c1goston v\u00e9gigtekintett a 2012 \u00f3ta tart\u00f3 rektori tiszts\u00e9g\u00e9nek fontosabb \u00e1llom\u00e1sain, amely \u00e1ltal az egyetem elm\u00falt hat \u00e9v\u00e9nek meghat\u00e1roz\u00f3 esem\u00e9nyeibe is betekint\u00e9st nyerhettek a rendezv\u00e9ny r\u00e9sztvev\u0151i. A rektor felid\u00e9zte t\u00f6bbek k\u00f6z\u00f6tt a Semmelweis-eml\u00e9k\u00e9v t\u00f6rt\u00e9n\u00e9seit, a Kor\u00e1nyi projekt \u00e1llom\u00e1sait, k\u00fcl\u00f6nb\u00f6z\u0151 d\u00edj\u00e1tad\u00f3kat, \u00edgy p\u00e9ld\u00e1ul a <a href=\"https:\/\/semmelweis.hu\/hirek\/2013\/11\/06\/dr-adam-veronika-vehette-at-iden-a-semmelweis-ignac-emlekermet\/\">Dr. \u00c1d\u00e1m Veronik\u00e1nak<\/a> \u00edt\u00e9lt Semmelweis Ign\u00e1c Eml\u00e9k\u00e9rem \u00e1tad\u00e1s\u00e1t. A rektor visszaeml\u00e9kezett t\u00f6bb eml\u00e9kt\u00e1bla-avat\u00e1sra is, k\u00f6zt\u00fck <a href=\"https:\/\/semmelweis.hu\/hirek\/2016\/09\/12\/emlektablat-avattak-dr-kovach-arisztid-professzor-tiszteletere\/\">Dr. Kov\u00e1ch Arisztid<\/a> nemr\u00e9giben \u00e1tadott domborm\u0171v\u00e9nek avat\u00f3\u00fcnneps\u00e9g\u00e9re, illetve <a href=\"https:\/\/semmelweis.hu\/hirek\/2012\/11\/27\/felvattak-szentagothai-janos-szobrat-a-semmelweis-egyetem-udvaran\/\">Dr. Szent\u00e1gothai J\u00e1nos<\/a> szobr\u00e1nak avat\u00e1s\u00e1ra. Bemutatta a n\u00e9z\u0151knek az egyetemen t\u00f6rt\u00e9nt \u00e1llamtitk\u00e1ri, <a href=\"https:\/\/semmelweis.hu\/hirek\/2015\/05\/05\/egynapos-osztalyt-adtak-at-a-ii-sz-gyermekgyogyaszati-klinikan\/\">miniszteri l\u00e1togat\u00e1sokat<\/a>, de <a href=\"https:\/\/semmelweis.hu\/hirek\/2016\/04\/07\/alapitvanyokat-tamogat-az-anatomiai\/\">fut\u00f3versenyeket<\/a>, valamint t\u00f6bb egy\u00fcttm\u0171k\u00f6d\u00e9si meg\u00e1llapod\u00e1s megk\u00f6t\u00e9s\u00e9t, \u00edgy p\u00e9ld\u00e1ul a <a href=\"https:\/\/semmelweis.hu\/hirek\/2016\/04\/13\/egyuttmukodesi-megallapodast-kotott-a-semmelweis-egyetem-es-a-tudomanyos-ismeretterjeszto-tarsulat\/\">Tudom\u00e1nyos Ismeretterjeszt\u0151 T\u00e1rsulattal<\/a> al\u00e1\u00edrt kooper\u00e1ci\u00f3t is megeml\u00edtette.<\/p>\n<p>A rektor felvillantotta azokat a deleg\u00e1ci\u00f3s l\u00e1togat\u00e1sokat is, amelyek az egyetem nemzetk\u00f6zi kapcsolatainak \u00e1pol\u00e1s\u00e1ra \u00e9s folyamatos b\u0151v\u00edt\u00e9s\u00e9re szolg\u00e1ltak. Egyebek mellett sz\u00f3 esett a Semmelweis Egyetem <a href=\"https:\/\/semmelweis.hu\/hirek\/2016\/06\/08\/egyuttmukodesi-szandeknyilatkozat-a-shanghai-university-of-traditional-chinese-medicine-el\/\">k\u00ednai<\/a>, <a href=\"https:\/\/semmelweis.hu\/hirek\/2016\/03\/16\/egyuttmukodesi-megallapodasok-del-koreaban-es-azerbajdzsanban\/\">d\u00e9l-koreai \u00e9s azerbajdzs\u00e1ni<\/a> kapcsolatair\u00f3l. Kit\u00e9rt azokra az elismer\u00e9sekre is, amelyeket az elm\u00falt n\u00e9gy \u00e9v sor\u00e1n \u00e1tvehetett, \u00edgy p\u00e9ld\u00e1ul a <a href=\"https:\/\/semmelweis.hu\/hirek\/2016\/03\/11\/allami-elismeresek-a-nemzeti-unnepen-2\/\">Magyar \u00c9rdemrend k\u00f6z\u00e9pkeresztje<\/a> kit\u00fcntet\u00e9sre vagy a nemr\u00e9giben \u00e1tvett <a href=\"https:\/\/semmelweis.hu\/hirek\/2016\/09\/27\/az-aradi-egyetemi-diszdoktora-lett-dr-szel-agoston\/\">aradi d\u00edszdoktori<\/a> c\u00edmre. Ez ut\u00f3bbi kapcs\u00e1n kiemelte annak jelent\u0151s\u00e9g\u00e9t, hogy dr. Sz\u00e1sz K\u00e1roly kancell\u00e1rral k\u00f6z\u00f6sen tettek l\u00e1togat\u00e1st az aradi egyetemen, \u00e9s folytattak szakmai megbesz\u00e9l\u00e9seket, ezzel is jelezve az egyetem du\u00e1lis vezet\u00e9s\u00e9nek egys\u00e9g\u00e9t.<\/p>\n<p><a href=\"https:\/\/semmelweis.hu\/hirek\/files\/2016\/09\/RS53344_KA-20160928-IMG_9660-scr.jpg\"><img loading=\"lazy\" decoding=\"async\" class=\"alignleft size-medium wp-image-54481\" src=\"https:\/\/semmelweis.hu\/hirek\/files\/2016\/09\/RS53344_KA-20160928-IMG_9660-scr-300x200.jpg\" alt=\"RS53344_KA-20160928-IMG_9660-scr\" width=\"300\" height=\"200\" srcset=\"https:\/\/semmelweis.hu\/hirek\/files\/2016\/09\/RS53344_KA-20160928-IMG_9660-scr-300x200.jpg 300w, https:\/\/semmelweis.hu\/hirek\/files\/2016\/09\/RS53344_KA-20160928-IMG_9660-scr-768x512.jpg 768w, https:\/\/semmelweis.hu\/hirek\/files\/2016\/09\/RS53344_KA-20160928-IMG_9660-scr-600x400.jpg 600w, https:\/\/semmelweis.hu\/hirek\/files\/2016\/09\/RS53344_KA-20160928-IMG_9660-scr-450x300.jpg 450w, https:\/\/semmelweis.hu\/hirek\/files\/2016\/09\/RS53344_KA-20160928-IMG_9660-scr.jpg 950w\" sizes=\"auto, (max-width: 300px) 100vw, 300px\" \/><\/a>Dr. Sz\u00e9l \u00c1goston kiemelte, el\u0151ad\u00e1s\u00e1val azt pr\u00f3b\u00e1lta \u00e9rz\u00e9keltetni, hogy rektork\u00e9nt folyamatosan az egyetem \u00e9rdek\u00e9ben igyekszik cselekedni, az el\u00e9rt sikerekhez pedig a Semmelweis Egyetem sz\u00e1mos int\u00e9zm\u00e9ny\u00e9nek \u00e9s munkat\u00e1rs\u00e1nak tev\u00e9kenys\u00e9ge is hozz\u00e1j\u00e1rult. Az egyetem nemzetk\u00f6zi rangsorokban elfoglalt helyez\u00e9sei kapcs\u00e1n azt mondta, fontos, hogy az int\u00e9zm\u00e9ny \u00fagy tudja meg\u0151rizni preszt\u00edzs\u00e9t, hogy k\u00f6zben ne kelljen lemondani egyetlen klinikai egys\u00e9gr\u0151l sem, hiszen orvosi egyetemen nem lehet hallgat\u00f3kat k\u00e9pezni betegek n\u00e9lk\u00fcl. Hozz\u00e1tette, a kiegyens\u00falyozott m\u0171k\u00f6d\u00e9shez fontos, hogy az akad\u00e9miai \u00e9s a kancell\u00e1ri vezet\u00e9s \u00fagy tudjon egy\u00fcttm\u0171k\u00f6dni, hogy a kit\u0171z\u00f6tt c\u00e9lokat min\u00e9l gazdas\u00e1gosabban tudj\u00e1k v\u00e9ghez vinni.<\/p>\n<p><a href=\"https:\/\/semmelweis.hu\/hirek\/files\/2016\/09\/RS53327_KA-20160928-IMG_9755-scr.jpg\"><img loading=\"lazy\" decoding=\"async\" class=\"alignleft size-medium wp-image-54483\" src=\"https:\/\/semmelweis.hu\/hirek\/files\/2016\/09\/RS53327_KA-20160928-IMG_9755-scr-200x300.jpg\" alt=\"RS53327_KA-20160928-IMG_9755-scr\" width=\"200\" height=\"300\" srcset=\"https:\/\/semmelweis.hu\/hirek\/files\/2016\/09\/RS53327_KA-20160928-IMG_9755-scr-200x300.jpg 200w, https:\/\/semmelweis.hu\/hirek\/files\/2016\/09\/RS53327_KA-20160928-IMG_9755-scr-267x400.jpg 267w, https:\/\/semmelweis.hu\/hirek\/files\/2016\/09\/RS53327_KA-20160928-IMG_9755-scr.jpg 500w\" sizes=\"auto, (max-width: 200px) 100vw, 200px\" \/><\/a>Az est m\u00e1sodik el\u0151ad\u00f3ja dr. Cseh Domonkos, az \u00c9lettani Int\u00e9zet tudom\u00e1nyos seg\u00e9dmunkat\u00e1rsa, a Bar\u00e1ti K\u00f6r dr. Bal\u00e1zs Dezs\u0151 \u00e9s Walter Julianna p\u00e1ly\u00e1zat\u00e1nak 2015-\u00f6s d\u00edjazottja volt, aki a p\u00e1ly\u00e1zat seg\u00edts\u00e9g\u00e9vel megval\u00f3sul\u00f3 p\u00e1rizsi tanulm\u00e1ny\u00fatj\u00e1nak eredm\u00e9nyeir\u0151l sz\u00e1molt be. A Paris Cardiovascular Research Centerben, dr. St\u00e9phane Laurent \u00e9s dr. Pierre Boutouyrie professzorok vezet\u00e9s\u00e9vel zajl\u00f3 kutat\u00e1s c\u00e9lja a 2-es t\u00edpus\u00fa cukorbetegek v\u00e9rnyom\u00e1s-szab\u00e1lyoz\u00e1si reflex\u00e9nek (baroreflex) non-invaz\u00edv m\u00f3dszerekkel t\u00f6rt\u00e9n\u0151 vizsg\u00e1lata volt. Az eredm\u00e9nyek \u00edr\u00e1sos form\u00e1ban t\u00f6rt\u00e9n\u0151 ismertet\u00e9se a kutat\u00e1s szab\u00e1lyzata szerint csak a hivatalos publik\u00e1ci\u00f3 megjelen\u00e9se ut\u00e1n lesz enged\u00e9lyezett.<\/p>\n<p>Keresztes Eszter<\/p>\n<p>Fot\u00f3: Kov\u00e1cs Attila, Semmelweis Egyetem<\/p>\n","protected":false},"excerpt":{"rendered":"<p>A Semmelweis Egyetem Bar\u00e1ti K\u00f6r\u00e9nek szeptemberi \u00f6sszej\u00f6vetel\u00e9n dr. Sz\u00e9l \u00c1goston az eddigi rektori tev\u00e9kenys\u00e9g\u00e9nek ismertet\u00e9se sor\u00e1n bemutatta az egyetem elm\u00falt \u00e9veinek fontosabb m\u00e9rf\u00f6ldk\u00f6veit. A m\u00e1sodik el\u0151ad\u00f3, dr. Cseh Domonkos, az \u00c9lettani Int\u00e9zet munkat\u00e1rsa a 2-es t\u00edpus\u00fa cukorbetegs\u00e9ggel \u00f6sszef\u00fcgg\u0151 baroreflex-\u00e9rz\u00e9kenys\u00e9gr\u0151l sz\u00f3l\u00f3, publik\u00e1l\u00e1s el\u0151tt \u00e1ll\u00f3 vizsg\u00e1latot ismertette. A Bar\u00e1ti K\u00f6r eln\u00f6ke, dr. Monos Emil professor emeritus besz\u00e1molt &hellip;<\/p>\n","protected":false},"author":13,"featured_media":54484,"comment_status":"closed","ping_status":"closed","sticky":false,"template":"","format":"standard","meta":{"_acf_changed":false,"footnotes":""},"categories":[157,168],"tags":[235,345],"class_list":["post-54479","post","type-post","status-publish","format-standard","has-post-thumbnail","hentry","category-semmelweis-vilag","category-kiemelt","tag-barati-kor","tag-esemenyek-es-beszamolok"],"acf":[],"_links":{"self":[{"href":"https:\/\/semmelweis.hu\/hirek\/wp-json\/wp\/v2\/posts\/54479","targetHints":{"allow":["GET"]}}],"collection":[{"href":"https:\/\/semmelweis.hu\/hirek\/wp-json\/wp\/v2\/posts"}],"about":[{"href":"https:\/\/semmelweis.hu\/hirek\/wp-json\/wp\/v2\/types\/post"}],"author":[{"embeddable":true,"href":"https:\/\/semmelweis.hu\/hirek\/wp-json\/wp\/v2\/users\/13"}],"replies":[{"embeddable":true,"href":"https:\/\/semmelweis.hu\/hirek\/wp-json\/wp\/v2\/comments?post=54479"}],"version-history":[{"count":1,"href":"https:\/\/semmelweis.hu\/hirek\/wp-json\/wp\/v2\/posts\/54479\/revisions"}],"predecessor-version":[{"id":54485,"href":"https:\/\/semmelweis.hu\/hirek\/wp-json\/wp\/v2\/posts\/54479\/revisions\/54485"}],"wp:featuredmedia":[{"embeddable":true,"href":"https:\/\/semmelweis.hu\/hirek\/wp-json\/wp\/v2\/media\/54484"}],"wp:attachment":[{"href":"https:\/\/semmelweis.hu\/hirek\/wp-json\/wp\/v2\/media?parent=54479"}],"wp:term":[{"taxonomy":"category","embeddable":true,"href":"https:\/\/semmelweis.hu\/hirek\/wp-json\/wp\/v2\/categories?post=54479"},{"taxonomy":"post_tag","embeddable":true,"href":"https:\/\/semmelweis.hu\/hirek\/wp-json\/wp\/v2\/tags?post=54479"}],"curies":[{"name":"wp","href":"https:\/\/api.w.org\/{rel}","templated":true}]}}