{"id":53820,"date":"2016-09-05T10:54:57","date_gmt":"2016-09-05T08:54:57","guid":{"rendered":"http:\/\/semmelweis.hu\/hirek\/?p=53820"},"modified":"2018-02-06T12:44:15","modified_gmt":"2018-02-06T11:44:15","slug":"elhunyt-dr-banoczy-jolan-professor-emerita","status":"publish","type":"post","link":"https:\/\/semmelweis.hu\/hirek\/2016\/09\/05\/elhunyt-dr-banoczy-jolan-professor-emerita\/","title":{"rendered":"Elhunyt dr. B\u00e1n\u00f3czy Jol\u00e1n professor emerita"},"content":{"rendered":"<p>Elhunyt\u00a0Dr. B\u00e1n\u00f3czy Jol\u00e1n professor emerita, a Fogorvostudom\u00e1nyi Kar egykori d\u00e9k\u00e1nja, az MTA doktora, az Or\u00e1lbiol\u00f3giai Tansz\u00e9k nyugalmazott egyetemi tan\u00e1ra, a Semmelweis Egyetem Bar\u00e1ti K\u00f6r\u00e9nek vezet\u0151s\u00e9gi tagja.\u00a0Dr. T\u00f3th Zsuzsanna, a Konzerv\u00e1l\u00f3 Fog\u00e1szati Klinika\u00a0igazgat\u00f3j\u00e1nak nekrol\u00f3gja.<\/p>\n<p><strong>Gy\u00e1szol a fogorvos t\u00e1rsadalom, elt\u00e1vozott B\u00e1n\u00f3czy Jol\u00e1n professor emerita\u00a0<\/strong><strong>(1929-2016)<\/strong><\/p>\n<p>Elhagyott minket. Elk\u00e9pzelhetetlen. Maga volt az er\u0151, a biztos t\u00e1masz, az el\u0151rel\u00e1t\u00e1s. Lenni annyi, mint tenni \u00e9s teremteni &#8211; mondta Jung, mintha \u0150t jellemezte volna. Hogy t\u00f6rt\u00e9nhetett meg, mikor pont k\u00e9t hete m\u00e9g kedvesen v\u00e1laszolt e-mailemre? Igaz, a hogyl\u00e9te ir\u00e1nt \u00e9rdekl\u0151d\u0151 k\u00e9rd\u00e9semre a v\u00e1lasz elmaradt.<\/p>\n<p><a href=\"https:\/\/semmelweis.hu\/hirek\/files\/2016\/09\/banoczy_jolanfoto-1.jpg\"><img loading=\"lazy\" decoding=\"async\" class=\"alignleft size-medium wp-image-53836\" src=\"https:\/\/semmelweis.hu\/hirek\/files\/2016\/09\/banoczy_jolanfoto-1-202x300.jpg\" alt=\"banoczy_jolanfoto\" width=\"202\" height=\"300\" srcset=\"https:\/\/semmelweis.hu\/hirek\/files\/2016\/09\/banoczy_jolanfoto-1-202x300.jpg 202w, https:\/\/semmelweis.hu\/hirek\/files\/2016\/09\/banoczy_jolanfoto-1-269x400.jpg 269w, https:\/\/semmelweis.hu\/hirek\/files\/2016\/09\/banoczy_jolanfoto-1-600x893.jpg 600w, https:\/\/semmelweis.hu\/hirek\/files\/2016\/09\/banoczy_jolanfoto-1.jpg 749w\" sizes=\"auto, (max-width: 202px) 100vw, 202px\" \/><\/a>B\u00e1n\u00f3czy Jol\u00e1n professzor asszonyt gazdag p\u00e1ly\u00e1ja Budapesthez k\u00f6t\u00f6tte, de nincs a vil\u00e1gnak olyan sarka, ahol szakmai k\u00f6r\u00f6kben haz\u00e1nkkal kapcsolatban el\u0151sz\u00f6r ne \u0150t eml\u00edtett\u00e9k volna. Budapesten sz\u00fcletett, az Angolkisasszonyok Sancta Maria Gimn\u00e1zium\u00e1ban \u00e9retts\u00e9gizett. N\u00e9met, francia nyelvtud\u00e1sa \u00e9s \u00e9rdekl\u0151d\u00e9se a tov\u00e1bbtanul\u00e1s ter\u00e9n a francia-t\u00f6rt\u00e9nelem-magyar szak fel\u00e9 vez\u00e9relte volna, azonban sz\u00fclei nyomat\u00e9kos k\u00edv\u00e1ns\u00e1g\u00e1ra az orvosegyetemre felv\u00e9telizett. Fogorvos \u00e9desapja tan\u00e1cs\u00e1ra \u00e9s a karalap\u00edt\u00f3 professzor, Balogh K\u00e1roly d\u00e9k\u00e1n h\u00edv\u00e1s\u00e1ra az \u00e1ltal\u00e1nos orvosi tanulm\u00e1nyait summa cum laude v\u00e9gzett friss diplom\u00e1s a Budapesti Orvostudom\u00e1nyi Egyetemen a Fog\u00e1szati \u00e9s Sz\u00e1jseb\u00e9szeti Klinika munkat\u00e1rsa lett. Bekapcsol\u00f3dott a betegell\u00e1t\u00e1sba, az oktat\u00e1sba, \u00e9s letette a fog- \u00e9s sz\u00e1jbetegs\u00e9gek szakvizsg\u00e1t. Sug\u00e1r L\u00e1szl\u00f3 tan\u00e1r \u00far ir\u00e1ny\u00edt\u00e1s\u00e1val elkezdett kutat\u00e1sait, a sz\u00e1j\u00fcreg preacancerosus elv\u00e1ltoz\u00e1sainak vizsg\u00e1lat\u00e1t k\u00e9s\u0151bb m\u00e1r WHO kollabor\u00e1ci\u00f3ban v\u00e9gezte. A leukoplakia klinikopatol\u00f3giai jelent\u0151s\u00e9g\u00e9nek kutat\u00e1s\u00e1val nyert eredm\u00e9nyeinek komoly nemzetk\u00f6zi visszhangja lett. E t\u00e9m\u00e1ban sz\u00fcletett k\u00f6nyv\u00e9t az Oral Leukoplakia c. monogr\u00e1fi\u00e1t t\u00f6bb nyelvre is leford\u00edtott\u00e1k, amely \u00e9letre sz\u00f3l\u00f3 bar\u00e1ts\u00e1gokat hozott. E kapcsolatok k\u00f6z\u00fcl pl. a jap\u00e1n kapcsolatb\u00f3l m\u00e1ig \u00e9l\u0151 egyetemi csereegyezm\u00e9ny is sz\u00e1rmazott. B\u00e1n\u00f3czy Jol\u00e1n tudom\u00e1nyos munk\u00e1ss\u00e1g\u00e1val 1970-ben az orvostudom\u00e1nyok kandid\u00e1tusa fokozatot szerzett, 1974-ben lett egyetemi tan\u00e1r \u00e9s ebben az \u00e9vben nevezt\u00e9k ki a Konzerv\u00e1l\u00f3 Fog\u00e1szati Klinika igazgat\u00f3j\u00e1nak is. 1978-ban elnyerte az orvostudom\u00e1nyok doktora c\u00edmet. Tudom\u00e1nyos \u00e9rdekl\u0151d\u00e9se ez id\u0151 t\u00e1jt fordult a fogszuvasod\u00e1s megel\u0151z\u00e9s\u00e9nek lehet\u0151s\u00e9gei fel\u00e9. WHO egy\u00fcttm\u0171k\u00f6d\u00e9sben finn, magyar \u00e9s sv\u00e1jci koll\u00e9g\u00e1kkal vizsg\u00e1lta a fluoridok, a cukorp\u00f3tl\u00f3k cariesprevent\u00edv hat\u00e1s\u00e1t. Aktivit\u00e1s\u00e1t a Fogorvostudom\u00e1nyi Kar \u00e9rdek\u00e9ben hat \u00e9ven kereszt\u00fcl d\u00e9k\u00e1nk\u00e9nt is kamatoztatta. A Semmelweis Egyetemen 1999-t\u0151l az Or\u00e1lbiol\u00f3giai Tansz\u00e9k professor emerit\u00e1ja.<\/p>\n<p>Neh\u00e9z lenne minden tiszts\u00e9g\u00e9t felsorolni, de eln\u00f6ks\u00e9gi tagja volt a MOTESZ-nek, eln\u00f6ke a Magyar Fogorvosok Egyes\u00fclet\u00e9nek, tan\u00e1cskoz\u00f3 \u00e9s \u00e1lland\u00f3 megh\u00edvott tagja, majd kit\u00fcntetettje a Magyar Tudom\u00e1nyos Akad\u00e9mi\u00e1nak. Nemzetk\u00f6zi szinten 13 \u00e9ven kereszt\u00fcl a WHO Kollabor\u00e1ci\u00f3s K\u00f6zpont vezet\u0151je, de mint a European Organisation for Caries Research (ORCA) t\u00e1rseln\u00f6ke, az International Documentation Center for Preventive Dentistry, Austria (IDCPD) \u00e9s az Association for Deantal Education in Europe (ADEE) eln\u00f6ke is munk\u00e1lkodott. Vend\u00e9gprofesszora volt a Z\u00e1gr\u00e1bi Egyetemnek, \u00e9s t\u00f6bb mint egy \u00e9vtizeden kereszt\u00fcl eln\u00f6ke az angliai j\u00f3l\u00e9ti alap\u00edtv\u00e1ny, a Borrow Foundation igazgat\u00f3tan\u00e1cs\u00e1nak. Tiszteletbeli tagja sz\u00e1mos szakmai szervezetnek, mint pl. a kubai, \u00e9s amerikai fogorvosi egyes\u00fcleteknek.<\/p>\n<p>A vil\u00e1g minden r\u00e9sz\u00e9n tartott t\u00f6bb sz\u00e1z el\u0151ad\u00e1s \u00e9s az \u00e1ltala jegyzett t\u00f6bb sz\u00e1z tudom\u00e1nyos k\u00f6zlem\u00e9ny, majd 30 k\u00f6nyv, k\u00f6nyvr\u00e9szlet f\u00e9mjelzi tev\u00e9kenys\u00e9g\u00e9t, ugyan\u00fagy, mint az elismer\u00e9sek sora, a Semmelweis Tudom\u00e1nyos D\u00edj, az \u00c1rk\u00f6vy Eml\u00e9k\u00e9rem, a Markusovszky-d\u00edj, a Munka \u00c9rdemrend arany fokozata, a Semmelweis-aranygy\u0171r\u0171, a MOTESZ-d\u00edj. Budapest Belv\u00e1ros-Lip\u00f3tv\u00e1ros d\u00edszpolg\u00e1r\u00e1v\u00e1 v\u00e1lasztott\u00e1k 1999-ben, \u00e9s megkapta a MTA Szent\u00e1gothai J\u00e1nos Szakkurat\u00f3rium\u00e1nak d\u00edj\u00e1t. Ki\u00e9rdemelte a Magyar Tudom\u00e1nyos Akad\u00e9mia r\u00e9sz\u00e9r\u0151l az E\u00f6tv\u00f6s J\u00f3zsef-koszor\u00fat, az eg\u00e9szs\u00e9g\u00fcgyi minisztert\u0151l a Batthy\u00e1ny-Strattmann L\u00e1szl\u00f3-d\u00edjat, \u00e9s megtisztelt\u00e9k a Pr\u00e1gai K\u00e1roly Egyetem eml\u00e9k\u00e9rm\u00e9vel is.<\/p>\n<p>A hatalmas \u00e9letm\u0171, az eml\u00edtett \u00e9s eml\u00edt\u00e9sre nem ker\u00fclt, de nagy elismer\u00e9sre m\u00e9lt\u00f3 eredm\u00e9nyek \u00f6sszegz\u00e9se mellett m\u00e9gis B\u00e1n\u00f3czy professzor asszonyra \u00fagy eml\u00e9kezem, mint a sorsom, de nemcsak az \u00e9n, hanem a t\u00f6bb fogorvos gener\u00e1ci\u00f3 sors\u00e1t meghat\u00e1roz\u00f3 egy\u00e9nis\u00e9gre. Kosztol\u00e1nyi sorai r\u00e1illenek: \u201eVolt emberek. Ha nincsenek is, vannak m\u00e9g. Csod\u00e1k. Nem t\u00e9ve semmit, nem akarva semmit, hatnak tov\u00e1bb.\u201d<\/p>\n<p>Fogorvostan-hallgat\u00f3i id\u0151szakom tan\u00e1r\u00e1t id\u00e9zem fel, aki m\u00e1r kor\u00e1n igaz\u00edtotta a l\u00e9pteinket, a munkahelyi vezet\u0151t, aki szigor\u00faan \u00e9s biztos k\u00e9zzel ir\u00e1ny\u00edtott, \u00e9s tan\u00e1csait, amikre bar\u00e1ts\u00e1ga r\u00e9v\u00e9n mindig sz\u00e1m\u00edthattam. Felvillannak a pillanatok, az eml\u00e9kek. Amikor friss tudom\u00e1nyos \u00f6szt\u00f6nd\u00edjas munkat\u00e1rsk\u00e9nt felv\u00e9telt nyertem a Konzerv\u00e1l\u00f3 Fog\u00e1szati Klinik\u00e1ra, \u00e9s megengedte, hogy tegezzem. Azt sem tudtam, hogyan ker\u00fcljem el a \u201ete\u201d kimond\u00e1s\u00e1t, pedig B\u00e1n\u00f3czy professzor asszonyt a legnagyobb tisztelettel, de mindenki Jolik\u00e1nak sz\u00f3l\u00edtotta. Konferencia, ahol a nemzetk\u00f6zi t\u00e1rsas\u00e1gban a k\u00f6rben \u00e1ll\u00f3 k\u00fclf\u00f6ldiek k\u00f6z\u00fcl mindenkivel a saj\u00e1t nyelv\u00e9n folytatta a besz\u00e9lget\u00e9st. De nem volt el\u00e9g a francia, n\u00e9met, angol nyelvtud\u00e1s, m\u00e1r r\u00e9g egyetemi tan\u00e1r volt, amikor kubai PhD hallgat\u00f3ja idej\u00e9n spanyolul tanult. Eszembe jut reszket\u00e9sem, amikor a heti orvos \u00e9rtekezleten be kellett sz\u00e1molnom, ezt t\u00fal\u00e9lve m\u00e1r egy kongresszusi szerepl\u00e9s nemzetk\u00f6zi t\u00e9ren is csak \u201ekismiska\u201d volt. \u00c9s nem m\u00falik a h\u00e1la! T\u00f6retlen b\u00e1tor\u00edt\u00e1sa, elv\u00e1r\u00e1sa n\u00e9lk\u00fcl szem\u00e9lyes p\u00e1ly\u00e1m biztos, hogy nem \u00edgy alakul. Nyolcvanadik sz\u00fclet\u00e9snapj\u00e1t \u00fcnnepelt\u00fck, amikor meg\u00e1llap\u00edthattuk, hogy fogorvost\u00e1rsadalmunk sz\u00e1mos tagja B\u00e1n\u00f3czy professzor asszony, Jolika k\u00f6p\u00f6nyeg\u00e9b\u0151l b\u00fajt el\u0151. Hazai \u00e9s nemzetk\u00f6zi kapcsolatai r\u00e9v\u00e9n minden \u00e9rdekl\u0151d\u0151 \u00e9s ambici\u00f3zus koll\u00e9g\u00e1t seg\u00edtett, t\u00e1mogatott. El\u0151rel\u00e1t\u00e1sa, sz\u00e9les l\u00e1t\u00f3k\u00f6r\u0171 gondolkod\u00e1sm\u00f3dja nemcsak a szakmai el\u0151meneteleket, de oktat\u00e1sunk szerkezet\u00e9nek, tartalm\u00e1nak fejl\u0151d\u00e9s\u00e9t, a prevenci\u00f3 \u00fcgy\u00e9nek el\u0151mozd\u00edt\u00e1s\u00e1t, szakmapolitikai d\u00f6nt\u00e9s-el\u0151k\u00e9sz\u00edt\u00e9seket eredm\u00e9nyezett. R\u00e1 biztos nem \u00e9rv\u00e9nyes a mond\u00e1s, miszerint mindenki p\u00f3tolhat\u00f3.\u00a0 Ne felejts\u00fck, hogy p\u00e1ly\u00e1ja kezdete az 50-es \u00e9vek k\u00f6zep\u00e9re esett, a maiakhoz k\u00e9pest \u00f6sszehasonl\u00edthatatlanul nehezebb k\u00f6r\u00fclm\u00e9nyek k\u00f6z\u00f6tt. Akaratereje, kitart\u00e1sa, t\u00f6retlen hite p\u00e9ldak\u00e9nt szolg\u00e1lhat mindny\u00e1junknak. Teljes\u00edtm\u00e9ny\u00e9t biztos, t\u00e1mogat\u00f3 \u00e9s szeretetteljes csal\u00e1di h\u00e1tt\u00e9rrel \u00e9rte el. Gondolok itt ifj\u00fakora meleg sz\u00fcl\u0151i, nagysz\u00fcl\u0151i h\u00e1tter\u00e9re, \u00e9s megeml\u00e9kezem a m\u00e1r elt\u00e1vozott szeretett f\u00e9rjr\u0151l, \u00e9s a legutols\u00f3 pillanatig mindenr\u0151l gondoskod\u00f3 orvos fi\u00e1r\u00f3l, unok\u00e1ir\u00f3l, akik az utols\u00f3 id\u0151szak szellemileg teljesen friss, de eg\u00e9szs\u00e9g\u00fcgyi probl\u00e9m\u00e1kkal terhes id\u0151szak\u00e1nak m\u00e9lt\u00f3 visel\u00e9s\u00e9ben seg\u00edtett\u00e9k.<\/p>\n<p>\u00c9s azt\u00e1n j\u00f6tt a szomor\u00fa h\u00edr.<\/p>\n<p>Tisztelt Professzor Asszony, kedves Jolika, h\u00e1l\u00e1val b\u00facs\u00fazunk, de nem felejt\u00fcnk! Hiszen amit l\u00e9trehozt\u00e1l, benn\u00fcnk tov\u00e1bb \u00e9l, eml\u00e9kedet meg\u0151rizz\u00fck \u00e9s szeretettel \u00e1poljuk.<\/p>\n<p>Dr. T\u00f3th Zsuzsanna, igazgat\u00f3<br \/>\n Konzerv\u00e1l\u00f3 Fog\u00e1szati Klinika<\/p>\n<p>&nbsp;<\/p>\n<p>Dr. B\u00e1n\u00f3czy Jol\u00e1n\u00a0hamvait\u00a02016. szeptember 22-\u00e9n 14:00 \u00f3rakor\u00a0a kelenf\u00f6ldi Szent Gell\u00e9rt pl\u00e9b\u00e1niatemplom\u00a0urnatemet\u0151j\u00e9ben (Budapest, XI. Bart\u00f3k B\u00e9la \u00fat 149.),\u00a0helyezik \u00f6r\u00f6k nyugalomra.<\/p>\n<p>A gy\u00e1szjelent\u00e9s <a href=\"https:\/\/semmelweis.hu\/hirek\/files\/2016\/09\/dr_banoczy_jolan_gyaszjelentes.pdf\" target=\"_blank\">erre a linkre<\/a> kattintva let\u00f6lthet\u0151.<\/p>\n<p><embed src=\"https:\/\/semmelweis.hu\/hirek\/files\/2016\/09\/dr_banoczy_jolan_gyaszjelentes.pdf\" width=\"670\" height=\"500\"><\/embed><\/p>\n","protected":false},"excerpt":{"rendered":"<p>Elhunyt\u00a0Dr. B\u00e1n\u00f3czy Jol\u00e1n professor emerita, a Fogorvostudom\u00e1nyi Kar egykori d\u00e9k\u00e1nja, az MTA doktora, az Or\u00e1lbiol\u00f3giai Tansz\u00e9k nyugalmazott egyetemi tan\u00e1ra, a Semmelweis Egyetem Bar\u00e1ti K\u00f6r\u00e9nek vezet\u0151s\u00e9gi tagja.\u00a0Dr. T\u00f3th Zsuzsanna, a Konzerv\u00e1l\u00f3 Fog\u00e1szati Klinika\u00a0igazgat\u00f3j\u00e1nak nekrol\u00f3gja. Gy\u00e1szol a fogorvos t\u00e1rsadalom, elt\u00e1vozott B\u00e1n\u00f3czy Jol\u00e1n professor emerita\u00a0(1929-2016) Elhagyott minket. Elk\u00e9pzelhetetlen. Maga volt az er\u0151, a biztos t\u00e1masz, az el\u0151rel\u00e1t\u00e1s. Lenni &hellip;<\/p>\n","protected":false},"author":101132,"featured_media":9733,"comment_status":"closed","ping_status":"closed","sticky":false,"template":"","format":"standard","meta":{"_acf_changed":false,"footnotes":""},"categories":[157],"tags":[345,4108],"class_list":["post-53820","post","type-post","status-publish","format-standard","has-post-thumbnail","hentry","category-semmelweis-vilag","tag-esemenyek-es-beszamolok","tag-gyaszhir"],"acf":[],"_links":{"self":[{"href":"https:\/\/semmelweis.hu\/hirek\/wp-json\/wp\/v2\/posts\/53820","targetHints":{"allow":["GET"]}}],"collection":[{"href":"https:\/\/semmelweis.hu\/hirek\/wp-json\/wp\/v2\/posts"}],"about":[{"href":"https:\/\/semmelweis.hu\/hirek\/wp-json\/wp\/v2\/types\/post"}],"author":[{"embeddable":true,"href":"https:\/\/semmelweis.hu\/hirek\/wp-json\/wp\/v2\/users\/101132"}],"replies":[{"embeddable":true,"href":"https:\/\/semmelweis.hu\/hirek\/wp-json\/wp\/v2\/comments?post=53820"}],"version-history":[{"count":11,"href":"https:\/\/semmelweis.hu\/hirek\/wp-json\/wp\/v2\/posts\/53820\/revisions"}],"predecessor-version":[{"id":151195,"href":"https:\/\/semmelweis.hu\/hirek\/wp-json\/wp\/v2\/posts\/53820\/revisions\/151195"}],"wp:featuredmedia":[{"embeddable":true,"href":"https:\/\/semmelweis.hu\/hirek\/wp-json\/wp\/v2\/media\/9733"}],"wp:attachment":[{"href":"https:\/\/semmelweis.hu\/hirek\/wp-json\/wp\/v2\/media?parent=53820"}],"wp:term":[{"taxonomy":"category","embeddable":true,"href":"https:\/\/semmelweis.hu\/hirek\/wp-json\/wp\/v2\/categories?post=53820"},{"taxonomy":"post_tag","embeddable":true,"href":"https:\/\/semmelweis.hu\/hirek\/wp-json\/wp\/v2\/tags?post=53820"}],"curies":[{"name":"wp","href":"https:\/\/api.w.org\/{rel}","templated":true}]}}