{"id":53717,"date":"2016-09-01T10:44:45","date_gmt":"2016-09-01T08:44:45","guid":{"rendered":"http:\/\/semmelweis.hu\/hirek\/?p=53717"},"modified":"2018-02-06T12:44:22","modified_gmt":"2018-02-06T11:44:22","slug":"uj-tisztsegviselok-a-semmelweis-egyetem-hallgatoi-onkormanyzatanak-elen","status":"publish","type":"post","link":"https:\/\/semmelweis.hu\/hirek\/2016\/09\/01\/uj-tisztsegviselok-a-semmelweis-egyetem-hallgatoi-onkormanyzatanak-elen\/","title":{"rendered":"\u00daj tiszts\u00e9gvisel\u0151k a Semmelweis Egyetem Hallgat\u00f3i \u00d6nkorm\u00e1nyzat\u00e1nak \u00e9l\u00e9n"},"content":{"rendered":"<p>Lez\u00e1rult a tiszt\u00faj\u00edt\u00e1s a Semmelweis Egyetem Hallgat\u00f3i \u00d6nkorm\u00e1nyzat\u00e1ban (H\u00d6K). Az \u00faj H\u00d6K eln\u00f6k Budai Marcell lett, aki kor\u00e1bban a H\u00d6K Ideiglenes K\u00fcld\u00f6ttgy\u0171l\u00e9s\u00e9nek eln\u00f6ke volt. A H\u00d6K eln\u00f6k\u00e9t a K\u00fcld\u00f6ttgy\u0171l\u00e9s v\u00e1lasztja k\u00e9t\u00e9ves id\u0151tartamra.<\/p>\n<p><a href=\"https:\/\/semmelweis.hu\/hirek\/files\/2015\/09\/hok.jpg\"><img loading=\"lazy\" decoding=\"async\" class=\"alignright wp-image-44806 size-medium\" src=\"https:\/\/semmelweis.hu\/hirek\/files\/2015\/09\/hok-300x212.jpg\" alt=\"hok\" width=\"300\" height=\"212\" srcset=\"https:\/\/semmelweis.hu\/hirek\/files\/2015\/09\/hok-300x212.jpg 300w, https:\/\/semmelweis.hu\/hirek\/files\/2015\/09\/hok-566x400.jpg 566w, https:\/\/semmelweis.hu\/hirek\/files\/2015\/09\/hok-424x300.jpg 424w, https:\/\/semmelweis.hu\/hirek\/files\/2015\/09\/hok-600x424.jpg 600w, https:\/\/semmelweis.hu\/hirek\/files\/2015\/09\/hok.jpg 1000w\" sizes=\"auto, (max-width: 300px) 100vw, 300px\" \/><\/a>A H\u00d6K a Semmelweis Egyetem valamennyi kar\u00e1n r\u00e9sz\u00f6nkorm\u00e1nyzatokat m\u0171k\u00f6dtet,\u00a0ezek tags\u00e1ga szint\u00e9n meg\u00fajult. H\u00d6K R\u00e9sz\u00f6nkorm\u00e1nyzati eln\u00f6k lett az aktu\u00e1lis ciklusban az \u00c1OK-on B\u00e1thori Gerg\u0151, az EKK-n Kov\u00e1cs R\u00e9ka S\u00e1ra, az ETK-n K\u00f3sa L\u00e1szl\u00f3, a FOK-on Ferenczi Szabolcs, a GYTK-n pedig Erd\u0151si Viktor.<\/p>\n<p>A tiszt\u00faj\u00edt\u00e1st az SE H\u00d6K Alapszab\u00e1lya \u00edrja el\u0151, melynek sor\u00e1n a H\u00d6K \u00e9s a r\u00e9sz\u00f6nkorm\u00e1nyzatok eln\u00f6kein k\u00edv\u00fcl a H\u00d6K K\u00fcld\u00f6ttgy\u0171l\u00e9s\u00e9nek tagjait, a Hallgat\u00f3i \u00d6nkorm\u00e1nyzat aleln\u00f6keit \u00e9s referenseit, a r\u00e9sz\u00f6nkorm\u00e1nyzatok aleln\u00f6keit \u00e9s v\u00e1lasztm\u00e1nyi tagjait v\u00e1lasztj\u00e1k meg.<\/p>\n<p>A v\u00e1laszt\u00e1sok r\u00e9szletes eredm\u00e9nyei <a href=\"https:\/\/semmelweis.hu\/hirek\/files\/2016\/09\/ehok_tisztujitas_2016.pdf\" target=\"_blank\">ide kattintva<\/a> \u00e9rhet\u0151ek el.<\/p>\n<p>Keresztes Eszter<br \/>\n Fot\u00f3: Kov\u00e1cs Attila &#8211; Semmelweis Egyetem<\/p>\n","protected":false},"excerpt":{"rendered":"<p>Lez\u00e1rult a tiszt\u00faj\u00edt\u00e1s a Semmelweis Egyetem Hallgat\u00f3i \u00d6nkorm\u00e1nyzat\u00e1ban (H\u00d6K). Az \u00faj H\u00d6K eln\u00f6k Budai Marcell lett, aki kor\u00e1bban a H\u00d6K Ideiglenes K\u00fcld\u00f6ttgy\u0171l\u00e9s\u00e9nek eln\u00f6ke volt. A H\u00d6K eln\u00f6k\u00e9t a K\u00fcld\u00f6ttgy\u0171l\u00e9s v\u00e1lasztja k\u00e9t\u00e9ves id\u0151tartamra. <a href=\"https:\/\/semmelweis.hu\/hirek\/files\/2015\/09\/hok.jpg\"><\/a> A H\u00d6K a Semmelweis Egyetem valamennyi kar\u00e1n r\u00e9sz\u00f6nkorm\u00e1nyzatokat m\u0171k\u00f6dtet,\u00a0ezek tags\u00e1ga szint\u00e9n meg\u00fajult. H\u00d6K R\u00e9sz\u00f6nkorm\u00e1nyzati eln\u00f6k lett az aktu\u00e1lis ciklusban az \u00c1OK-on B\u00e1thori Gerg\u0151, &hellip;<\/p>\n","protected":false},"author":101132,"featured_media":53731,"comment_status":"closed","ping_status":"closed","sticky":false,"template":"","format":"standard","meta":{"_acf_changed":false,"footnotes":""},"categories":[3533,168],"tags":[697],"class_list":["post-53717","post","type-post","status-publish","format-standard","has-post-thumbnail","hentry","category-hallgatok-oktatas","category-kiemelt","tag-hok"],"acf":[],"_links":{"self":[{"href":"https:\/\/semmelweis.hu\/hirek\/wp-json\/wp\/v2\/posts\/53717","targetHints":{"allow":["GET"]}}],"collection":[{"href":"https:\/\/semmelweis.hu\/hirek\/wp-json\/wp\/v2\/posts"}],"about":[{"href":"https:\/\/semmelweis.hu\/hirek\/wp-json\/wp\/v2\/types\/post"}],"author":[{"embeddable":true,"href":"https:\/\/semmelweis.hu\/hirek\/wp-json\/wp\/v2\/users\/101132"}],"replies":[{"embeddable":true,"href":"https:\/\/semmelweis.hu\/hirek\/wp-json\/wp\/v2\/comments?post=53717"}],"version-history":[{"count":7,"href":"https:\/\/semmelweis.hu\/hirek\/wp-json\/wp\/v2\/posts\/53717\/revisions"}],"predecessor-version":[{"id":53835,"href":"https:\/\/semmelweis.hu\/hirek\/wp-json\/wp\/v2\/posts\/53717\/revisions\/53835"}],"wp:featuredmedia":[{"embeddable":true,"href":"https:\/\/semmelweis.hu\/hirek\/wp-json\/wp\/v2\/media\/53731"}],"wp:attachment":[{"href":"https:\/\/semmelweis.hu\/hirek\/wp-json\/wp\/v2\/media?parent=53717"}],"wp:term":[{"taxonomy":"category","embeddable":true,"href":"https:\/\/semmelweis.hu\/hirek\/wp-json\/wp\/v2\/categories?post=53717"},{"taxonomy":"post_tag","embeddable":true,"href":"https:\/\/semmelweis.hu\/hirek\/wp-json\/wp\/v2\/tags?post=53717"}],"curies":[{"name":"wp","href":"https:\/\/api.w.org\/{rel}","templated":true}]}}