{"id":53711,"date":"2016-08-31T16:21:45","date_gmt":"2016-08-31T14:21:45","guid":{"rendered":"http:\/\/semmelweis.hu\/hirek\/?p=53711"},"modified":"2019-04-08T15:40:31","modified_gmt":"2019-04-08T13:40:31","slug":"atfogo-projekt-indul-a-hallgatoi-szolgaltatasok-fejlesztesere","status":"publish","type":"post","link":"https:\/\/semmelweis.hu\/hirek\/2016\/08\/31\/atfogo-projekt-indul-a-hallgatoi-szolgaltatasok-fejlesztesere\/","title":{"rendered":"\u00c1tfog\u00f3 projekt indul a hallgat\u00f3i szolg\u00e1ltat\u00e1sok fejleszt\u00e9s\u00e9re"},"content":{"rendered":"<p>K\u00f6zel 2500 hallgat\u00f3 t\u00f6lt\u00f6tte ki m\u00e1jusig a Neptunon kereszt\u00fcl azt a k\u00e9rd\u0151\u00edvet, mely a k\u00fcl\u00f6nb\u00f6z\u0151 egyetemi szolg\u00e1ltat\u00e1sokkal kapcsolatos el\u00e9gedetts\u00e9get m\u00e9rte fel. Az eredm\u00e9nyek ki\u00e9rt\u00e9kel\u00e9s\u00e9t k\u00f6vet\u0151en augusztus v\u00e9g\u00e9n dr. Sz\u00e1sz K\u00e1roly kancell\u00e1r \u00e1tfog\u00f3 projektet ind\u00edtott a hallgat\u00f3i szolg\u00e1ltat\u00e1sok b\u0151v\u00edt\u00e9se \u00e9s fejleszt\u00e9se \u00e9rdek\u00e9ben.<\/p>\n<p><a href=\"https:\/\/semmelweis.hu\/hirek\/files\/2016\/07\/RS20826_KA-20140717-IMG_6863-hallgato-scr-1.jpg\"><img loading=\"lazy\" decoding=\"async\" class=\"alignleft size-medium wp-image-53290\" src=\"https:\/\/semmelweis.hu\/hirek\/files\/2016\/07\/RS20826_KA-20140717-IMG_6863-hallgato-scr-1-300x200.jpg\" alt=\"RS20826_KA-20140717-IMG_6863-hallgato-scr (1)\" width=\"300\" height=\"200\" srcset=\"https:\/\/semmelweis.hu\/hirek\/files\/2016\/07\/RS20826_KA-20140717-IMG_6863-hallgato-scr-1-300x200.jpg 300w, https:\/\/semmelweis.hu\/hirek\/files\/2016\/07\/RS20826_KA-20140717-IMG_6863-hallgato-scr-1-768x512.jpg 768w, https:\/\/semmelweis.hu\/hirek\/files\/2016\/07\/RS20826_KA-20140717-IMG_6863-hallgato-scr-1-600x400.jpg 600w, https:\/\/semmelweis.hu\/hirek\/files\/2016\/07\/RS20826_KA-20140717-IMG_6863-hallgato-scr-1-450x300.jpg 450w, https:\/\/semmelweis.hu\/hirek\/files\/2016\/07\/RS20826_KA-20140717-IMG_6863-hallgato-scr-1.jpg 950w\" sizes=\"auto, (max-width: 300px) 100vw, 300px\" \/><\/a>A t\u00f6bbnyelv\u0171 k\u00e9rd\u0151\u00edvet t\u00f6bbs\u00e9g\u00e9ben magyar hallgat\u00f3k t\u00f6lt\u00f6tt\u00e9k ki, de csaknem 350 angolul, illetve n\u00e9met\u00fcl tanul\u00f3 di\u00e1k is v\u00e1laszolt. A Jogi \u00e9s Igazgat\u00e1si F\u0151igazgat\u00f3s\u00e1g, a Kommunik\u00e1ci\u00f3s \u00e9s Rendezv\u00e9nyszervez\u00e9si Igazgat\u00f3s\u00e1g, valamint a Hallgat\u00f3i \u00d6nkorm\u00e1nyzat \u00e9s az Alumni Igazgat\u00f3s\u00e1g \u00e1ltal \u00f6ssze\u00e1ll\u00edtott, n\u00e9gy f\u0151 t\u00e9mak\u00f6rt \u00e9rint\u0151 k\u00e9rd\u0151\u00edvben a hallgat\u00f3k elmondhatt\u00e1k v\u00e9lem\u00e9ny\u00fcket a tanulm\u00e1nyi \u00fcgyekkel, a hallgat\u00f3i tan\u00e1csad\u00e1ssal, a lakhat\u00e1si felt\u00e9telekkel, \u00e9letvitellel, valamint a hallgat\u00f3i rendezv\u00e9nyekkel \u00e9s egyetemi k\u00f6t\u0151d\u00e9s\u00fckkel kapcsolatban.<\/p>\n<p>A ki\u00e9rt\u00e9kel\u00e9s alapj\u00e1n elmondhat\u00f3, hogy a hallgat\u00f3k \u00f6sszess\u00e9g\u00e9ben el\u00e9gedettek az egyetem \u00e1ltal ny\u00fajtott szolg\u00e1ltat\u00e1sokkal, ugyanakkor j\u00f3l k\u00f6rvonalaz\u00f3dnak a fejlesztend\u0151 ter\u00fcletek is \u2013 fogalmazott dr. Kov\u00e1cs Zsolt, a projektet el\u0151k\u00e9sz\u00edt\u0151 Jogi \u00e9s Igazgat\u00e1si F\u0151igazgat\u00f3s\u00e1g vezet\u0151je. Mint hozz\u00e1tette: nagyon akt\u00edvak voltak a hallgat\u00f3k, koherens v\u00e1laszokat adtak \u00e9s a nyitott k\u00e9rd\u00e9sekn\u00e9l sz\u00e1mos javaslat fogalmaz\u00f3dott meg.<\/p>\n<p>A legt\u00f6bben az elektronikus el\u00e9rhet\u0151s\u00e9gek, elj\u00e1r\u00e1sok szerep\u00e9nek er\u0151s\u00edt\u00e9s\u00e9t fogalmazt\u00e1k meg legfontosabb ig\u00e9nyk\u00e9nt, mind a tanulm\u00e1nyi, mind a hallgat\u00f3i \u00fcgyek ter\u00e9n. \u00cdgy p\u00e9ld\u00e1ul visszat\u00e9r\u0151 elem volt a v\u00e1laszok k\u00f6z\u00f6tt az e-learning rendszer fejleszt\u00e9s\u00e9nek sz\u00fcks\u00e9gess\u00e9ge, a tananyagok online el\u00e9r\u00e9s\u00e9nek \u00e1tl\u00e1that\u00f3, egys\u00e9ges szerkezetben val\u00f3 biztos\u00edt\u00e1sa. Nagyon fontos ugyanakkor, hogy mindezt nem a hagyom\u00e1nyos, szem\u00e9lyes kapcsolattart\u00e1son alapul\u00f3 \u00fcgyint\u00e9z\u00e9s rov\u00e1s\u00e1ra fogalmazt\u00e1k meg a hallgat\u00f3k, hanem annak kieg\u00e9sz\u00edt\u00e9s\u00e9re \u2013 mondta a f\u0151igazgat\u00f3. A tanulm\u00e1nyi oszt\u00e1lyok munk\u00e1j\u00e1t \u00f6sszess\u00e9g\u00e9ben egy\u00e9bk\u00e9nt pozit\u00edvan \u00e9rt\u00e9kelt\u00e9k a hallgat\u00f3k \u2013 tette hozz\u00e1.<\/p>\n<p>A v\u00e1laszok ki\u00e9rt\u00e9kel\u00e9se ut\u00e1n dr. Sz\u00e1sz K\u00e1roly kancell\u00e1r kezdem\u00e9nyez\u00e9s\u00e9re \u00e1tfog\u00f3 projekt indult a \u201eHallgat\u00f3k r\u00e9sz\u00e9re ny\u00fajtott oktat\u00e1si \u00e9s az oktat\u00e1st seg\u00edt\u0151, kieg\u00e9sz\u00edt\u0151 egyetemi szolg\u00e1ltat\u00e1sok b\u0151v\u00edt\u00e9se, korszer\u0171s\u00edt\u00e9se (HASZNOS)\u201d c\u00edmen. Ennek keret\u00e9ben l\u00e9trej\u00f6tt n\u00e9gy operat\u00edv \u00e9s n\u00e9gy strat\u00e9giai munkacsoport.<\/p>\n<p><a href=\"https:\/\/semmelweis.hu\/hirek\/files\/2016\/08\/KA-20160830-IMG_7796_1.jpg\"><img loading=\"lazy\" decoding=\"async\" class=\"alignright size-medium wp-image-53714\" src=\"https:\/\/semmelweis.hu\/hirek\/files\/2016\/08\/KA-20160830-IMG_7796_1-300x200.jpg\" alt=\"KA-20160830-IMG_7796_1\" width=\"300\" height=\"200\" srcset=\"https:\/\/semmelweis.hu\/hirek\/files\/2016\/08\/KA-20160830-IMG_7796_1-300x200.jpg 300w, https:\/\/semmelweis.hu\/hirek\/files\/2016\/08\/KA-20160830-IMG_7796_1-600x400.jpg 600w, https:\/\/semmelweis.hu\/hirek\/files\/2016\/08\/KA-20160830-IMG_7796_1-450x300.jpg 450w, https:\/\/semmelweis.hu\/hirek\/files\/2016\/08\/KA-20160830-IMG_7796_1.jpg 750w\" sizes=\"auto, (max-width: 300px) 100vw, 300px\" \/><\/a>Az operat\u00edv munkacsoportok a terv szerint \u00e9v v\u00e9g\u00e9ig m\u0171k\u00f6dnek, \u00e9s a r\u00f6vid t\u00e1von megval\u00f3s\u00edtand\u00f3 feladatokkal foglalkoznak. Ezek k\u00f6z\u00e9 tartoznak p\u00e9ld\u00e1ul a koll\u00e9giumok eset\u00e9ben a kisebb, komfortot \u00e9s k\u00f6z\u00e9rzetet jav\u00edt\u00f3 v\u00e1ltoztat\u00e1sok (pl. wifi el\u00e9rhet\u0151s\u00e9g jav\u00edt\u00e1sa), az elektronikus nyomtatv\u00e1nyok fejleszt\u00e9se, a hallgat\u00f3i \u00fcgyek int\u00e9z\u00e9s\u00e9nek adminisztrat\u00edv k\u00f6nny\u00edt\u00e9se, a k\u00f6z\u00f6ss\u00e9gi rendezv\u00e9nyek b\u0151v\u00edt\u00e9se.<\/p>\n<p>A strat\u00e9giai munkacsoportok 2017. j\u00fanius 30-ig dolgozz\u00e1k ki azt a koncepci\u00f3t, amiben \u00a0a nagyobb k\u00f6lts\u00e9gvet\u00e9st ig\u00e9nyl\u0151, illetve hosszabb t\u00e1von megval\u00f3s\u00edthat\u00f3 fejleszt\u00e9sek szerepelnek, \u00e9s az abban megfogalmazott c\u00e9lok el\u00e9r\u00e9se fokozatosan, 2020-ig t\u00f6rt\u00e9nik meg. K\u00fcl\u00f6n munkacsoportok foglalkoznak az egys\u00e9ges, k\u00f6zponti hallgat\u00f3i tan\u00e1csad\u00f3 szolg\u00e1lat l\u00e9trehoz\u00e1s\u00e1val, a koll\u00e9giumokkal \u00e9s a sportol\u00e1si lehet\u0151s\u00e9gekkel kapcsolatos infrastruktur\u00e1lis fejleszt\u00e9sekkel, valamint egy egyetemi mobilapplik\u00e1ci\u00f3 l\u00e9trehoz\u00e1s\u00e1val. A strat\u00e9giai c\u00e9lok k\u00f6z\u00e9 tartozik ezek mellett az is, hogy a tanulm\u00e1nyi k\u00f6vetelm\u00e9nyrendszerrel kapcsolatos inform\u00e1ci\u00f3k formailag \u00e9s tartalmilag egys\u00e9ges, online strukt\u00far\u00e1ban jelenjenek meg.<\/p>\n<p>Dr. Kov\u00e1cs Zsolt hangs\u00falyozta: fontos c\u00e9l, hogy a projekt \u00e1tl\u00e1that\u00f3an m\u0171k\u00f6dj\u00f6n. Egy erre a c\u00e9lra kialak\u00edtand\u00f3 honlapfel\u00fcleten l\u00e1that\u00f3v\u00e1 k\u00edv\u00e1nj\u00e1k tenni a javaslatokat, d\u00f6nt\u00e9seket \u00e9s az eredm\u00e9nyeket minden egyetemi polg\u00e1r sz\u00e1m\u00e1ra.<\/p>\n<p>A projekt vezet\u0151i a rektor, a kancell\u00e1r, a Hallgat\u00f3i \u00d6nkorm\u00e1nyzat \u00e9s a Doktorandusz \u00d6nkorm\u00e1nyzat eln\u00f6ke. A projekt megval\u00f3s\u00edt\u00e1s\u00e1ban a rektori \u00e9s a kancell\u00e1ri ir\u00e1ny\u00edt\u00e1s\u00fa egys\u00e9gek k\u00f6z\u00f6sen vesznek r\u00e9szt.<\/p>\n<p> Dobozi P\u00e1lma<br \/>\n Fot\u00f3: Kov\u00e1cs Attila, Semmelweis Egyetem<\/p>\n","protected":false},"excerpt":{"rendered":"<p>K\u00f6zel 2500 hallgat\u00f3 t\u00f6lt\u00f6tte ki m\u00e1jusig a Neptunon kereszt\u00fcl azt a k\u00e9rd\u0151\u00edvet, mely a k\u00fcl\u00f6nb\u00f6z\u0151 egyetemi szolg\u00e1ltat\u00e1sokkal kapcsolatos el\u00e9gedetts\u00e9get m\u00e9rte fel. Az eredm\u00e9nyek ki\u00e9rt\u00e9kel\u00e9s\u00e9t k\u00f6vet\u0151en augusztus v\u00e9g\u00e9n dr. Sz\u00e1sz K\u00e1roly kancell\u00e1r \u00e1tfog\u00f3 projektet ind\u00edtott a hallgat\u00f3i szolg\u00e1ltat\u00e1sok b\u0151v\u00edt\u00e9se \u00e9s fejleszt\u00e9se \u00e9rdek\u00e9ben. <a href=\"https:\/\/semmelweis.hu\/hirek\/files\/2016\/07\/RS20826_KA-20140717-IMG_6863-hallgato-scr-1.jpg\"><\/a> A t\u00f6bbnyelv\u0171 k\u00e9rd\u0151\u00edvet t\u00f6bbs\u00e9g\u00e9ben magyar hallgat\u00f3k t\u00f6lt\u00f6tt\u00e9k ki, de csaknem 350 angolul, illetve n\u00e9met\u00fcl &hellip;<\/p>\n","protected":false},"author":13,"featured_media":53290,"comment_status":"closed","ping_status":"closed","sticky":false,"template":"","format":"standard","meta":{"_acf_changed":false,"footnotes":""},"categories":[3533,168],"tags":[4234,4140,3443,3869,3365],"class_list":["post-53711","post","type-post","status-publish","format-standard","has-post-thumbnail","hentry","category-hallgatok-oktatas","category-kiemelt","tag-aktualitasok","tag-fejlesztes","tag-hallgatoi-elet-alumni","tag-hasznos-projekt","tag-kancellar-hirei"],"acf":[],"_links":{"self":[{"href":"https:\/\/semmelweis.hu\/hirek\/wp-json\/wp\/v2\/posts\/53711","targetHints":{"allow":["GET"]}}],"collection":[{"href":"https:\/\/semmelweis.hu\/hirek\/wp-json\/wp\/v2\/posts"}],"about":[{"href":"https:\/\/semmelweis.hu\/hirek\/wp-json\/wp\/v2\/types\/post"}],"author":[{"embeddable":true,"href":"https:\/\/semmelweis.hu\/hirek\/wp-json\/wp\/v2\/users\/13"}],"replies":[{"embeddable":true,"href":"https:\/\/semmelweis.hu\/hirek\/wp-json\/wp\/v2\/comments?post=53711"}],"version-history":[{"count":3,"href":"https:\/\/semmelweis.hu\/hirek\/wp-json\/wp\/v2\/posts\/53711\/revisions"}],"predecessor-version":[{"id":53716,"href":"https:\/\/semmelweis.hu\/hirek\/wp-json\/wp\/v2\/posts\/53711\/revisions\/53716"}],"wp:featuredmedia":[{"embeddable":true,"href":"https:\/\/semmelweis.hu\/hirek\/wp-json\/wp\/v2\/media\/53290"}],"wp:attachment":[{"href":"https:\/\/semmelweis.hu\/hirek\/wp-json\/wp\/v2\/media?parent=53711"}],"wp:term":[{"taxonomy":"category","embeddable":true,"href":"https:\/\/semmelweis.hu\/hirek\/wp-json\/wp\/v2\/categories?post=53711"},{"taxonomy":"post_tag","embeddable":true,"href":"https:\/\/semmelweis.hu\/hirek\/wp-json\/wp\/v2\/tags?post=53711"}],"curies":[{"name":"wp","href":"https:\/\/api.w.org\/{rel}","templated":true}]}}