{"id":52352,"date":"2016-08-01T13:44:19","date_gmt":"2016-08-01T11:44:19","guid":{"rendered":"http:\/\/semmelweis.hu\/hirek\/?p=52352"},"modified":"2017-08-29T13:46:17","modified_gmt":"2017-08-29T11:46:17","slug":"az-osszetarto-ero-a-csapatban-van-hegedusne-ballai-judit-a-pulmonologiai-klinika-vezeto-fonovere","status":"publish","type":"post","link":"https:\/\/semmelweis.hu\/hirek\/2016\/08\/01\/az-osszetarto-ero-a-csapatban-van-hegedusne-ballai-judit-a-pulmonologiai-klinika-vezeto-fonovere\/","title":{"rendered":"\u201eAz \u00f6sszetart\u00f3 er\u0151 a csapatban van\u201d \u2013 Heged\u0171sn\u00e9 Ballai Judit, a Pulmonol\u00f3giai Klinika vezet\u0151 f\u0151n\u0151v\u00e9re"},"content":{"rendered":"<p>Heged\u0171sn\u00e9 Ballai Judit 2012 \u00f3ta dolgozik a Pulmonol\u00f3giai Klinik\u00e1n, m\u00falt november \u00f3ta l\u00e1tja el megb\u00edzottk\u00e9nt a klinikavezet\u0151 f\u0151n\u0151v\u00e9ri feladatokat: az int\u00e9zm\u00e9ny 82 szakdolgoz\u00f3j\u00e1nak munk\u00e1j\u00e1t ir\u00e1ny\u00edtja. B\u00e1r az intenz\u00edv oszt\u00e1ly \u00e9s a m\u0171t\u0151 p\u00f6rg\u00e9s\u00e9hez k\u00e9pest m\u00e1s t\u00edpus\u00fa kih\u00edv\u00e1sok el\u00e9 \u00e1ll\u00edtja ez a feladat, fontosnak tartja, hogy van \u00f6sszetart\u00f3 er\u0151 a klinika csapat\u00e1ban, ami a j\u00f3 m\u0171k\u00f6d\u00e9s alapja.<\/p>\n<p><a href=\"https:\/\/semmelweis.hu\/hirek\/files\/2016\/06\/RS49536_KA-20160614-KA__1157-scr.jpg\"><img loading=\"lazy\" decoding=\"async\" class=\"size-medium wp-image-52353 alignright\" src=\"https:\/\/semmelweis.hu\/hirek\/files\/2016\/06\/RS49536_KA-20160614-KA__1157-scr-300x200.jpg\" alt=\"RS49536_KA-20160614-KA__1157-scr\" width=\"300\" height=\"200\" srcset=\"https:\/\/semmelweis.hu\/hirek\/files\/2016\/06\/RS49536_KA-20160614-KA__1157-scr-300x200.jpg 300w, https:\/\/semmelweis.hu\/hirek\/files\/2016\/06\/RS49536_KA-20160614-KA__1157-scr-768x512.jpg 768w, https:\/\/semmelweis.hu\/hirek\/files\/2016\/06\/RS49536_KA-20160614-KA__1157-scr-600x400.jpg 600w, https:\/\/semmelweis.hu\/hirek\/files\/2016\/06\/RS49536_KA-20160614-KA__1157-scr-450x300.jpg 450w, https:\/\/semmelweis.hu\/hirek\/files\/2016\/06\/RS49536_KA-20160614-KA__1157-scr.jpg 950w\" sizes=\"auto, (max-width: 300px) 100vw, 300px\" \/><\/a>\u201eMindig j\u00f3l \u00e9reztem magam abban, amit csin\u00e1ltam, de amikor megtal\u00e1ltak a lehet\u0151s\u00e9gek a fejl\u0151d\u00e9sre, tov\u00e1bbtanul\u00e1sra, azokat megragadtam\u201d &#8211; mondja a klinikavezet\u0151 f\u0151n\u0151v\u00e9r, mikor eddigi p\u00e1lyafut\u00e1s\u00e1r\u00f3l mes\u00e9l. Eg\u00e9szs\u00e9g\u00fcgyi szakk\u00f6z\u00e9piskol\u00e1ban \u00e9retts\u00e9gizett, az \u00e1lma pedig az volt, hogy m\u0171t\u0151ben dolgozhasson. A Szegedi Tudom\u00e1nyegyetem klinikai k\u00f6zpontj\u00e1ban helyezkedett el az intenz\u00edv oszt\u00e1lyon, majd aneszteziol\u00f3giai asszisztensnek tanult. Ottani vezet\u0151je, dr. M\u00e9ray Judit hat\u00e1s\u00e1ra elv\u00e9gezte az eg\u00e9szs\u00e9g\u00fcgyi f\u0151iskola diplom\u00e1s \u00e1pol\u00f3 szak\u00e1t, k\u00e9s\u0151bb pedig &#8211; miut\u00e1n csal\u00e1di okokb\u00f3l Budapestre ker\u00fclt &#8211; a Budai M\u00c1V K\u00f3rh\u00e1zban dolgozott. 2008-ban ker\u00fclt a Semmelweis Egyetemre, el\u0151sz\u00f6r az Aneszteziol\u00f3giai \u00e9s Intenz\u00edv Ter\u00e1pi\u00e1s Klinik\u00e1ra, ahol epidemiol\u00f3giai szak\u00e1pol\u00f3v\u00e1 is k\u00e9pezte mag\u00e1t, majd n\u00e9gy \u00e9vvel k\u00e9s\u0151bb v\u00e1ltott, \u00e9s az\u00f3ta a Pulmonol\u00f3gia Klinik\u00e1n dolgozik. Dr. Lorx Andr\u00e1s h\u00edv\u00e1s\u00e1ra \u00e9rkezett ide, aki mellett altat\u00e1sokat v\u00e9gzett. K\u00e9s\u0151bb az intenz\u00edv oszt\u00e1ly f\u0151n\u0151v\u00e9re is lett, majd a klinikavezet\u0151 f\u0151n\u0151v\u00e9r helyettese, 2015 november\u00e9t\u0151l pedig megb\u00edzott klinikavezet\u0151 f\u0151n\u0151v\u00e9r.<\/p>\n<p><a href=\"https:\/\/semmelweis.hu\/hirek\/files\/2016\/06\/RS49527_KA-20160614-KA__1216-scr.jpg\"><img loading=\"lazy\" decoding=\"async\" class=\"aligncenter size-large wp-image-52354\" src=\"https:\/\/semmelweis.hu\/hirek\/files\/2016\/06\/RS49527_KA-20160614-KA__1216-scr-600x400.jpg\" alt=\"RS49527_KA-20160614-KA__1216-scr\" width=\"600\" height=\"400\" srcset=\"https:\/\/semmelweis.hu\/hirek\/files\/2016\/06\/RS49527_KA-20160614-KA__1216-scr-600x400.jpg 600w, https:\/\/semmelweis.hu\/hirek\/files\/2016\/06\/RS49527_KA-20160614-KA__1216-scr-300x200.jpg 300w, https:\/\/semmelweis.hu\/hirek\/files\/2016\/06\/RS49527_KA-20160614-KA__1216-scr-768x512.jpg 768w, https:\/\/semmelweis.hu\/hirek\/files\/2016\/06\/RS49527_KA-20160614-KA__1216-scr-450x300.jpg 450w, https:\/\/semmelweis.hu\/hirek\/files\/2016\/06\/RS49527_KA-20160614-KA__1216-scr.jpg 950w\" sizes=\"auto, (max-width: 600px) 100vw, 600px\" \/><\/a>Sokr\u00e9t\u0171 a feladat, hiszen munkajogi k\u00e9rd\u00e9sekben \u00e9pp\u00fagy otthon kell lenni, mint a szervez\u00e9sben, a logisztik\u00e1ban, az adminisztr\u00e1ci\u00f3ban, az empatikus hozz\u00e1\u00e1ll\u00e1sr\u00f3l nem is besz\u00e9lve \u2013 mondja jelenlegi feladatk\u00f6r\u00e9r\u0151l, hangs\u00falyozva, hogy a nap 24 \u00f3r\u00e1j\u00e1ban kereshetik munkat\u00e1rsai. Alapelve, hogy mindenkit meg kell hallgatni, id\u0151t kell sz\u00e1nni az esetleges probl\u00e9m\u00e1k, konfliktusok k\u00f6z\u00f6s megbesz\u00e9l\u00e9s\u00e9re \u00e9s megold\u00e1s\u00e1ra. Munk\u00e1j\u00e1ban, mint fogalmaz, azt szereti legink\u00e1bb, hogy \u00fagy \u00e9rzi, tud tenni valamit a hozz\u00e1 tartoz\u00f3 82 szakdolgoz\u00f3\u00e9rt. Fontos l\u00e9p\u00e9snek tartja p\u00e9ld\u00e1ul, hogy m\u00e1rciust\u00f3l keretszerz\u0151d\u00e9st k\u00f6t\u00f6tt a klinika egy c\u00e9ggel, \u00edgy ha t\u00f6bben kiesnek a munk\u00e1b\u00f3l betegs\u00e9g vagy szabads\u00e1g miatt, lehet\u0151s\u00e9g van k\u00fcls\u0151s \u00e1pol\u00f3n\u0151ket alkalmazni. Ezzel cs\u00f6kkenthet\u0151 a t\u00fal\u00f3r\u00e1k sz\u00e1ma, \u00e9s \u00edgy a szakdolgoz\u00f3k leterhelts\u00e9ge.<\/p>\n<p><a href=\"https:\/\/semmelweis.hu\/hirek\/files\/2016\/06\/RS49519_KA-20160614-KA__1273-scr.jpg\"><img loading=\"lazy\" decoding=\"async\" class=\"alignleft size-medium wp-image-52355\" src=\"https:\/\/semmelweis.hu\/hirek\/files\/2016\/06\/RS49519_KA-20160614-KA__1273-scr-200x300.jpg\" alt=\"RS49519_KA-20160614-KA__1273-scr\" width=\"200\" height=\"300\" srcset=\"https:\/\/semmelweis.hu\/hirek\/files\/2016\/06\/RS49519_KA-20160614-KA__1273-scr-200x300.jpg 200w, https:\/\/semmelweis.hu\/hirek\/files\/2016\/06\/RS49519_KA-20160614-KA__1273-scr-267x400.jpg 267w, https:\/\/semmelweis.hu\/hirek\/files\/2016\/06\/RS49519_KA-20160614-KA__1273-scr.jpg 500w\" sizes=\"auto, (max-width: 200px) 100vw, 200px\" \/><\/a>A klinik\u00e1n egy\u00e9bk\u00e9nt t\u00f6bb \u00e9v sz\u00fcnet ut\u00e1n tavaly ism\u00e9t rendeztek kar\u00e1csonyi \u00fcnneps\u00e9get, melyen az orvosok megk\u00f6sz\u00f6nt\u00e9k a szakdolgoz\u00f3k munk\u00e1j\u00e1t. Heged\u0171sn\u00e9 Ballai Judit szerint nagyon fontos \u00e9s motiv\u00e1l\u00f3 a pozit\u00edv visszajelz\u00e9s, amib\u0151l \u00e1ltal\u00e1noss\u00e1gban elmondhat\u00f3, hogy keveset kapnak a n\u0151v\u00e9rek. L\u00e9nyeges a munkak\u00f6r\u00fclm\u00e9nyek jav\u00edt\u00e1sa is, m\u00e9g ha csak apr\u00f3 l\u00e9p\u00e9senk\u00e9nt is van erre lehet\u0151s\u00e9g (pl. \u00f6lt\u00f6z\u0151 kifest\u00e9se, a szekr\u00e9nyek renov\u00e1l\u00e1sa). A klinikavezet\u0151 f\u0151n\u0151v\u00e9r kiemelte, mindehhez elengedhetetlen dr. Losonczy Gy\u00f6rgy igazgat\u00f3 t\u00e1mogat\u00e1sa, aki partner az ilyen szeml\u00e9let\u0171 fejleszt\u00e9sekben.<\/p>\n<p>A Pulmonol\u00f3giai Klinika szakdolgoz\u00f3i egy\u00e9bk\u00e9nt a t\u00fcd\u0151betegs\u00e9gek minden form\u00e1j\u00e1val tal\u00e1lkoznak, a teljes spektrumot lefedi az int\u00e9zm\u00e9ny. Sok a daganatos beteg, emellett a speci\u00e1lis ell\u00e1t\u00e1sok k\u00f6z\u00e9 tartozik a t\u00fcd\u0151transzplant\u00e1lt betegek el\u0151- \u00e9s ut\u00f3gondoz\u00e1sa, valamint a non-invaz\u00edv (maszkos, intub\u00e1l\u00e1s n\u00e9lk\u00fcli) l\u00e9gz\u00e9st\u00e1mogat\u00f3 oszt\u00e1ly. A f\u0151n\u0151v\u00e9r szerint a humor \u00e9s a kedvess\u00e9g n\u00e9lk\u00fcl\u00f6zhetetlen a sokszor lelkileg is nagyon megterhel\u0151 napi munk\u00e1hoz. Mint mondja, b\u00fcszke arra, hogy a klinik\u00e1n az eg\u00e9sz csapat egys\u00e9ges szellemis\u00e9get k\u00e9pvisel abban, hogy a beteggel val\u00f3 embers\u00e9ges b\u00e1n\u00e1sm\u00f3d mindenek el\u0151tt \u00e1ll.<\/p>\n<p>Ebb\u0151l a szempontb\u00f3l, mint fogalmaz, \u201ebele\u00fclt a k\u00e9szbe\u201d, mivel a csapat nagyon j\u00f3, van \u00f6sszetart\u00f3 er\u0151, neki csak koordin\u00e1lnia kell. Ez a j\u00f3 m\u0171k\u00f6d\u00e9s alapja \u2013 hangs\u00falyozza, hozz\u00e1t\u00e9ve, hogy \u00e9vtizedes bar\u00e1ts\u00e1gok vannak a h\u00e1zban, s\u0151t t\u00f6bb olyan h\u00e1zasp\u00e1r is, akik itt ismerkedtek meg.<\/p>\n<p>Dobozi P\u00e1lma<br \/>Fot\u00f3: Kov\u00e1cs Attila, Semmelweis Egyetem<\/p>\n","protected":false},"excerpt":{"rendered":"<p>Heged\u0171sn\u00e9 Ballai Judit 2012 \u00f3ta dolgozik a Pulmonol\u00f3giai Klinik\u00e1n, m\u00falt november \u00f3ta l\u00e1tja el megb\u00edzottk\u00e9nt a klinikavezet\u0151 f\u0151n\u0151v\u00e9ri feladatokat: az int\u00e9zm\u00e9ny 82 szakdolgoz\u00f3j\u00e1nak munk\u00e1j\u00e1t ir\u00e1ny\u00edtja. B\u00e1r az intenz\u00edv oszt\u00e1ly \u00e9s a m\u0171t\u0151 p\u00f6rg\u00e9s\u00e9hez k\u00e9pest m\u00e1s t\u00edpus\u00fa kih\u00edv\u00e1sok el\u00e9 \u00e1ll\u00edtja ez a feladat, fontosnak tartja, hogy van \u00f6sszetart\u00f3 er\u0151 a klinika csapat\u00e1ban, ami a j\u00f3 m\u0171k\u00f6d\u00e9s &hellip;<\/p>\n","protected":false},"author":13,"featured_media":52353,"comment_status":"closed","ping_status":"closed","sticky":false,"template":"","format":"standard","meta":{"_acf_changed":false,"footnotes":""},"categories":[154,168],"tags":[3811,156,3996],"class_list":["post-52352","post","type-post","status-publish","format-standard","has-post-thumbnail","hentry","category-egeszseg","category-kiemelt","tag-fonover-interjuk","tag-gyogyitas","tag-interju"],"acf":[],"_links":{"self":[{"href":"https:\/\/semmelweis.hu\/hirek\/wp-json\/wp\/v2\/posts\/52352","targetHints":{"allow":["GET"]}}],"collection":[{"href":"https:\/\/semmelweis.hu\/hirek\/wp-json\/wp\/v2\/posts"}],"about":[{"href":"https:\/\/semmelweis.hu\/hirek\/wp-json\/wp\/v2\/types\/post"}],"author":[{"embeddable":true,"href":"https:\/\/semmelweis.hu\/hirek\/wp-json\/wp\/v2\/users\/13"}],"replies":[{"embeddable":true,"href":"https:\/\/semmelweis.hu\/hirek\/wp-json\/wp\/v2\/comments?post=52352"}],"version-history":[{"count":3,"href":"https:\/\/semmelweis.hu\/hirek\/wp-json\/wp\/v2\/posts\/52352\/revisions"}],"predecessor-version":[{"id":53356,"href":"https:\/\/semmelweis.hu\/hirek\/wp-json\/wp\/v2\/posts\/52352\/revisions\/53356"}],"wp:featuredmedia":[{"embeddable":true,"href":"https:\/\/semmelweis.hu\/hirek\/wp-json\/wp\/v2\/media\/52353"}],"wp:attachment":[{"href":"https:\/\/semmelweis.hu\/hirek\/wp-json\/wp\/v2\/media?parent=52352"}],"wp:term":[{"taxonomy":"category","embeddable":true,"href":"https:\/\/semmelweis.hu\/hirek\/wp-json\/wp\/v2\/categories?post=52352"},{"taxonomy":"post_tag","embeddable":true,"href":"https:\/\/semmelweis.hu\/hirek\/wp-json\/wp\/v2\/tags?post=52352"}],"curies":[{"name":"wp","href":"https:\/\/api.w.org\/{rel}","templated":true}]}}