{"id":52100,"date":"2016-06-10T10:05:12","date_gmt":"2016-06-10T08:05:12","guid":{"rendered":"http:\/\/semmelweis.hu\/hirek\/?p=52100"},"modified":"2019-09-07T07:39:52","modified_gmt":"2019-09-07T05:39:52","slug":"riportfilm-az-elso-hazai-tudotranszplantaciot-elvegzo-csapatrol","status":"publish","type":"post","link":"https:\/\/semmelweis.hu\/hirek\/2016\/06\/10\/riportfilm-az-elso-hazai-tudotranszplantaciot-elvegzo-csapatrol\/","title":{"rendered":"Riportfilm az els\u0151 hazai t\u00fcd\u0151transzplant\u00e1ci\u00f3t elv\u00e9gz\u0151 csapatr\u00f3l"},"content":{"rendered":"<p>2015. december 12-\u00e9n hajtott\u00e1k v\u00e9gre az els\u0151 hazai t\u00fcd\u0151transzplant\u00e1ci\u00f3t egy 53 \u00e9ves betegen, az\u00a0Orsz\u00e1gos Onkol\u00f3giai Int\u00e9zet (OOI) b\u00e1zis\u00e1n m\u0171k\u00f6d\u0151 Semmelweis Egyetem Mellkasseb\u00e9szeti Klinik\u00e1n, a k\u00e9t int\u00e9zm\u00e9ny egy\u00fcttm\u0171k\u00f6d\u00e9s\u00e9vel.\u00a0A\u00a0hat\u00f3r\u00e1s m\u0171t\u00e9tben k\u00f6zvetlen\u00fcl r\u00e9sztvev\u0151k sz\u00e1ma meghaladta a h\u00faszat. Mellkasseb\u00e9szek, aneszteziol\u00f3gusok, koordin\u00e1torok, pulmonol\u00f3gus, a m\u0171t\u0151szem\u00e9lyzet szakdolgoz\u00f3 tagjai, akik mind id\u0151t \u00e9s energi\u00e1t nem k\u00edm\u00e9lve k\u00e9sz\u00fcltek a nagy pillanatra. Ezt a csapatot mutatjuk be riportfilm\u00fcnkben.<\/p>\n<p>A csapatot bemutat\u00f3 kor\u00e1bbi cikk <a href=\"https:\/\/semmelweis.hu\/hirek\/2016\/03\/18\/tortenelmet-irtunk-bemutatjuk-az-elso-hazai-tudotranszplantaciot-elvegzo-csapatot\/\" target=\"_blank\" rel=\"noopener noreferrer\">itt<\/a> olvashat\u00f3.<\/p>\n<p>&nbsp;<\/p>\n\n<!-- iframe plugin v.4.9 wordpress.org\/plugins\/iframe\/ -->\n<iframe loading=\"lazy\" src=\"https:\/\/www.youtube.com\/embed\/FEnPuTo1ge4?rel=0\" width=\"640\" height=\"360\" scrolling=\"yes\" class=\"iframe-class\" frameborder=\"0\"><\/iframe>\n\n","protected":false},"excerpt":{"rendered":"<p>2015. december 12-\u00e9n hajtott\u00e1k v\u00e9gre az els\u0151 hazai t\u00fcd\u0151transzplant\u00e1ci\u00f3t egy 53 \u00e9ves betegen, az\u00a0Orsz\u00e1gos Onkol\u00f3giai Int\u00e9zet (OOI) b\u00e1zis\u00e1n m\u0171k\u00f6d\u0151 Semmelweis Egyetem Mellkasseb\u00e9szeti Klinik\u00e1n, a k\u00e9t int\u00e9zm\u00e9ny egy\u00fcttm\u0171k\u00f6d\u00e9s\u00e9vel.\u00a0A\u00a0hat\u00f3r\u00e1s m\u0171t\u00e9tben k\u00f6zvetlen\u00fcl r\u00e9sztvev\u0151k sz\u00e1ma meghaladta a h\u00faszat. Mellkasseb\u00e9szek, aneszteziol\u00f3gusok, koordin\u00e1torok, pulmonol\u00f3gus, a m\u0171t\u0151szem\u00e9lyzet szakdolgoz\u00f3 tagjai, akik mind id\u0151t \u00e9s energi\u00e1t nem k\u00edm\u00e9lve k\u00e9sz\u00fcltek a nagy pillanatra. Ezt a &hellip;<\/p>\n","protected":false},"author":13,"featured_media":52103,"comment_status":"closed","ping_status":"closed","sticky":false,"template":"","format":"standard","meta":{"_acf_changed":false,"footnotes":""},"categories":[154,168],"tags":[156,2759,4246],"class_list":["post-52100","post","type-post","status-publish","format-standard","has-post-thumbnail","hentry","category-egeszseg","category-kiemelt","tag-gyogyitas","tag-tudotranszplantacio","tag-video"],"acf":[],"_links":{"self":[{"href":"https:\/\/semmelweis.hu\/hirek\/wp-json\/wp\/v2\/posts\/52100","targetHints":{"allow":["GET"]}}],"collection":[{"href":"https:\/\/semmelweis.hu\/hirek\/wp-json\/wp\/v2\/posts"}],"about":[{"href":"https:\/\/semmelweis.hu\/hirek\/wp-json\/wp\/v2\/types\/post"}],"author":[{"embeddable":true,"href":"https:\/\/semmelweis.hu\/hirek\/wp-json\/wp\/v2\/users\/13"}],"replies":[{"embeddable":true,"href":"https:\/\/semmelweis.hu\/hirek\/wp-json\/wp\/v2\/comments?post=52100"}],"version-history":[{"count":6,"href":"https:\/\/semmelweis.hu\/hirek\/wp-json\/wp\/v2\/posts\/52100\/revisions"}],"predecessor-version":[{"id":88749,"href":"https:\/\/semmelweis.hu\/hirek\/wp-json\/wp\/v2\/posts\/52100\/revisions\/88749"}],"wp:featuredmedia":[{"embeddable":true,"href":"https:\/\/semmelweis.hu\/hirek\/wp-json\/wp\/v2\/media\/52103"}],"wp:attachment":[{"href":"https:\/\/semmelweis.hu\/hirek\/wp-json\/wp\/v2\/media?parent=52100"}],"wp:term":[{"taxonomy":"category","embeddable":true,"href":"https:\/\/semmelweis.hu\/hirek\/wp-json\/wp\/v2\/categories?post=52100"},{"taxonomy":"post_tag","embeddable":true,"href":"https:\/\/semmelweis.hu\/hirek\/wp-json\/wp\/v2\/tags?post=52100"}],"curies":[{"name":"wp","href":"https:\/\/api.w.org\/{rel}","templated":true}]}}