{"id":51874,"date":"2016-05-30T09:55:54","date_gmt":"2016-05-30T07:55:54","guid":{"rendered":"http:\/\/semmelweis.hu\/hirek\/?p=51874"},"modified":"2018-09-07T10:21:22","modified_gmt":"2018-09-07T08:21:22","slug":"pro-universitate-dijat-kapott-wang-guoqiang-kinai-miniszterhelyettes","status":"publish","type":"post","link":"https:\/\/semmelweis.hu\/hirek\/2016\/05\/30\/pro-universitate-dijat-kapott-wang-guoqiang-kinai-miniszterhelyettes\/","title":{"rendered":"Pro Universitate d\u00edjat kapott Wang Guoqiang k\u00ednai miniszterhelyettes"},"content":{"rendered":"<p>Az Eg\u00e9szs\u00e9gtudom\u00e1nyi Kar (ETK) felterjeszt\u00e9se alapj\u00e1n Pro Universitate d\u00edjat vehetett \u00e1t Wang Guoqiang, a k\u00ednai Orsz\u00e1gos Eg\u00e9szs\u00e9g\u00fcgyi \u00e9s Csal\u00e1dtervez\u00e9si Bizotts\u00e1g miniszterhelyettese a Semmelweis Egyetemen tartott \u00fcnneps\u00e9gen.<\/p>\n<p><a href=\"https:\/\/semmelweis.hu\/hirek\/files\/2016\/05\/RS48708_TZ_20160527_0181-scr.jpg\"><img loading=\"lazy\" decoding=\"async\" class=\"alignright size-medium wp-image-51875\" src=\"https:\/\/semmelweis.hu\/hirek\/files\/2016\/05\/RS48708_TZ_20160527_0181-scr-300x200.jpg\" alt=\"RS48708_TZ_20160527_0181-scr\" width=\"300\" height=\"200\" srcset=\"https:\/\/semmelweis.hu\/hirek\/files\/2016\/05\/RS48708_TZ_20160527_0181-scr-300x200.jpg 300w, https:\/\/semmelweis.hu\/hirek\/files\/2016\/05\/RS48708_TZ_20160527_0181-scr-768x512.jpg 768w, https:\/\/semmelweis.hu\/hirek\/files\/2016\/05\/RS48708_TZ_20160527_0181-scr-600x400.jpg 600w, https:\/\/semmelweis.hu\/hirek\/files\/2016\/05\/RS48708_TZ_20160527_0181-scr-450x300.jpg 450w, https:\/\/semmelweis.hu\/hirek\/files\/2016\/05\/RS48708_TZ_20160527_0181-scr.jpg 950w\" sizes=\"auto, (max-width: 300px) 100vw, 300px\" \/><\/a>Dr. Bagdy Gy\u00f6rgy tudom\u00e1nyos rektorhelyettes k\u00f6sz\u00f6nt\u0151j\u00e9ben \u00fagy fogalmazott: nagy \u00f6r\u00f6m, hogy a miniszterhelyettes magyarorsz\u00e1gi \u00fatja keret\u00e9ben a Semmelweis Egyetemre is ell\u00e1togatott, mert ez j\u00f3l mutatja a k\u00ednai-magyar oktat\u00e1si kapcsolatok fontoss\u00e1g\u00e1t. Rem\u00e9ny\u00e9t fejezte ki, hogy az Eg\u00e9szs\u00e9gtudom\u00e1nyi Karon folytatott szakmai megbesz\u00e9l\u00e9sek j\u00f3 alapot adnak a k\u00ednai-magyar egy\u00fcttm\u0171k\u00f6d\u00e9sek tov\u00e1bbi er\u0151s\u00edt\u00e9s\u00e9re az oktat\u00e1s \u00e9s a kutat\u00e1s ter\u00e9n. B\u00fcszk\u00e9k vagyunk k\u00ednai kapcsolatainkra \u00e9s rem\u00e9lj\u00fck, hogy siker\u00fcl hossz\u00fa t\u00e1von fenntartani \u00e9s tov\u00e1bbi szakmai tartalommal megt\u00f6lteni ezeket \u2013 k\u00f6z\u00f6lte.<\/p>\n<p><a href=\"https:\/\/semmelweis.hu\/hirek\/files\/2016\/05\/RS48722_TZ_20160527_0270-scr.jpg\"><img loading=\"lazy\" decoding=\"async\" class=\"alignleft size-medium wp-image-51877\" src=\"https:\/\/semmelweis.hu\/hirek\/files\/2016\/05\/RS48722_TZ_20160527_0270-scr-300x200.jpg\" alt=\"RS48722_TZ_20160527_0270-scr\" width=\"300\" height=\"200\" srcset=\"https:\/\/semmelweis.hu\/hirek\/files\/2016\/05\/RS48722_TZ_20160527_0270-scr-300x200.jpg 300w, https:\/\/semmelweis.hu\/hirek\/files\/2016\/05\/RS48722_TZ_20160527_0270-scr-768x512.jpg 768w, https:\/\/semmelweis.hu\/hirek\/files\/2016\/05\/RS48722_TZ_20160527_0270-scr-600x400.jpg 600w, https:\/\/semmelweis.hu\/hirek\/files\/2016\/05\/RS48722_TZ_20160527_0270-scr-450x300.jpg 450w, https:\/\/semmelweis.hu\/hirek\/files\/2016\/05\/RS48722_TZ_20160527_0270-scr.jpg 950w\" sizes=\"auto, (max-width: 300px) 100vw, 300px\" \/><\/a>Hangs\u00falyozta: a Semmelweis Egyetem eddig is kiemelten kezelte a k\u00ednai kapcsolatokat, amelyek fontos r\u00e9sz\u00e9t k\u00e9pezik az int\u00e9zm\u00e9ny nemzetk\u00f6zi strat\u00e9gi\u00e1j\u00e1nak. Jelenleg 13 k\u00ednai hallgat\u00f3 tanul az egyetemen teljes idej\u0171 k\u00e9pz\u00e9sen \u2013 tette hozz\u00e1.<\/p>\n<p>Ezt k\u00f6vet\u0151en t\u00f6bb p\u00e9ld\u00e1t is eml\u00edtett k\u00ednai oktat\u00e1si int\u00e9zm\u00e9nyek \u00e9s a Semmelweis Egyetem egy\u00fcttm\u0171k\u00f6d\u00e9s\u00e9re. K\u00fcl\u00f6n kiemelte az Eg\u00e9szs\u00e9gtudom\u00e1nyi Kar legfontosabb k\u00ednai kapcsolat\u00e1t, a Heilongjiang K\u00ednai Orvosl\u00e1si Egyetemet. Ez az egy\u00fcttm\u0171k\u00f6d\u00e9s tette lehet\u0151v\u00e9 a hagyom\u00e1nyos k\u00ednai orvosl\u00e1s szak az ETK-n 2010-ben. Az \u00f6t\u00e9ves k\u00f6z\u00f6s program els\u0151 n\u00e9gy \u00e9ve sor\u00e1n a hallgat\u00f3k a Semmelweis Egyetemen tanulnak, majd a k\u00e9pz\u00e9s \u00f6t\u00f6dik \u00e9v\u00e9t K\u00edn\u00e1ban teljes\u00edtik \u00e9s v\u00e9g\u00fcl a Heilongjiang K\u00ednai Orvosl\u00e1si Egyetem Bsc. diplom\u00e1j\u00e1t kapj\u00e1k \u2013 eml\u00e9keztetett dr. Bagdy Gy\u00f6rgy.<\/p>\n<p><a href=\"https:\/\/semmelweis.hu\/hirek\/files\/2016\/05\/RS48717_TZ_20160527_0234-scr.jpg\"><img loading=\"lazy\" decoding=\"async\" class=\"alignright size-medium wp-image-51876\" src=\"https:\/\/semmelweis.hu\/hirek\/files\/2016\/05\/RS48717_TZ_20160527_0234-scr-300x200.jpg\" alt=\"RS48717_TZ_20160527_0234-scr\" width=\"300\" height=\"200\" srcset=\"https:\/\/semmelweis.hu\/hirek\/files\/2016\/05\/RS48717_TZ_20160527_0234-scr-300x200.jpg 300w, https:\/\/semmelweis.hu\/hirek\/files\/2016\/05\/RS48717_TZ_20160527_0234-scr-768x512.jpg 768w, https:\/\/semmelweis.hu\/hirek\/files\/2016\/05\/RS48717_TZ_20160527_0234-scr-600x400.jpg 600w, https:\/\/semmelweis.hu\/hirek\/files\/2016\/05\/RS48717_TZ_20160527_0234-scr-450x300.jpg 450w, https:\/\/semmelweis.hu\/hirek\/files\/2016\/05\/RS48717_TZ_20160527_0234-scr.jpg 950w\" sizes=\"auto, (max-width: 300px) 100vw, 300px\" \/><\/a>Az elismer\u00e9s \u00e1tad\u00e1sa el\u0151tt dr. Nagy Zolt\u00e1n Zsolt, az ETK d\u00e9k\u00e1nja m\u00e9ltatta a miniszterhelyettest, ismertetve p\u00e1ly\u00e1ja fontosabb \u00e1llom\u00e1sait. Szavai szerint Wang Guoqiang a hagyom\u00e1nyos k\u00ednai orvosl\u00e1s k\u00fclf\u00f6ldi \u00e9s magyarorsz\u00e1gi n\u00e9pszer\u0171s\u00edt\u00e9se, valamint a k\u00ednai anyas\u00e1gi,\u00a0 gyermekeg\u00e9szs\u00e9g\u00fcgyi \u00e9s csal\u00e1dtervez\u00e9si szakszolg\u00e1ltat\u00e1sok fejleszt\u00e9se \u00e9rdek\u00e9ben v\u00e9gzett munk\u00e1j\u00e1\u00e9rt \u00e9rdemes az egyetem legrangosabb elismer\u00e9s\u00e9re.<\/p>\n<p>Mint mondta, Wang Guoqiang &#8211; aki egyebek mellett a Hagyom\u00e1nyos K\u00ednai Gy\u00f3gy\u00e1szat \u00c1llami Hivatal vezet\u0151je &#8211; k\u00eds\u00e9ri figyelemmel a k\u00ednai \u00e9s K\u00f6z\u00e9p-Kelet eur\u00f3pai egy\u00fcttm\u0171k\u00f6d\u00e9sek keret\u00e9ben a r\u00e9gi\u00f3 orsz\u00e1gaiban megkezdett hagyom\u00e1nyos k\u00ednai orvosl\u00e1ssal kapcsolatos programok megval\u00f3sul\u00e1s\u00e1t. <a href=\"https:\/\/semmelweis.hu\/hirek\/2016\/06\/01\/kinai-miniszterhelyettesi-latogatas-az-egeszsegtudomanyi-karon\/\">Ez\u00e9rt is l\u00e1togatott el az Eg\u00e9szs\u00e9gtudom\u00e1nyi Karra<\/a> \u2013 jelezte a d\u00e9k\u00e1n.<\/p>\n<p><a href=\"https:\/\/semmelweis.hu\/hirek\/files\/2016\/05\/RS48727_TZ_20160527_0318-scr.jpg\"><img loading=\"lazy\" decoding=\"async\" class=\"alignleft size-medium wp-image-51878\" src=\"https:\/\/semmelweis.hu\/hirek\/files\/2016\/05\/RS48727_TZ_20160527_0318-scr-300x200.jpg\" alt=\"RS48727_TZ_20160527_0318-scr\" width=\"300\" height=\"200\" srcset=\"https:\/\/semmelweis.hu\/hirek\/files\/2016\/05\/RS48727_TZ_20160527_0318-scr-300x200.jpg 300w, https:\/\/semmelweis.hu\/hirek\/files\/2016\/05\/RS48727_TZ_20160527_0318-scr-768x512.jpg 768w, https:\/\/semmelweis.hu\/hirek\/files\/2016\/05\/RS48727_TZ_20160527_0318-scr-600x400.jpg 600w, https:\/\/semmelweis.hu\/hirek\/files\/2016\/05\/RS48727_TZ_20160527_0318-scr-450x300.jpg 450w, https:\/\/semmelweis.hu\/hirek\/files\/2016\/05\/RS48727_TZ_20160527_0318-scr.jpg 950w\" sizes=\"auto, (max-width: 300px) 100vw, 300px\" \/><\/a>Wang Guoqiang a Pro Universitate kit\u00fcntet\u00e9s \u00e1tv\u00e9tele ut\u00e1n arr\u00f3l besz\u00e9lt, hogy a Semmelweis Egyetem tiszteletre m\u00e9lt\u00f3, nagy m\u00falt\u00fa, nagy hagyom\u00e1nyokkal rendelkez\u0151 int\u00e9zm\u00e9ny, mely m\u00e9ly benyom\u00e1st tett r\u00e1. V\u00e9lem\u00e9nye szerint az egy\u00fcttm\u0171k\u00f6d\u00e9s a Semmelweis Egyetemmel j\u00f3 p\u00e9ld\u00e1t mutathat m\u00e1s eur\u00f3pai orsz\u00e1gok sz\u00e1m\u00e1ra is. Az elismer\u00e9st nagy megtiszteltet\u00e9snek tartja, amely szavai szerint nemcsak neki sz\u00f3l, hanem a magyar k\u00ednai kapcsolatoknak is.<\/p>\n<p>T\u00f3th-Szab\u00f3 Szilvia<br \/>\nFot\u00f3: Tuba Zolt\u00e1n<\/p>\n\r\n        [slb_exclude]\r\n        <div class=\"row galeria-wrapper mx-0 h-auto\">\r\n            <div class=\"col-9 pl-0 pr-2\">\r\n            <span class=\"gallery-item frame\">\r\n\t\t\t\t<div class=\"galeria-left-img\"><a href=\"https:\/\/semmelweis.hu\/hirek\/files\/2016\/05\/RS48706_TZ_20160527_0171-scr.jpg\"><img src=https:\/\/semmelweis.hu\/hirek\/files\/2016\/05\/RS48706_TZ_20160527_0171-scr.jpg  \r\n                            alt=\"\" \r\n                            class=\"attachment-sote-gallery-big size-sote-gallery-big\" \r\n                            srcset=\"https:\/\/semmelweis.hu\/hirek\/files\/2016\/05\/RS48706_TZ_20160527_0171-scr-300x200.jpg 300w, https:\/\/semmelweis.hu\/hirek\/files\/2016\/05\/RS48706_TZ_20160527_0171-scr-768x512.jpg 768w, https:\/\/semmelweis.hu\/hirek\/files\/2016\/05\/RS48706_TZ_20160527_0171-scr-600x400.jpg 600w, https:\/\/semmelweis.hu\/hirek\/files\/2016\/05\/RS48706_TZ_20160527_0171-scr-450x300.jpg 450w, https:\/\/semmelweis.hu\/hirek\/files\/2016\/05\/RS48706_TZ_20160527_0171-scr.jpg 950w\" ><\/a><\/div>\r\n            <\/span>\r\n\r\n            <\/div>\r\n\r\n\t\t\t<div class=\"col-3 pl-0 pr-0\">\r\n\t\t\t\t<div class=\"galeria-right-img d-flex justify-content-between flex-column h-100 w-100 px-0 mx-0 \">\r\n                <div class=\"galeria-box\">\r\n\t\t\t\t\t<h3 class=\"galeria-title\">Gal\u00e9ria<\/h3>\r\n\t\t\t\t\t<div class=\"galeria-subtitle\">\r\n\r\n\t\t\t\t\t\t<div class=\"galeria-page-counter\"><span>6<\/span>k\u00e9p<\/div>\r\n                    <\/div> <\/div>\r\n                    <span class=\"gallery-item frame d-none d-md-flex\">\r\n\t\t\t\t\t<div class=\"galeria-small-img mt-0\"><a href=\"https:\/\/semmelweis.hu\/hirek\/files\/2016\/05\/RS48721_TZ_20160527_0268-scr.jpg\"><img src=https:\/\/semmelweis.hu\/hirek\/files\/2016\/05\/RS48721_TZ_20160527_0268-scr.jpg \r\n                                alt=\"\"  \r\n                                class=\"attachment-sote-gallery-small size-sote-gallery-small\" \r\n                                srcset=\"https:\/\/semmelweis.hu\/hirek\/files\/2016\/05\/RS48721_TZ_20160527_0268-scr-300x200.jpg 300w, https:\/\/semmelweis.hu\/hirek\/files\/2016\/05\/RS48721_TZ_20160527_0268-scr-768x512.jpg 768w, https:\/\/semmelweis.hu\/hirek\/files\/2016\/05\/RS48721_TZ_20160527_0268-scr-600x400.jpg 600w, https:\/\/semmelweis.hu\/hirek\/files\/2016\/05\/RS48721_TZ_20160527_0268-scr-450x300.jpg 450w, https:\/\/semmelweis.hu\/hirek\/files\/2016\/05\/RS48721_TZ_20160527_0268-scr.jpg 950w\" ><\/a><\/div>\r\n                    <\/span>\r\n                    <span class=\"gallery-item frame d-none d-md-flex\">\r\n\t\t\t\t\t<div class=\"galeria-small-img mt-0\"><a href=\"https:\/\/semmelweis.hu\/hirek\/files\/2016\/05\/RS48724_TZ_20160527_0279-scr.jpg\"><img src=https:\/\/semmelweis.hu\/hirek\/files\/2016\/05\/RS48724_TZ_20160527_0279-scr.jpg \r\n                                alt=\"\" \r\n                                class=\"attachment-sote-gallery-small size-sote-gallery-small\" \r\n                                srcset=\"https:\/\/semmelweis.hu\/hirek\/files\/2016\/05\/RS48724_TZ_20160527_0279-scr-300x200.jpg 300w, https:\/\/semmelweis.hu\/hirek\/files\/2016\/05\/RS48724_TZ_20160527_0279-scr-768x512.jpg 768w, https:\/\/semmelweis.hu\/hirek\/files\/2016\/05\/RS48724_TZ_20160527_0279-scr-600x400.jpg 600w, https:\/\/semmelweis.hu\/hirek\/files\/2016\/05\/RS48724_TZ_20160527_0279-scr-450x300.jpg 450w, https:\/\/semmelweis.hu\/hirek\/files\/2016\/05\/RS48724_TZ_20160527_0279-scr.jpg 950w\" ><\/a><\/div>\r\n                    <\/span>\r\n\r\n                <\/div>\r\n\r\n            <\/div>\r\n\r\n            <span class=\"gallery-item\"><div class=\"hidden\"><a href=\"https:\/\/semmelweis.hu\/hirek\/files\/2016\/05\/RS48707_TZ_20160527_0175-scr.jpg\">\r\n        <img src=https:\/\/semmelweis.hu\/hirek\/files\/2016\/05\/RS48707_TZ_20160527_0175-scr.jpg alt=\"\" class=\"attachment-sote-gallery-big size-sote-gallery-big\" srcset=\"https:\/\/semmelweis.hu\/hirek\/files\/2016\/05\/RS48707_TZ_20160527_0175-scr-300x200.jpg 300w, https:\/\/semmelweis.hu\/hirek\/files\/2016\/05\/RS48707_TZ_20160527_0175-scr-768x512.jpg 768w, https:\/\/semmelweis.hu\/hirek\/files\/2016\/05\/RS48707_TZ_20160527_0175-scr-600x400.jpg 600w, https:\/\/semmelweis.hu\/hirek\/files\/2016\/05\/RS48707_TZ_20160527_0175-scr-450x300.jpg 450w, https:\/\/semmelweis.hu\/hirek\/files\/2016\/05\/RS48707_TZ_20160527_0175-scr.jpg 950w\" >\r\n        <\/a><\/div><\/span><span class=\"gallery-item\"><div class=\"hidden\"><a href=\"https:\/\/semmelweis.hu\/hirek\/files\/2016\/05\/RS48713_TZ_20160527_0209-scr.jpg\">\r\n        <img src=https:\/\/semmelweis.hu\/hirek\/files\/2016\/05\/RS48713_TZ_20160527_0209-scr.jpg alt=\"\" class=\"attachment-sote-gallery-big size-sote-gallery-big\" srcset=\"https:\/\/semmelweis.hu\/hirek\/files\/2016\/05\/RS48713_TZ_20160527_0209-scr-300x200.jpg 300w, https:\/\/semmelweis.hu\/hirek\/files\/2016\/05\/RS48713_TZ_20160527_0209-scr-768x512.jpg 768w, https:\/\/semmelweis.hu\/hirek\/files\/2016\/05\/RS48713_TZ_20160527_0209-scr-600x400.jpg 600w, https:\/\/semmelweis.hu\/hirek\/files\/2016\/05\/RS48713_TZ_20160527_0209-scr-450x300.jpg 450w, https:\/\/semmelweis.hu\/hirek\/files\/2016\/05\/RS48713_TZ_20160527_0209-scr.jpg 950w\" >\r\n        <\/a><\/div><\/span><span class=\"gallery-item\"><div class=\"hidden\"><a href=\"https:\/\/semmelweis.hu\/hirek\/files\/2016\/05\/RS48725_TZ_20160527_0303-scr.jpg\">\r\n        <img src=https:\/\/semmelweis.hu\/hirek\/files\/2016\/05\/RS48725_TZ_20160527_0303-scr.jpg alt=\"\" class=\"attachment-sote-gallery-big size-sote-gallery-big\" srcset=\"https:\/\/semmelweis.hu\/hirek\/files\/2016\/05\/RS48725_TZ_20160527_0303-scr-300x200.jpg 300w, https:\/\/semmelweis.hu\/hirek\/files\/2016\/05\/RS48725_TZ_20160527_0303-scr-768x512.jpg 768w, https:\/\/semmelweis.hu\/hirek\/files\/2016\/05\/RS48725_TZ_20160527_0303-scr-600x400.jpg 600w, https:\/\/semmelweis.hu\/hirek\/files\/2016\/05\/RS48725_TZ_20160527_0303-scr-450x300.jpg 450w, https:\/\/semmelweis.hu\/hirek\/files\/2016\/05\/RS48725_TZ_20160527_0303-scr.jpg 950w\" >\r\n        <\/a><\/div><\/span>\r\n            <\/div>\r\n\r\n            [\/slb_exclude]\r\n\t\n","protected":false},"excerpt":{"rendered":"<p>Az Eg\u00e9szs\u00e9gtudom\u00e1nyi Kar (ETK) felterjeszt\u00e9se alapj\u00e1n Pro Universitate d\u00edjat vehetett \u00e1t Wang Guoqiang, a k\u00ednai Orsz\u00e1gos Eg\u00e9szs\u00e9g\u00fcgyi \u00e9s Csal\u00e1dtervez\u00e9si Bizotts\u00e1g miniszterhelyettese a Semmelweis Egyetemen tartott \u00fcnneps\u00e9gen. <a href=\"https:\/\/semmelweis.hu\/hirek\/files\/2016\/05\/RS48708_TZ_20160527_0181-scr.jpg\"><\/a> Dr. Bagdy Gy\u00f6rgy tudom\u00e1nyos rektorhelyettes k\u00f6sz\u00f6nt\u0151j\u00e9ben \u00fagy fogalmazott: nagy \u00f6r\u00f6m, hogy a miniszterhelyettes magyarorsz\u00e1gi \u00fatja keret\u00e9ben a Semmelweis Egyetemre is ell\u00e1togatott, mert ez j\u00f3l mutatja a k\u00ednai-magyar oktat\u00e1si kapcsolatok &hellip;<\/p>\n","protected":false},"author":11,"featured_media":51878,"comment_status":"closed","ping_status":"closed","sticky":false,"template":"","format":"standard","meta":{"_acf_changed":false,"footnotes":""},"categories":[157,168],"tags":[2569,158],"class_list":["post-51874","post","type-post","status-publish","format-standard","has-post-thumbnail","hentry","category-semmelweis-vilag","category-kiemelt","tag-galeria","tag-dijak-kituntetesek"],"acf":[],"_links":{"self":[{"href":"https:\/\/semmelweis.hu\/hirek\/wp-json\/wp\/v2\/posts\/51874","targetHints":{"allow":["GET"]}}],"collection":[{"href":"https:\/\/semmelweis.hu\/hirek\/wp-json\/wp\/v2\/posts"}],"about":[{"href":"https:\/\/semmelweis.hu\/hirek\/wp-json\/wp\/v2\/types\/post"}],"author":[{"embeddable":true,"href":"https:\/\/semmelweis.hu\/hirek\/wp-json\/wp\/v2\/users\/11"}],"replies":[{"embeddable":true,"href":"https:\/\/semmelweis.hu\/hirek\/wp-json\/wp\/v2\/comments?post=51874"}],"version-history":[{"count":4,"href":"https:\/\/semmelweis.hu\/hirek\/wp-json\/wp\/v2\/posts\/51874\/revisions"}],"predecessor-version":[{"id":71567,"href":"https:\/\/semmelweis.hu\/hirek\/wp-json\/wp\/v2\/posts\/51874\/revisions\/71567"}],"wp:featuredmedia":[{"embeddable":true,"href":"https:\/\/semmelweis.hu\/hirek\/wp-json\/wp\/v2\/media\/51878"}],"wp:attachment":[{"href":"https:\/\/semmelweis.hu\/hirek\/wp-json\/wp\/v2\/media?parent=51874"}],"wp:term":[{"taxonomy":"category","embeddable":true,"href":"https:\/\/semmelweis.hu\/hirek\/wp-json\/wp\/v2\/categories?post=51874"},{"taxonomy":"post_tag","embeddable":true,"href":"https:\/\/semmelweis.hu\/hirek\/wp-json\/wp\/v2\/tags?post=51874"}],"curies":[{"name":"wp","href":"https:\/\/api.w.org\/{rel}","templated":true}]}}