{"id":5162,"date":"2011-03-01T16:14:08","date_gmt":"2011-03-01T15:14:08","guid":{"rendered":"http:\/\/semmelweis.hu\/?p=5162"},"modified":"2020-03-31T12:17:10","modified_gmt":"2020-03-31T10:17:10","slug":"elhunyt-prof-dr-kalmanchey-rozalia","status":"publish","type":"post","link":"https:\/\/semmelweis.hu\/hirek\/2011\/03\/01\/elhunyt-prof-dr-kalmanchey-rozalia\/","title":{"rendered":"Elhunyt prof. dr. K\u00e1lm\u00e1nchey Roz\u00e1lia"},"content":{"rendered":"<div>M\u00e9ly f\u00e1jdalommal tudatjuk, hogy kereszt\u00fclsuhant arcomon.\u201d<\/div>\n<div>2011. febru\u00e1r 20-\u00e1n, \u00e9let\u00e9nek 65. \u00e9v\u00e9ben elhunyt.<\/div>\n<div>F\u00f6ldi porait\u00f3l 2011. m\u00e1rcius 11-\u00e9n, p\u00e9nteken 12 \u00f3rakor vesz\u00fcnk b\u00facs\u00fat a Debreceni K\u00f6ztemet\u0151 ravataloz\u00f3j\u00e1ban.<\/div>\n<div>A temet\u00e9s ut\u00e1n minden rokont, bar\u00e1tot, koll\u00e9g\u00e1t \u00e9s ismer\u0151st szeretettel v\u00e1runk a debreceni R\u00e9gi Vigad\u00f3 \u00c9tteremben.<\/div>\n<div>a budapesti Bak\u00e1ts T\u00e9ri Templomban lesz 2011. m\u00e1rcius 18-\u00e1n este f\u00e9l 6-kor.<\/div>\n<div>Engesztel\u0151 szentmise halottunk lelki \u00fcdv\u00f6ss\u00e9g\u00e9\u00e9rt<\/div>\n<div>A gy\u00e1szol\u00f3 csal\u00e1d<\/div>\n<div>prof. dr. K\u00e1lm\u00e1nchey Roz\u00e1lia<\/div>\n<div style=\"text-align: center;\">M\u00e9ly f\u00e1jdalommal tudatjuk, hogy<\/div>\n<div style=\"text-align: center;\">prof. dr. K\u00e1lm\u00e1nchey Roz\u00e1lia<\/div>\n<div style=\"text-align: center;\">2011. febru\u00e1r 20-\u00e1n, \u00e9let\u00e9nek 65. \u00e9v\u00e9ben elhunyt.<\/div>\n<div style=\"text-align: center;\">F\u00f6ldi porait\u00f3l 2011. m\u00e1rcius 11-\u00e9n, p\u00e9nteken 12 \u00f3rakor vesz\u00fcnk b\u00facs\u00fat a Debreceni K\u00f6ztemet\u0151 ravataloz\u00f3j\u00e1ban.<\/div>\n<div style=\"text-align: center;\">A temet\u00e9s ut\u00e1n minden rokont, bar\u00e1tot, koll\u00e9g\u00e1t \u00e9s ismer\u0151st szeretettel v\u00e1runk a debreceni R\u00e9gi Vigad\u00f3 \u00c9tteremben.<\/div>\n<div style=\"text-align: center;\">a budapesti Bak\u00e1ts T\u00e9ri Templomban lesz 2011. m\u00e1rcius 18-\u00e1n este f\u00e9l 6-kor.<\/div>\n<div style=\"text-align: center;\">Engesztel\u0151 szentmise halottunk lelki \u00fcdv\u00f6ss\u00e9g\u00e9\u00e9rt<\/div>\n<div style=\"text-align: center;\">A gy\u00e1szol\u00f3 csal\u00e1d<\/div>\n","protected":false},"excerpt":{"rendered":"<p>M\u00e9ly f\u00e1jdalommal tudatjuk, hogy kereszt\u00fclsuhant arcomon.\u201d 2011. febru\u00e1r 20-\u00e1n, \u00e9let\u00e9nek 65. \u00e9v\u00e9ben elhunyt. F\u00f6ldi porait\u00f3l 2011. m\u00e1rcius 11-\u00e9n, p\u00e9nteken 12 \u00f3rakor vesz\u00fcnk b\u00facs\u00fat a Debreceni K\u00f6ztemet\u0151 ravataloz\u00f3j\u00e1ban. A temet\u00e9s ut\u00e1n minden rokont, bar\u00e1tot, koll\u00e9g\u00e1t \u00e9s ismer\u0151st szeretettel v\u00e1runk a debreceni R\u00e9gi Vigad\u00f3 \u00c9tteremben. a budapesti Bak\u00e1ts T\u00e9ri Templomban lesz 2011. m\u00e1rcius 18-\u00e1n este f\u00e9l 6-kor. &hellip;<\/p>\n","protected":false},"author":12,"featured_media":0,"comment_status":"closed","ping_status":"closed","sticky":false,"template":"","format":"standard","meta":{"_acf_changed":false,"footnotes":""},"categories":[13],"tags":[345,4108],"class_list":["post-5162","post","type-post","status-publish","format-standard","hentry","category-egyeb","tag-esemenyek-es-beszamolok","tag-gyaszhir"],"acf":[],"_links":{"self":[{"href":"https:\/\/semmelweis.hu\/hirek\/wp-json\/wp\/v2\/posts\/5162","targetHints":{"allow":["GET"]}}],"collection":[{"href":"https:\/\/semmelweis.hu\/hirek\/wp-json\/wp\/v2\/posts"}],"about":[{"href":"https:\/\/semmelweis.hu\/hirek\/wp-json\/wp\/v2\/types\/post"}],"author":[{"embeddable":true,"href":"https:\/\/semmelweis.hu\/hirek\/wp-json\/wp\/v2\/users\/12"}],"replies":[{"embeddable":true,"href":"https:\/\/semmelweis.hu\/hirek\/wp-json\/wp\/v2\/comments?post=5162"}],"version-history":[{"count":2,"href":"https:\/\/semmelweis.hu\/hirek\/wp-json\/wp\/v2\/posts\/5162\/revisions"}],"predecessor-version":[{"id":95582,"href":"https:\/\/semmelweis.hu\/hirek\/wp-json\/wp\/v2\/posts\/5162\/revisions\/95582"}],"wp:attachment":[{"href":"https:\/\/semmelweis.hu\/hirek\/wp-json\/wp\/v2\/media?parent=5162"}],"wp:term":[{"taxonomy":"category","embeddable":true,"href":"https:\/\/semmelweis.hu\/hirek\/wp-json\/wp\/v2\/categories?post=5162"},{"taxonomy":"post_tag","embeddable":true,"href":"https:\/\/semmelweis.hu\/hirek\/wp-json\/wp\/v2\/tags?post=5162"}],"curies":[{"name":"wp","href":"https:\/\/api.w.org\/{rel}","templated":true}]}}