{"id":50421,"date":"2016-03-11T12:30:30","date_gmt":"2016-03-11T11:30:30","guid":{"rendered":"http:\/\/semmelweis.hu\/hirek\/?p=50421"},"modified":"2017-08-29T15:11:40","modified_gmt":"2017-08-29T13:11:40","slug":"a-barati-kor-elismeresei","status":"publish","type":"post","link":"https:\/\/semmelweis.hu\/hirek\/2016\/03\/11\/a-barati-kor-elismeresei\/","title":{"rendered":"A Bar\u00e1ti K\u00f6r elismer\u00e9sei"},"content":{"rendered":"<p>A Semmelweis Egyetem t\u00f6bb mint f\u00e9lezer tagot sz\u00e1ml\u00e1l\u00f3 Bar\u00e1ti K\u00f6r\u00e9nek f\u0151 c\u00e9ljai k\u00f6z\u00f6tt szerepel, hogy eszmei \u00e9s anyagi eszk\u00f6z\u00f6kkel seg\u00edtse a tehets\u00e9ges egyetemi hallgat\u00f3k szellemi \u00e9s lelki nevel\u00e9s\u00e9t, fizikai edzetts\u00e9g\u00e9t, elitteljes\u00edtm\u00e9ny\u00e9t. Ez\u00e9rt a Bar\u00e1ti K\u00f6r 2016-ban is meghirdette ifj\u00fas\u00e1gi tagjai r\u00e9sz\u00e9re a \u201eDr. Bal\u00e1zs Dezs\u0151 \u00e9s Walter Julianna\u201d p\u00e1ly\u00e1zatot. Az elismer\u00e9seket\u00a0Dr. Monos Emil, a Bar\u00e1ti K\u00f6r eln\u00f6ke \u00e9s dr. N\u00e9medy Edit vezet\u0151s\u00e9gi tag adt\u00e1k \u00e1t.<\/p>\n<p>120 ezer\u00a0forintos\u00a0d\u00edjat nyert dr. Szab\u00f3 B\u00e1lint Gergely (Szent L\u00e1szl\u00f3 K\u00f3rh\u00e1z, I. sz\u00e1m\u00fa Infektol\u00f3giai Oszt\u00e1ly), melyb\u0151l r\u00e9szt vehet az Amszterdamban a\u00a026. ECCMID-en (26th European Congress of Clinical Microbiology and Infectious Diseases).<\/p>\n<p>A Bar\u00e1ti K\u00f6r vezet\u0151s\u00e9ge ebben az \u00e9vben is oda\u00edt\u00e9lt k\u00e9t tov\u00e1bbi rendk\u00edv\u00fcli ifj\u00fas\u00e1gi d\u00edjat. A Semmelweis Egyetem koll\u00e9giumainak igazgat\u00f3ja, dr. God\u00f3 Ferenc kezdem\u00e9nyez\u00e9s\u00e9re a Bar\u00e1ti K\u00f6r 120\u00a0ezer\u00a0forinttal\u00a0jutalmazta majd az idei Kor\u00e1nyi Frigyes Tudom\u00e1nyos F\u00f3rum kiv\u00e1l\u00f3 teljes\u00edtm\u00e9nyt ny\u00fajt\u00f3 hallgat\u00f3it.\u00a0<\/p>\n<p>A Semmelweis Egyetem Testnevel\u00e9si \u00e9s Sportk\u00f6zpontj\u00e1nak igazgat\u00f3ja, V\u00e1rszegi Korn\u00e9lia p\u00e1ly\u00e1zat\u00e1ra a Bar\u00e1ti K\u00f6r 250 ezer\u00a0forintot\u00a0biztos\u00edt az egyetemi hallgat\u00f3k testnevel\u00e9s\u00e9nek \u00e9s szabadid\u0151 sportj\u00e1nak fejleszt\u00e9s\u00e9re.<\/p>\n<p>Fot\u00f3: Kov\u00e1cs Attila &#8211; Semmelweis Egyetem<\/p>\n\r\n        [slb_exclude]\r\n        <div class=\"row galeria-wrapper mx-0 h-auto\">\r\n            <div class=\"col-9 pl-0 pr-2\">\r\n            <span class=\"gallery-item frame\">\r\n\t\t\t\t<div class=\"galeria-left-img\"><a href=\"https:\/\/semmelweis.hu\/hirek\/files\/2016\/03\/RS46689_KA-20160311-IMG_8330-scr.jpg\"><img src=https:\/\/semmelweis.hu\/hirek\/files\/2016\/03\/RS46689_KA-20160311-IMG_8330-scr.jpg  \r\n                            alt=\"\" \r\n                            class=\"attachment-sote-gallery-big size-sote-gallery-big\" \r\n                            srcset=\"https:\/\/semmelweis.hu\/hirek\/files\/2016\/03\/RS46689_KA-20160311-IMG_8330-scr-300x200.jpg 300w, https:\/\/semmelweis.hu\/hirek\/files\/2016\/03\/RS46689_KA-20160311-IMG_8330-scr-768x512.jpg 768w, https:\/\/semmelweis.hu\/hirek\/files\/2016\/03\/RS46689_KA-20160311-IMG_8330-scr-600x400.jpg 600w, https:\/\/semmelweis.hu\/hirek\/files\/2016\/03\/RS46689_KA-20160311-IMG_8330-scr-450x300.jpg 450w, https:\/\/semmelweis.hu\/hirek\/files\/2016\/03\/RS46689_KA-20160311-IMG_8330-scr.jpg 950w\" ><\/a><\/div>\r\n            <\/span>\r\n\r\n            <\/div>\r\n\r\n\t\t\t<div class=\"col-3 pl-0 pr-0\">\r\n\t\t\t\t<div class=\"galeria-right-img d-flex justify-content-between flex-column h-100 w-100 px-0 mx-0 \">\r\n                <div class=\"galeria-box\">\r\n\t\t\t\t\t<h3 class=\"galeria-title\">Gal\u00e9ria<\/h3>\r\n\t\t\t\t\t<div class=\"galeria-subtitle\">\r\n\r\n\t\t\t\t\t\t<div class=\"galeria-page-counter\"><span>3<\/span>k\u00e9p<\/div>\r\n                    <\/div> <\/div>\r\n                    <span class=\"gallery-item frame d-none d-md-flex\">\r\n\t\t\t\t\t<div class=\"galeria-small-img mt-0\"><a href=\"https:\/\/semmelweis.hu\/hirek\/files\/2016\/03\/RS46688_KA-20160311-IMG_8337-scr.jpg\"><img src=https:\/\/semmelweis.hu\/hirek\/files\/2016\/03\/RS46688_KA-20160311-IMG_8337-scr.jpg \r\n                                alt=\"\"  \r\n                                class=\"attachment-sote-gallery-small size-sote-gallery-small\" \r\n                                srcset=\"https:\/\/semmelweis.hu\/hirek\/files\/2016\/03\/RS46688_KA-20160311-IMG_8337-scr-300x200.jpg 300w, https:\/\/semmelweis.hu\/hirek\/files\/2016\/03\/RS46688_KA-20160311-IMG_8337-scr-768x512.jpg 768w, https:\/\/semmelweis.hu\/hirek\/files\/2016\/03\/RS46688_KA-20160311-IMG_8337-scr-600x400.jpg 600w, https:\/\/semmelweis.hu\/hirek\/files\/2016\/03\/RS46688_KA-20160311-IMG_8337-scr-450x300.jpg 450w, https:\/\/semmelweis.hu\/hirek\/files\/2016\/03\/RS46688_KA-20160311-IMG_8337-scr.jpg 950w\" ><\/a><\/div>\r\n                    <\/span>\r\n                    <span class=\"gallery-item frame d-none d-md-flex\">\r\n\t\t\t\t\t<div class=\"galeria-small-img mt-0\"><a href=\"https:\/\/semmelweis.hu\/hirek\/files\/2016\/03\/RS46687_KA-20160311-IMG_8341-scr.jpg\"><img src=https:\/\/semmelweis.hu\/hirek\/files\/2016\/03\/RS46687_KA-20160311-IMG_8341-scr.jpg \r\n                                alt=\"\" \r\n                                class=\"attachment-sote-gallery-small size-sote-gallery-small\" \r\n                                srcset=\"https:\/\/semmelweis.hu\/hirek\/files\/2016\/03\/RS46687_KA-20160311-IMG_8341-scr-300x200.jpg 300w, https:\/\/semmelweis.hu\/hirek\/files\/2016\/03\/RS46687_KA-20160311-IMG_8341-scr-768x512.jpg 768w, https:\/\/semmelweis.hu\/hirek\/files\/2016\/03\/RS46687_KA-20160311-IMG_8341-scr-600x400.jpg 600w, https:\/\/semmelweis.hu\/hirek\/files\/2016\/03\/RS46687_KA-20160311-IMG_8341-scr-450x300.jpg 450w, https:\/\/semmelweis.hu\/hirek\/files\/2016\/03\/RS46687_KA-20160311-IMG_8341-scr.jpg 950w\" ><\/a><\/div>\r\n                    <\/span>\r\n\r\n                <\/div>\r\n\r\n            <\/div>\r\n\r\n            \r\n            <\/div>\r\n\r\n            [\/slb_exclude]\r\n\t\n","protected":false},"excerpt":{"rendered":"<p>A Semmelweis Egyetem t\u00f6bb mint f\u00e9lezer tagot sz\u00e1ml\u00e1l\u00f3 Bar\u00e1ti K\u00f6r\u00e9nek f\u0151 c\u00e9ljai k\u00f6z\u00f6tt szerepel, hogy eszmei \u00e9s anyagi eszk\u00f6z\u00f6kkel seg\u00edtse a tehets\u00e9ges egyetemi hallgat\u00f3k szellemi \u00e9s lelki nevel\u00e9s\u00e9t, fizikai edzetts\u00e9g\u00e9t, elitteljes\u00edtm\u00e9ny\u00e9t. Ez\u00e9rt a Bar\u00e1ti K\u00f6r 2016-ban is meghirdette ifj\u00fas\u00e1gi tagjai r\u00e9sz\u00e9re a \u201eDr. Bal\u00e1zs Dezs\u0151 \u00e9s Walter Julianna\u201d p\u00e1ly\u00e1zatot. Az elismer\u00e9seket\u00a0Dr. Monos Emil, a Bar\u00e1ti &hellip;<\/p>\n","protected":false},"author":11,"featured_media":0,"comment_status":"closed","ping_status":"closed","sticky":false,"template":"","format":"standard","meta":{"_acf_changed":false,"footnotes":""},"categories":[157],"tags":[158],"class_list":["post-50421","post","type-post","status-publish","format-standard","hentry","category-semmelweis-vilag","tag-dijak-kituntetesek"],"acf":[],"_links":{"self":[{"href":"https:\/\/semmelweis.hu\/hirek\/wp-json\/wp\/v2\/posts\/50421","targetHints":{"allow":["GET"]}}],"collection":[{"href":"https:\/\/semmelweis.hu\/hirek\/wp-json\/wp\/v2\/posts"}],"about":[{"href":"https:\/\/semmelweis.hu\/hirek\/wp-json\/wp\/v2\/types\/post"}],"author":[{"embeddable":true,"href":"https:\/\/semmelweis.hu\/hirek\/wp-json\/wp\/v2\/users\/11"}],"replies":[{"embeddable":true,"href":"https:\/\/semmelweis.hu\/hirek\/wp-json\/wp\/v2\/comments?post=50421"}],"version-history":[{"count":3,"href":"https:\/\/semmelweis.hu\/hirek\/wp-json\/wp\/v2\/posts\/50421\/revisions"}],"predecessor-version":[{"id":50480,"href":"https:\/\/semmelweis.hu\/hirek\/wp-json\/wp\/v2\/posts\/50421\/revisions\/50480"}],"wp:attachment":[{"href":"https:\/\/semmelweis.hu\/hirek\/wp-json\/wp\/v2\/media?parent=50421"}],"wp:term":[{"taxonomy":"category","embeddable":true,"href":"https:\/\/semmelweis.hu\/hirek\/wp-json\/wp\/v2\/categories?post=50421"},{"taxonomy":"post_tag","embeddable":true,"href":"https:\/\/semmelweis.hu\/hirek\/wp-json\/wp\/v2\/tags?post=50421"}],"curies":[{"name":"wp","href":"https:\/\/api.w.org\/{rel}","templated":true}]}}