{"id":50318,"date":"2016-03-24T09:19:48","date_gmt":"2016-03-24T08:19:48","guid":{"rendered":"http:\/\/semmelweis.hu\/hirek\/?p=50318"},"modified":"2018-07-25T14:07:29","modified_gmt":"2018-07-25T12:07:29","slug":"dr-merkely-bela-varjuk-a-jelentkezoket-a-2017-es-vizes-vilagbajnoksag-egeszsegugyi-csapataba","status":"publish","type":"post","link":"https:\/\/semmelweis.hu\/hirek\/2016\/03\/24\/dr-merkely-bela-varjuk-a-jelentkezoket-a-2017-es-vizes-vilagbajnoksag-egeszsegugyi-csapataba\/","title":{"rendered":"Dr. Merkely B\u00e9la: v\u00e1rjuk a jelentkez\u0151ket a 2017-es vizes vil\u00e1gbajnoks\u00e1g eg\u00e9szs\u00e9g\u00fcgyi csapat\u00e1ba!"},"content":{"rendered":"<p>Az \u00e9v v\u00e9g\u00e9ig fel kell \u00e1llnia <a href=\"https:\/\/semmelweis.hu\/fina2017\/\" target=\"_blank\">a 2017-es vizes vil\u00e1gbajnoks\u00e1g orvosi, eg\u00e9szs\u00e9g\u00fcgyi h\u00e1tter\u00e9t biztos\u00edt\u00f3, mintegy 600 f\u0151s csapatnak<\/a> \u2013 mondta dr. Merkely B\u00e9la, a st\u00e1b vezet\u0151je, a Semmelweis Egyetem klinikai rektorhelyettese. A V\u00e1rosmajori Sz\u00edv- \u00e9s \u00c9rgy\u00f3gy\u00e1szati Klinika igazgat\u00f3ja a 2015-\u00f6s kazanyi \u00fasz\u00f3-vil\u00e1gbajnoks\u00e1gon szerzett tapasztalatok alapj\u00e1n arra sz\u00e1m\u00edt, hogy t\u00f6bb ezer esetet kell majd ell\u00e1tniuk. Az egyszer\u0171 gyomor-b\u00e9lrendszeri panaszt\u00f3l az eszm\u00e9letveszt\u00e9sen \u00e1t a hirtelen sz\u00edvhal\u00e1lig mindenre fel kell k\u00e9sz\u00fclni. K\u00fcl\u00f6n kih\u00edv\u00e1st jelent majd a vb-hez kapcsol\u00f3d\u00f3 Masters Vil\u00e1gbajnoks\u00e1g, melyen szenior versenyz\u0151k m\u00e9rik \u00f6ssze a tud\u00e1sukat, akik k\u00f6z\u00f6tt ak\u00e1r sz\u00e1z\u00e9ves r\u00e9sztvev\u0151k is lesznek.<\/p>\n<p><a href=\"https:\/\/semmelweis.hu\/hirek\/files\/2016\/03\/3_RS46234_KA-20160229-IMG_6477-scr.jpg\" rel=\"attachment wp-att-50322\"><img loading=\"lazy\" decoding=\"async\" class=\"alignleft size-medium wp-image-50322\" src=\"https:\/\/semmelweis.hu\/hirek\/files\/2016\/03\/3_RS46234_KA-20160229-IMG_6477-scr-200x300.jpg\" alt=\"3_RS46234_KA-20160229-IMG_6477-scr\" width=\"200\" height=\"300\" srcset=\"https:\/\/semmelweis.hu\/hirek\/files\/2016\/03\/3_RS46234_KA-20160229-IMG_6477-scr-200x300.jpg 200w, https:\/\/semmelweis.hu\/hirek\/files\/2016\/03\/3_RS46234_KA-20160229-IMG_6477-scr-267x400.jpg 267w, https:\/\/semmelweis.hu\/hirek\/files\/2016\/03\/3_RS46234_KA-20160229-IMG_6477-scr.jpg 500w\" sizes=\"auto, (max-width: 200px) 100vw, 200px\" \/><\/a>Az orvos-eg\u00e9szs\u00e9g\u00fcgyi csapat egyr\u00e9szt a sportol\u00f3k lak\u00f3hely\u00e9n, vagyis a sz\u00e1llod\u00e1kban lesz jelen, valamint a sportl\u00e9tes\u00edtm\u00e9nyekben \u00e9s az egy\u00e9b versenyhelysz\u00edneken \u2013 a toronyugr\u00e1s (high diving) a Dun\u00e1n lesz, m\u00edg a hossz\u00fat\u00e1v-\u00fasz\u00e1s Balatonf\u00fcreden. Mindezen fel\u00fcl biztos\u00edtani kell a s\u00fcrg\u0151ss\u00e9gi \u00e9s egy\u00e9b k\u00f3rh\u00e1zi ell\u00e1t\u00e1st is, melyben r\u00e9szt vesz az egyetem Uzsoki utcai K\u00f3rh\u00e1zban m\u0171k\u00f6d\u0151 Traumatol\u00f3giai Tansz\u00e9ke, valamint a Semmelweis Egyetem komplett klinikai infrastrukt\u00far\u00e1ja \u2013 itt lesznek a n\u00e9z\u0151k sz\u00e1m\u00e1ra aj\u00e1nlott ell\u00e1t\u00f3helyek is. A K\u00fcls\u0151 Klinikai T\u00f6mbben l\u00e9v\u0151, Kor\u00e1nyi projekt keret\u00e9ben fel\u00e9p\u00fclt K\u00f6zponti Betegell\u00e1t\u00f3 \u00c9p\u00fclet vil\u00e1gbajnoki klinikak\u00e9nt m\u0171k\u00f6dik majd, de r\u00e9szt vesz m\u00e9g az ell\u00e1t\u00e1sban term\u00e9szetesen a V\u00e1rosmajori Sz\u00edv- \u00e9s \u00c9rgy\u00f3gy\u00e1szati Klinika, valamint a Fogp\u00f3tl\u00e1stani Klinika \u00e9s a Szem\u00e9szeti Klinika. Vil\u00e1gos betegutak lesznek annak \u00e9rdek\u00e9ben, hogy az \u00e1ltal\u00e1nos ell\u00e1t\u00e1si feladatok a verseny ideje alatt is zavartalanul folyhassanak \u2013 emelte ki.<\/p>\n<p>\u201eMagyarorsz\u00e1gon ekkora sportesem\u00e9ny m\u00e9g nem volt, \u00e9s a vizes vb \u00f6sszess\u00e9g\u00e9ben is a vil\u00e1g harmadik legnagyobb sportrendezv\u00e9nye, \u00edgy hatalmas a megtiszteltet\u00e9s, de a feladat is, melyhez t\u00f6bb partnerrel egy\u00fctt kell m\u0171k\u00f6dni\u201d \u2013 hangs\u00falyozta dr. Merkely B\u00e9la. A Traumatol\u00f3giai Tansz\u00e9ken \u00e9s az Uzsoki utcai K\u00f3rh\u00e1zon k\u00edv\u00fcl a f\u0151 egy\u00fcttm\u0171k\u00f6d\u0151 partner az Orsz\u00e1gos Ment\u0151szolg\u00e1lat, az \u00e9l\u0151vizes esem\u00e9nyeken a v\u00edziment\u0151k, valamint a Magyar Antidopping Csoport.<\/p>\n<p>A 200 szakorvoson \u00e9s 200 szak\u00e1pol\u00f3n fel\u00fcl 200 orvostanhallgat\u00f3, vagy kezd\u0151 orvos \u00f6nk\u00e9ntest is keresnek, mind a f\u0151 esem\u00e9nyre, mind az ahhoz kapcsol\u00f3d\u00f3 Masters Vil\u00e1gbajnoks\u00e1gra. \u201e\u00c9letre sz\u00f3l\u00f3 \u00e9lm\u00e9ny r\u00e9szt venni egy ekkora nemzetk\u00f6zi sportesem\u00e9ny eg\u00e9szs\u00e9g\u00fcgyi st\u00e1bj\u00e1ban, k\u00f6zvetlen k\u00f6zelr\u0151l l\u00e1tni az esem\u00e9nyeket \u00e9s vil\u00e1gnagys\u00e1gok eg\u00e9szs\u00e9g\u00fcgyi ell\u00e1t\u00e1s\u00e1t t\u00e1mogatni, \u00edgy buzd\u00edtok minden sport ir\u00e1nt \u00e9rdekl\u0151d\u0151t a jelentkez\u00e9sre\u201d \u2013 hangs\u00falyozta dr. Merkely B\u00e9la.<\/p>\n<p><a href=\"https:\/\/semmelweis.hu\/hirek\/files\/2016\/03\/4_RS46251_KA-20160229-IMG_6345-scr.jpg\" rel=\"attachment wp-att-50320\"><img loading=\"lazy\" decoding=\"async\" class=\"alignright size-medium wp-image-50320\" src=\"https:\/\/semmelweis.hu\/hirek\/files\/2016\/03\/4_RS46251_KA-20160229-IMG_6345-scr-300x200.jpg\" alt=\"4_RS46251_KA-20160229-IMG_6345-scr\" width=\"300\" height=\"200\" srcset=\"https:\/\/semmelweis.hu\/hirek\/files\/2016\/03\/4_RS46251_KA-20160229-IMG_6345-scr-300x200.jpg 300w, https:\/\/semmelweis.hu\/hirek\/files\/2016\/03\/4_RS46251_KA-20160229-IMG_6345-scr-768x512.jpg 768w, https:\/\/semmelweis.hu\/hirek\/files\/2016\/03\/4_RS46251_KA-20160229-IMG_6345-scr-600x400.jpg 600w, https:\/\/semmelweis.hu\/hirek\/files\/2016\/03\/4_RS46251_KA-20160229-IMG_6345-scr-450x300.jpg 450w, https:\/\/semmelweis.hu\/hirek\/files\/2016\/03\/4_RS46251_KA-20160229-IMG_6345-scr.jpg 950w\" sizes=\"auto, (max-width: 300px) 100vw, 300px\" \/><\/a>Az \u00f6nk\u00e9ntesekt\u0151l nem v\u00e1rj\u00e1k el, hogy \u00f6n\u00e1ll\u00f3 d\u00f6nt\u00e9seket hozzanak, de meg kell tudniuk kezdeni adott esetben egy \u00fajra\u00e9leszt\u00e9st, valamint fel kell ismerni, hogy baj eset\u00e9n milyen betegell\u00e1t\u00e1si l\u00e1ncot kell elind\u00edtani. Minderre felk\u00e9sz\u00edti a Semmelweis Egyetem orvostanhallgat\u00f3it a V\u00e1rosmajori Sz\u00edv- \u00e9s \u00c9rgy\u00f3gy\u00e1szati Klinika k\u00e9t kurzusa (EKG a klinikumban, Sportkardiol\u00f3gia). A t\u00f6bbi egyetemr\u0151l \u00e9rkez\u0151 orvostanhallgat\u00f3 a verseny el\u0151tti hetekben vehet majd r\u00e9szt egy n\u00e9h\u00e1ny napos felk\u00e9sz\u00edt\u00e9sen. Az \u00f6nk\u00e9ntesek is megkapj\u00e1k a FINA egyen-sportruh\u00e1zat\u00e1t, \u00e9s bizonyos versenysz\u00e1mokra bel\u00e9p\u0151jegyhez is juthatnak. \u00d6nk\u00e9ntesnek a mostani negyed, \u00f6t\u00f6d, hatod\u00e9veseket, rezidenseket, PhD-hallgat\u00f3kat v\u00e1rj\u00e1k.<\/p>\n<p>A V\u00e1rosmajori Sz\u00edv- \u00e9s \u00c9rgy\u00f3gy\u00e1szati Klinika nyolc \u00e9ve foglalkozik sportkardiol\u00f3gi\u00e1val. A sportol\u00f3k kardiovaszkul\u00e1ris terhelhet\u0151s\u00e9g\u00e9re a 2008-as pekingi olimpia el\u0151tt Kolonics Gy\u00f6rgy\u00a0hal\u00e1la ir\u00e1ny\u00edtotta r\u00e1 a figyelmet, ezt k\u00f6vet\u0151en fogalmaz\u00f3dott meg, hogy szisztematikus kardi\u00e1lis vizsg\u00e1latra van sz\u00fcks\u00e9g az \u00e9lsportol\u00f3k eset\u00e9ben. A hal\u00e1lesetet k\u00f6vet\u0151en a klinika seg\u00edts\u00e9g\u00e9vel minden kiutaz\u00f3 sportol\u00f3t megvizsg\u00e1ltak, m\u00e1ra pedig \u00e1ltal\u00e1noss\u00e1 v\u00e1lt a sportol\u00f3k kardi\u00e1lis sz\u0171r\u00e9se, melynek r\u00e9sze m\u00e1r minden esetben a sz\u00edvultrahang-vizsg\u00e1lat, valamint egyes rizik\u00f3faktorok megl\u00e9te eset\u00e9n a sz\u00edv CT \u00e9s MR vizsg\u00e1latok.<\/p>\n<p>A V\u00e1rosmajori Klinik\u00e1n kialakult mindezzel kapcsolatban egy olyan \u201eknow how\u201d, mely t\u00fckr\u00f6z\u0151dik a sportkardiol\u00f3giai publik\u00e1ci\u00f3k magas sz\u00e1m\u00e1ban is. A mostani felk\u00e9r\u00e9s az elm\u00falt \u00e9vek magas sz\u00ednvonal\u00fa munk\u00e1j\u00e1nak elismer\u00e9se \u2013 mondja dr. Merkely B\u00e9la.<\/p>\n<p>Az eg\u00e9szs\u00e9g\u00fcgyi csapatba\u00a0<a href=\"https:\/\/semmelweis.hu\/fina2017\/\" target=\"_blank\">erre a linkre<\/a> kattintva lehet jelentkezni.\u00a0<\/p>\n<p> Dobozi P\u00e1lma<br \/>\n Fot\u00f3: Kov\u00e1cs Attila, Semmelweis Egyetem<\/p>\n","protected":false},"excerpt":{"rendered":"<p>Az \u00e9v v\u00e9g\u00e9ig fel kell \u00e1llnia <a href=\"https:\/\/semmelweis.hu\/fina2017\/\" target=\"_blank\">a 2017-es vizes vil\u00e1gbajnoks\u00e1g orvosi, eg\u00e9szs\u00e9g\u00fcgyi h\u00e1tter\u00e9t biztos\u00edt\u00f3, mintegy 600 f\u0151s csapatnak<\/a> \u2013 mondta dr. Merkely B\u00e9la, a st\u00e1b vezet\u0151je, a Semmelweis Egyetem klinikai rektorhelyettese. A V\u00e1rosmajori Sz\u00edv- \u00e9s \u00c9rgy\u00f3gy\u00e1szati Klinika igazgat\u00f3ja a 2015-\u00f6s kazanyi \u00fasz\u00f3-vil\u00e1gbajnoks\u00e1gon szerzett tapasztalatok alapj\u00e1n arra sz\u00e1m\u00edt, hogy t\u00f6bb ezer esetet kell majd ell\u00e1tniuk. Az egyszer\u0171 gyomor-b\u00e9lrendszeri panaszt\u00f3l az eszm\u00e9letveszt\u00e9sen \u00e1t a hirtelen sz\u00edvhal\u00e1lig mindenre fel kell &hellip;<\/p>\n","protected":false},"author":13,"featured_media":46015,"comment_status":"closed","ping_status":"closed","sticky":false,"template":"","format":"standard","meta":{"_acf_changed":false,"footnotes":""},"categories":[154,168],"tags":[3824,155],"class_list":["post-50318","post","type-post","status-publish","format-standard","has-post-thumbnail","hentry","category-egeszseg","category-kiemelt","tag-fina","tag-sport"],"acf":[],"_links":{"self":[{"href":"https:\/\/semmelweis.hu\/hirek\/wp-json\/wp\/v2\/posts\/50318","targetHints":{"allow":["GET"]}}],"collection":[{"href":"https:\/\/semmelweis.hu\/hirek\/wp-json\/wp\/v2\/posts"}],"about":[{"href":"https:\/\/semmelweis.hu\/hirek\/wp-json\/wp\/v2\/types\/post"}],"author":[{"embeddable":true,"href":"https:\/\/semmelweis.hu\/hirek\/wp-json\/wp\/v2\/users\/13"}],"replies":[{"embeddable":true,"href":"https:\/\/semmelweis.hu\/hirek\/wp-json\/wp\/v2\/comments?post=50318"}],"version-history":[{"count":10,"href":"https:\/\/semmelweis.hu\/hirek\/wp-json\/wp\/v2\/posts\/50318\/revisions"}],"predecessor-version":[{"id":58834,"href":"https:\/\/semmelweis.hu\/hirek\/wp-json\/wp\/v2\/posts\/50318\/revisions\/58834"}],"wp:featuredmedia":[{"embeddable":true,"href":"https:\/\/semmelweis.hu\/hirek\/wp-json\/wp\/v2\/media\/46015"}],"wp:attachment":[{"href":"https:\/\/semmelweis.hu\/hirek\/wp-json\/wp\/v2\/media?parent=50318"}],"wp:term":[{"taxonomy":"category","embeddable":true,"href":"https:\/\/semmelweis.hu\/hirek\/wp-json\/wp\/v2\/categories?post=50318"},{"taxonomy":"post_tag","embeddable":true,"href":"https:\/\/semmelweis.hu\/hirek\/wp-json\/wp\/v2\/tags?post=50318"}],"curies":[{"name":"wp","href":"https:\/\/api.w.org\/{rel}","templated":true}]}}