{"id":500,"date":"2005-04-15T15:23:47","date_gmt":"2005-04-15T14:23:47","guid":{"rendered":"http:\/\/semmelweis.hu\/?p=500"},"modified":"2025-12-18T10:46:37","modified_gmt":"2025-12-18T09:46:37","slug":"bojte-csaba-ferences-szerzetes-az-i-sz-gyermekgyogyaszati-klinikan","status":"publish","type":"post","link":"https:\/\/semmelweis.hu\/hirek\/2005\/04\/15\/bojte-csaba-ferences-szerzetes-az-i-sz-gyermekgyogyaszati-klinikan\/","title":{"rendered":"B\u00f6jte Csaba ferences szerzetes az I. sz. Gyermekgy\u00f3gy\u00e1szati Klinik\u00e1n"},"content":{"rendered":"<p>Nagysiker\u0171 el\u0151ad\u00e1st tartott \u00e1prilis 14-\u00e9n d\u00e9lut\u00e1n az I. sz. Gyermekgy\u00f3gy\u00e1szati Klinik\u00e1n B\u00f6jte Csaba ferences szerzetes, a D\u00e9vai \u00c1rvah\u00e1z \u00e9s Gyermekv\u00e9delmi K\u00f6zpont alap\u00edt\u00f3ja. A rendezv\u00e9nyen megjelent M\u00e1dl Dalma Asszony a k\u00f6zt\u00e1rsas\u00e1gi eln\u00f6k feles\u00e9ge is.<br \/>\nA klinika tanterme zs\u00fafol\u00e1sig telt, \u00e9s a k\u00f6z\u00f6ns\u00e9g vastapssal k\u00f6sz\u00f6nte meg B\u00f6jte Atya meghat\u00f3 besz\u00e1mol\u00f3j\u00e1t \u00e9s \u00e1ldozatos gondoskod\u00e1s\u00e1t a d\u00e9vai \u00e1rva gyermekekr\u0151l. B\u00f6jte Csaba Atya munk\u00e1ss\u00e1g\u00e1r\u00f3l \u00e9s az \u00e1rva gyermekekr\u0151l tov\u00e1bbi r\u00e9szleteket olvashat a <a href=\"http:\/\/www.devaigyerekek.hu\/\" target=\"_blank\" rel=\"noopener noreferrer\">www.devaigyerekek.hu weboldalon.<\/a><\/p>\n<div style=\"text-align: justify\">\n<figure id=\"attachment_163090\" aria-describedby=\"caption-attachment-163090\" style=\"width: 400px\" class=\"wp-caption alignright\"><a href=\"https:\/\/semmelweis.hu\/hirek\/files\/2005\/04\/Bojte_Csaba_a_gyerekklinikan.jpg\"><img loading=\"lazy\" decoding=\"async\" class=\"wp-image-163090 size-medium\" src=\"https:\/\/semmelweis.hu\/hirek\/files\/2005\/04\/Bojte_Csaba_a_gyerekklinikan-400x266.jpg\" alt=\"\" width=\"400\" height=\"266\" srcset=\"https:\/\/semmelweis.hu\/hirek\/files\/2005\/04\/Bojte_Csaba_a_gyerekklinikan-400x266.jpg 400w, https:\/\/semmelweis.hu\/hirek\/files\/2005\/04\/Bojte_Csaba_a_gyerekklinikan-900x597.jpg 900w, https:\/\/semmelweis.hu\/hirek\/files\/2005\/04\/Bojte_Csaba_a_gyerekklinikan-768x510.jpg 768w, https:\/\/semmelweis.hu\/hirek\/files\/2005\/04\/Bojte_Csaba_a_gyerekklinikan-753x500.jpg 753w, https:\/\/semmelweis.hu\/hirek\/files\/2005\/04\/Bojte_Csaba_a_gyerekklinikan-203x135.jpg 203w, https:\/\/semmelweis.hu\/hirek\/files\/2005\/04\/Bojte_Csaba_a_gyerekklinikan.jpg 1276w\" sizes=\"auto, (max-width: 400px) 100vw, 400px\" \/><\/a><figcaption id=\"caption-attachment-163090\" class=\"wp-caption-text\">K\u00f6z\u00e9pen M\u00e1dl Dalma, a k\u00e9p jobb oldal\u00e1n Csaba atya, bal oldalon Tulassay Tivadar, rektor<\/figcaption><\/figure><\/p>\n<p>&#8222;Csod\u00e1s \u00e9lm\u00e9ny volt Isten nev\u00e9ben befogadni a gyermekeket, semmihez sem hasonl\u00edthat\u00f3 \u00f6r\u00f6m, \u00f6nzetlen\u00fcl j\u00f3t tenni. Ez az ember igazi arca! Ezt az \u00f6r\u00f6met, ezt a tisztess\u00e9ges \u00e9rz\u00e9st nem adn\u00e1m oda semmilyen finom vacsor\u00e1\u00e9rt vagy b\u00e1rmilyen d\u00edj\u00e9rt.<\/p>\n<p>Ezzel nem azt akarom mondani, hogy nincs sz\u00fcks\u00e9g\u00fcnk anyagi javakra, h\u00e1tba vereget\u00e9sre. Egyszer\u0171en csak azt mondom, hogy nincs ann\u00e1l nagyobb \u00f6r\u00f6m, mint j\u00f3t tenni, j\u00f3nak, j\u00f3s\u00e1gosnak lenni. J\u00f3t tenni j\u00f3! Az Isten teremtette embereknek szerintem ez a hivat\u00e1sa. Mit jelent j\u00f3t tenni? Amikor hozz\u00e1nk ker\u00fcl egy kis utcagyermek, ha azt mondan\u00e1m neki, hogy kedves kicsi, lehet, hogy \u00f6t \u00e9v m\u00falva Budapesten, vagy mondjuk Gy\u0151rben fogsz t\u00e1ncolni, \u00e9nekelni &#8211; a gyermek nem hinn\u00e9 el nekem. De azt\u00e1n az \u00e9n hitem er\u0151t ad neki, hogy feln\u0151j\u00f6n oda, hogy val\u00f3ban k\u00e9pes legyen sz\u00e9p el\u0151ad\u00e1s\u00e1val m\u00e1soknak \u00f6r\u00f6met szerezni! Azt gondolom, nagyon fontos, hogy mi feln\u0151ttek rendelkezz\u00fcnk ezzel a teremt\u0151 hittel.<br \/>\n(&#8230;)<br \/>\nBej\u00f6n hozz\u00e1nk egy gyermek. Ha \u00e9n sz\u00e9pnek l\u00e1tom \u0151t, ha r\u00e1 tudok mosolyogni \u00e9s tiszta sz\u00edvvel elfogadom \u0151t, akkor \u0151 is elfogadja saj\u00e1t mag\u00e1t. Ha tiszta sz\u00edvvel azt tudom mondani neki, hogy igenis b\u00edzom benned, hiszem, hogy tal\u00e1n bel\u0151led lesz a 21. sz\u00e1zad J\u00f3zsef Attil\u00e1ja, K\u0151r\u00f6si Csoma S\u00e1ndora vagy Benedek Elekje &#8211; akkor az \u00e9n hitem er\u0151t ad neki, hogy mint egy mank\u00f3ba belekapaszkodva fel\u00e1lljon, elinduljon. Minden egyes \u00faj gyermek t\u00f6rt\u00e9nete ezt bizony\u00edtja.&#8221;<\/p>\n<p><span style=\"font-style: italic\">R\u00e9szletek Csaba testv\u00e9r &#8222;Hiszek a szeretet v\u00e9gs\u0151 gy\u0151zelm\u00e9ben!&#8221; c\u00edm\u0171 k\u00f6nyv\u00e9b\u0151l.<br \/>\na k\u00f6nyv megv\u00e1s\u00e1rl\u00e1s\u00e1val \u00d6n is t\u00e1mogathatja a d\u00e9vai \u00e1rva gyermekeket.<br \/>\nA k\u00f6nyv kaphat\u00f3: Szent Gell\u00e9rt K\u00f6nyvesbolt, 1053 Budapest, Kossuth L. u. 1. K\u00e1rp\u00e1tia udvar. Tel: 337-2879<br \/>\n<\/span><\/p>\n<\/div>\n<p>&nbsp;<\/p>\n","protected":false},"excerpt":{"rendered":"<p>Nagysiker\u0171 el\u0151ad\u00e1st tartott \u00e1prilis 14-\u00e9n d\u00e9lut\u00e1n az I. sz. Gyermekgy\u00f3gy\u00e1szati Klinik\u00e1n B\u00f6jte Csaba ferences szerzetes, a D\u00e9vai \u00c1rvah\u00e1z \u00e9s Gyermekv\u00e9delmi K\u00f6zpont alap\u00edt\u00f3ja. A rendezv\u00e9nyen megjelent M\u00e1dl Dalma Asszony a k\u00f6zt\u00e1rsas\u00e1gi eln\u00f6k feles\u00e9ge is. A klinika tanterme zs\u00fafol\u00e1sig telt, \u00e9s a k\u00f6z\u00f6ns\u00e9g vastapssal k\u00f6sz\u00f6nte meg B\u00f6jte Atya meghat\u00f3 besz\u00e1mol\u00f3j\u00e1t \u00e9s \u00e1ldozatos gondoskod\u00e1s\u00e1t a d\u00e9vai \u00e1rva gyermekekr\u0151l. &hellip;<\/p>\n","protected":false},"author":12,"featured_media":0,"comment_status":"closed","ping_status":"closed","sticky":false,"template":"","format":"standard","meta":{"_acf_changed":false,"footnotes":""},"categories":[157],"tags":[345],"class_list":["post-500","post","type-post","status-publish","format-standard","hentry","category-semmelweis-vilag","tag-esemenyek-es-beszamolok"],"acf":[],"_links":{"self":[{"href":"https:\/\/semmelweis.hu\/hirek\/wp-json\/wp\/v2\/posts\/500","targetHints":{"allow":["GET"]}}],"collection":[{"href":"https:\/\/semmelweis.hu\/hirek\/wp-json\/wp\/v2\/posts"}],"about":[{"href":"https:\/\/semmelweis.hu\/hirek\/wp-json\/wp\/v2\/types\/post"}],"author":[{"embeddable":true,"href":"https:\/\/semmelweis.hu\/hirek\/wp-json\/wp\/v2\/users\/12"}],"replies":[{"embeddable":true,"href":"https:\/\/semmelweis.hu\/hirek\/wp-json\/wp\/v2\/comments?post=500"}],"version-history":[{"count":5,"href":"https:\/\/semmelweis.hu\/hirek\/wp-json\/wp\/v2\/posts\/500\/revisions"}],"predecessor-version":[{"id":163091,"href":"https:\/\/semmelweis.hu\/hirek\/wp-json\/wp\/v2\/posts\/500\/revisions\/163091"}],"wp:attachment":[{"href":"https:\/\/semmelweis.hu\/hirek\/wp-json\/wp\/v2\/media?parent=500"}],"wp:term":[{"taxonomy":"category","embeddable":true,"href":"https:\/\/semmelweis.hu\/hirek\/wp-json\/wp\/v2\/categories?post=500"},{"taxonomy":"post_tag","embeddable":true,"href":"https:\/\/semmelweis.hu\/hirek\/wp-json\/wp\/v2\/tags?post=500"}],"curies":[{"name":"wp","href":"https:\/\/api.w.org\/{rel}","templated":true}]}}