{"id":48998,"date":"2016-01-21T10:42:51","date_gmt":"2016-01-21T09:42:51","guid":{"rendered":"http:\/\/semmelweis.hu\/hirek\/?p=48998"},"modified":"2018-02-06T14:12:54","modified_gmt":"2018-02-06T13:12:54","slug":"emelkednek-az-erasmus-osztondijak","status":"publish","type":"post","link":"https:\/\/semmelweis.hu\/hirek\/2016\/01\/21\/emelkednek-az-erasmus-osztondijak\/","title":{"rendered":"Emelkednek az Erasmus \u00f6szt\u00f6nd\u00edjak"},"content":{"rendered":"<p><img loading=\"lazy\" decoding=\"async\" class=\"size-full wp-image-5618 alignright\" src=\"https:\/\/semmelweis.hu\/hirek\/files\/2011\/06\/erasmus_logo.jpg\" alt=\"erasmus_logo\" width=\"230\" height=\"219\" \/><\/p>\n<p>Magasabb \u00f6szt\u00f6nd\u00edjat kaphatnak a\u00a0k\u00f6vetkez\u0151 tan\u00e9vt\u0151l az Erasmus+ program tanulm\u00e1nyi mobilit\u00e1s\u00e1ban r\u00e9szt vev\u0151 magyar hallgat\u00f3k. A Tempus K\u00f6zalap\u00edtv\u00e1ny t\u00e1j\u00e9koztat\u00e1sa szerint ez ak\u00e1r plusz 100 eur\u00f3t is jelenthet havonta a k\u00fclf\u00f6ld\u00f6n tanul\u00f3 fiataloknak. A hallgat\u00f3k 2016. febru\u00e1r 1-j\u00e9t\u0151l p\u00e1ly\u00e1zhatnak az Eur\u00f3pai Programiroda online rendszer\u00e9n kereszt\u00fcl, az oktat\u00f3i \u00e9s szem\u00e9lyzeti mobilit\u00e1s p\u00e1ly\u00e1zatokra folyamatosan lehet jelentkezni.\u00a0<\/p>\n<p>A Semmelweis Egyetem p\u00e1ly\u00e1zati felh\u00edv\u00e1sa \u00e9s kit\u00f6lt\u00e9si \u00fatmutat\u00f3ja a 2016\u20132017. \u00e9vi Erasmus+ hallgat\u00f3i tanulm\u00e1nyi \u00e9s szakmai mobilit\u00e1s-p\u00e1ly\u00e1zat bead\u00e1s\u00e1hoz\u00a0<a href=\"https:\/\/semmelweis.hu\/hirek\/2016\/01\/07\/palyazati-felhivas-a-2016-2017-evi-erasmus-hallgatoi-tanulmanyi-es-szakmai-mobilitas-palyazat-beadasahoz-aok-fok\/\">erre a linkre (\u00c1ltal\u00e1nos Orvostudom\u00e1nyi Kar, Fogorvostudom\u00e1nyi Kar)<\/a>, illetve\u00a0<a href=\"https:\/\/semmelweis.hu\/hirek\/2016\/01\/07\/palyazati-felhivas-a-gytk-hallgatoi-reszere-a-2016-2017-evi-erasmus-hallgatoi-tanulmanyi-es-szakmai-mobilitas-palyazat-beadasahoz\/\">erre a linkre (Gy\u00f3gyszer\u00e9sztudom\u00e1nyi Kar)<\/a>\u00a0kattintva let\u00f6lthet\u0151. Az ETK, Doktori Iskola \u00e9s az EKK hallgat\u00f3i a d\u00e9k\u00e1ni hivatalokn\u00e1l \u00e9rdekl\u0151dhetnek a jelentkez\u00e9s felt\u00e9teleir\u0151l.<\/p>\n<p>Az Erasmus+ program 2014-es indul\u00e1sakor az Eur\u00f3pai Bizotts\u00e1g a meg\u00e9lhet\u00e9si k\u00f6lts\u00e9gek alapj\u00e1n h\u00e1rom kateg\u00f3ri\u00e1ba sorolta a programban r\u00e9szt vev\u0151 orsz\u00e1gokat, \u00e9s maximaliz\u00e1lta a legdr\u00e1g\u00e1bb orsz\u00e1gokban adhat\u00f3 t\u00e1mogat\u00e1s \u00f6sszeg\u00e9t.<\/p>\n<p>A program hazai koordin\u00e1l\u00e1s\u00e1t v\u00e9gz\u0151 Tempus K\u00f6zalap\u00edtv\u00e1ny mostani d\u00f6nt\u00e9se lehet\u0151v\u00e9 teszi, hogy a m\u00e1sik k\u00e9t kateg\u00f3ri\u00e1ba tartoz\u00f3 21 orsz\u00e1gban is havi 50-100 eur\u00f3val magasabb \u00f6szt\u00f6nd\u00edjat kapjanak a tanulm\u00e1nyi c\u00e9lb\u00f3l kiutaz\u00f3 hallgat\u00f3k, mint kor\u00e1bban. \u00cdgy a 2016\/2017-es tan\u00e9vt\u0151l t\u00f6bbek k\u00f6z\u00f6tt a magyarok k\u00f6r\u00e9ben legn\u00e9pszer\u0171bb N\u00e9metorsz\u00e1gban, vagy spanyol, holland, lengyel \u00e9s m\u00e1ltai tanulm\u00e1nyok eset\u00e9n is t\u00f6bb p\u00e9nzb\u0151l gazd\u00e1lkodhatnak a kiutaz\u00f3 egyetemist\u00e1k.<\/p>\n<p><img loading=\"lazy\" decoding=\"async\" class=\" wp-image-24506 alignleft\" src=\"https:\/\/semmelweis.hu\/hirek\/files\/2013\/11\/RS8892_KA-20131125-IMG_8576-erasmus-stock-scr-1-300x199.jpg\" alt=\"RS8892_KA-20131125-IMG_8576-erasmus-stock-scr (1)\" width=\"274\" height=\"182\" srcset=\"https:\/\/semmelweis.hu\/hirek\/files\/2013\/11\/RS8892_KA-20131125-IMG_8576-erasmus-stock-scr-1-300x199.jpg 300w, https:\/\/semmelweis.hu\/hirek\/files\/2013\/11\/RS8892_KA-20131125-IMG_8576-erasmus-stock-scr-1-600x400.jpg 600w, https:\/\/semmelweis.hu\/hirek\/files\/2013\/11\/RS8892_KA-20131125-IMG_8576-erasmus-stock-scr-1-450x300.jpg 450w, https:\/\/semmelweis.hu\/hirek\/files\/2013\/11\/RS8892_KA-20131125-IMG_8576-erasmus-stock-scr-1.jpg 950w\" sizes=\"auto, (max-width: 274px) 100vw, 274px\" \/>A megemelt \u00f6sszegt\u0151l azt v\u00e1rj\u00e1k, hogy a j\u00f6v\u0151ben m\u00e9g t\u00f6bben kapcsol\u00f3dnak be a legn\u00e9pszer\u0171bb uni\u00f3s mobilit\u00e1si programba. Ezt kieg\u00e9sz\u00edt\u0151 t\u00e1mogat\u00e1sokkal is seg\u00edtik: az \u00f6szt\u00f6nd\u00edjon fel\u00fcl a k\u00f6vetkez\u0151 tan\u00e9vben v\u00e1rhat\u00f3an t\u00f6bb mint 600 magyar Erasmus hallgat\u00f3 r\u00e9szes\u00fclhet havi 100 eur\u00f3 szoci\u00e1lis t\u00e1mogat\u00e1sban, \u00e9s \u00e9vente 20-30 f\u0151 kaphat t\u00e1mogat\u00e1st tart\u00f3s betegs\u00e9g\u00e9hez kapcsol\u00f3d\u00f3 extra kiad\u00e1sai miatt.<\/p>\n<p>Jelenleg 53 magyar fels\u0151oktat\u00e1si int\u00e9zm\u00e9nynek vannak Erasmus kapcsolatai, \u00e9s haz\u00e1nkb\u00f3l \u00e9vente 4300 hallgat\u00f3 vesz r\u00e9szt a programban. A p\u00e1ly\u00e1z\u00e1s felt\u00e9teleir\u0151l \u00e9s a jelentkez\u00e9si hat\u00e1rid\u0151kr\u0151l a Semmelweis Egyetemen az Eur\u00f3pai Programiroda munkat\u00e1rsai tudnak b\u0151vebb felvil\u00e1gos\u00edt\u00e1st adni.<\/p>\n<p>A Semmelweis Egyetem a 2014\/2015-\u00f6s tan\u00e9vben (az utols\u00f3 lez\u00e1rt mobilit\u00e1si \u00e9vben) 195 jelentkez\u0151b\u0151l 124 f\u0151nek tudta megadni a lehet\u0151s\u00e9get a k\u00fclf\u00f6ldi tanulm\u00e1nyok t\u00e1mogat\u00e1s\u00e1ra a Tempus K\u00f6zalap\u00edtv\u00e1nyt\u00f3l elnyert \u00f6sszegb\u0151l. A hallgat\u00f3k tanulm\u00e1nyi mobilit\u00e1sra, szakmai gyakorlatra \u00e9s diploma ut\u00e1ni szakmai gyakorlatra is jelentkezhetnek. A legn\u00e9pszer\u0171bb c\u00e9lorsz\u00e1g N\u00e9metorsz\u00e1g, emellett Ausztri\u00e1ba \u00e9s Lengyelorsz\u00e1gba is sokan jelentkeznek.<\/p>\n<p>A Semmelweis Egyetem hallgat\u00f3i \u00a0sz\u00e1m\u00e1ra tov\u00e1bbi inform\u00e1ci\u00f3 az\u00a0<a href=\"https:\/\/semmelweis.hu\/erasmus\/\">Eur\u00f3pai Programiroda honlapj\u00e1n<\/a>\u00a0\u00e9rhet\u0151 el.<\/p>\n<p>Az Erasmus+ program keret\u00e9ben a hallgat\u00f3k mellett a Semmelweis Egyetem oktat\u00f3i \u00e9s adminisztrat\u00edv munkak\u00f6rben dolgoz\u00f3 munkat\u00e1rsai is r\u00e9szt vehetnek k\u00fclf\u00f6ldi mobilit\u00e1s p\u00e1ly\u00e1zatokban. Az\u00a0oktat\u00f3i mobilit\u00e1s p\u00e1ly\u00e1zatok (tov\u00e1bbi inform\u00e1ci\u00f3\u00a0<a href=\"https:\/\/semmelweis.hu\/erasmus\/erasmus\/oktatoi-mobilitas\/\">erre a linkre<\/a>\u00a0kattintva) c\u00e9lja,\u00a0hogy az oktat\u00f3k a k\u00fclf\u00f6ldi partnerint\u00e9zm\u00e9nyben oktat\u00e1si tev\u00e9kenys\u00e9get folytassanak.\u00a0A szem\u00e9lyzeti mobilit\u00e1s p\u00e1ly\u00e1zat (tov\u00e1bbi inform\u00e1ci\u00f3\u00a0<a href=\"https:\/\/semmelweis.hu\/erasmus\/erasmus\/szemelyzeti-mobilitas\/\">erre a linkre<\/a>\u00a0kattintva) c\u00e9lja, hogy az\u00a0adminisztrat\u00edv munkak\u00f6rben dolgoz\u00f3 alkalmazottak k\u00e9pz\u00e9si c\u00e9l\u00fa nemzetk\u00f6zi mobilit\u00e1s\u00e1t t\u00e1mogassa \u00fagy, hogy a kiutaz\u00f3 a mobilit\u00e1s sor\u00e1n az int\u00e9zm\u00e9ny eg\u00e9sze sz\u00e1m\u00e1ra hasznos\u00edthat\u00f3 tapasztalatokat szerezzen, j\u00f3 gyakorlatokat ismerjen meg. A szem\u00e9lyzeti mobilit\u00e1s p\u00e1ly\u00e1zatra oktat\u00f3 is p\u00e1ly\u00e1zhat, amennyiben nem oktat\u00e1si tev\u00e9kenys\u00e9g megval\u00f3s\u00edt\u00e1s\u00e1t tervezi.<\/p>\n<p>Tov\u00e1bbi inform\u00e1ci\u00f3 az Erasmus+ honlapj\u00e1n,\u00a0<a href=\"http:\/\/www.erasmusplusz.hu\/\">erre a linkre<\/a>\u00a0kattintva \u00e9rhet\u0151 el.\u00a0<\/p>\n<p>PP<\/p>\n<p>Fot\u00f3: Kov\u00e1cs Attila &#8211; Semmelweis Egyetem<\/p>\n","protected":false},"excerpt":{"rendered":"<p>Magasabb \u00f6szt\u00f6nd\u00edjat kaphatnak a\u00a0k\u00f6vetkez\u0151 tan\u00e9vt\u0151l az Erasmus+ program tanulm\u00e1nyi mobilit\u00e1s\u00e1ban r\u00e9szt vev\u0151 magyar hallgat\u00f3k. A Tempus K\u00f6zalap\u00edtv\u00e1ny t\u00e1j\u00e9koztat\u00e1sa szerint ez ak\u00e1r plusz 100 eur\u00f3t is jelenthet havonta a k\u00fclf\u00f6ld\u00f6n tanul\u00f3 fiataloknak. A hallgat\u00f3k 2016. febru\u00e1r 1-j\u00e9t\u0151l p\u00e1ly\u00e1zhatnak az Eur\u00f3pai Programiroda online rendszer\u00e9n kereszt\u00fcl, az oktat\u00f3i \u00e9s szem\u00e9lyzeti mobilit\u00e1s p\u00e1ly\u00e1zatokra folyamatosan lehet jelentkezni.\u00a0 A Semmelweis Egyetem &hellip;<\/p>\n","protected":false},"author":101081,"featured_media":24503,"comment_status":"closed","ping_status":"closed","sticky":false,"template":"","format":"standard","meta":{"_acf_changed":false,"footnotes":""},"categories":[3533,168],"tags":[68,3444],"class_list":["post-48998","post","type-post","status-publish","format-standard","has-post-thumbnail","hentry","category-hallgatok-oktatas","category-kiemelt","tag-erasmus","tag-oktatas"],"acf":[],"_links":{"self":[{"href":"https:\/\/semmelweis.hu\/hirek\/wp-json\/wp\/v2\/posts\/48998","targetHints":{"allow":["GET"]}}],"collection":[{"href":"https:\/\/semmelweis.hu\/hirek\/wp-json\/wp\/v2\/posts"}],"about":[{"href":"https:\/\/semmelweis.hu\/hirek\/wp-json\/wp\/v2\/types\/post"}],"author":[{"embeddable":true,"href":"https:\/\/semmelweis.hu\/hirek\/wp-json\/wp\/v2\/users\/101081"}],"replies":[{"embeddable":true,"href":"https:\/\/semmelweis.hu\/hirek\/wp-json\/wp\/v2\/comments?post=48998"}],"version-history":[{"count":10,"href":"https:\/\/semmelweis.hu\/hirek\/wp-json\/wp\/v2\/posts\/48998\/revisions"}],"predecessor-version":[{"id":49186,"href":"https:\/\/semmelweis.hu\/hirek\/wp-json\/wp\/v2\/posts\/48998\/revisions\/49186"}],"wp:featuredmedia":[{"embeddable":true,"href":"https:\/\/semmelweis.hu\/hirek\/wp-json\/wp\/v2\/media\/24503"}],"wp:attachment":[{"href":"https:\/\/semmelweis.hu\/hirek\/wp-json\/wp\/v2\/media?parent=48998"}],"wp:term":[{"taxonomy":"category","embeddable":true,"href":"https:\/\/semmelweis.hu\/hirek\/wp-json\/wp\/v2\/categories?post=48998"},{"taxonomy":"post_tag","embeddable":true,"href":"https:\/\/semmelweis.hu\/hirek\/wp-json\/wp\/v2\/tags?post=48998"}],"curies":[{"name":"wp","href":"https:\/\/api.w.org\/{rel}","templated":true}]}}