{"id":48990,"date":"2016-01-07T13:52:06","date_gmt":"2016-01-07T12:52:06","guid":{"rendered":"http:\/\/semmelweis.hu\/hirek\/?p=48990"},"modified":"2016-01-07T13:52:06","modified_gmt":"2016-01-07T12:52:06","slug":"palyazati-felhivas-a-2016-2017-evi-erasmus-hallgatoi-tanulmanyi-es-szakmai-mobilitas-palyazat-beadasahoz-aok-fok","status":"publish","type":"post","link":"https:\/\/semmelweis.hu\/hirek\/2016\/01\/07\/palyazati-felhivas-a-2016-2017-evi-erasmus-hallgatoi-tanulmanyi-es-szakmai-mobilitas-palyazat-beadasahoz-aok-fok\/","title":{"rendered":"P\u00e1ly\u00e1zati felh\u00edv\u00e1s a 2016\u20132017. \u00e9vi Erasmus+ hallgat\u00f3i tanulm\u00e1nyi \u00e9s szakmai mobilit\u00e1s-p\u00e1ly\u00e1zat bead\u00e1s\u00e1hoz (\u00c1OK, FOK)"},"content":{"rendered":"<p>A dokumentum pdf-form\u00e1tumban <a href=\"https:\/\/semmelweis.hu\/hirek\/files\/2016\/01\/ERASMUS-palyazati-felhivas-2016_2017-\u00c1OKFOK.pdf\" target=\"_blank\">erre a linkre<\/a> kattintva let\u00f6lthet\u0151.<embed src=\"https:\/\/semmelweis.hu\/hirek\/files\/2016\/01\/ERASMUS-palyazati-felhivas-2016_2017-\u00c1OKFOK.pdf\" width=\"670\" height=\"800\"><\/embed><\/p>\n","protected":false},"excerpt":{"rendered":"<p>A dokumentum pdf-form\u00e1tumban <a href=\"https:\/\/semmelweis.hu\/hirek\/files\/2016\/01\/ERASMUS-palyazati-felhivas-2016_2017-\u00c1OKFOK.pdf\" target=\"_blank\">erre a linkre<\/a> kattintva let\u00f6lthet\u0151.<\/p>\n","protected":false},"author":101081,"featured_media":8532,"comment_status":"closed","ping_status":"closed","sticky":false,"template":"","format":"standard","meta":{"_acf_changed":false,"footnotes":""},"categories":[150],"tags":[],"class_list":["post-48990","post","type-post","status-publish","format-standard","has-post-thumbnail","hentry","category-palyazatok"],"acf":[],"_links":{"self":[{"href":"https:\/\/semmelweis.hu\/hirek\/wp-json\/wp\/v2\/posts\/48990","targetHints":{"allow":["GET"]}}],"collection":[{"href":"https:\/\/semmelweis.hu\/hirek\/wp-json\/wp\/v2\/posts"}],"about":[{"href":"https:\/\/semmelweis.hu\/hirek\/wp-json\/wp\/v2\/types\/post"}],"author":[{"embeddable":true,"href":"https:\/\/semmelweis.hu\/hirek\/wp-json\/wp\/v2\/users\/101081"}],"replies":[{"embeddable":true,"href":"https:\/\/semmelweis.hu\/hirek\/wp-json\/wp\/v2\/comments?post=48990"}],"version-history":[{"count":2,"href":"https:\/\/semmelweis.hu\/hirek\/wp-json\/wp\/v2\/posts\/48990\/revisions"}],"predecessor-version":[{"id":48995,"href":"https:\/\/semmelweis.hu\/hirek\/wp-json\/wp\/v2\/posts\/48990\/revisions\/48995"}],"wp:featuredmedia":[{"embeddable":true,"href":"https:\/\/semmelweis.hu\/hirek\/wp-json\/wp\/v2\/media\/8532"}],"wp:attachment":[{"href":"https:\/\/semmelweis.hu\/hirek\/wp-json\/wp\/v2\/media?parent=48990"}],"wp:term":[{"taxonomy":"category","embeddable":true,"href":"https:\/\/semmelweis.hu\/hirek\/wp-json\/wp\/v2\/categories?post=48990"},{"taxonomy":"post_tag","embeddable":true,"href":"https:\/\/semmelweis.hu\/hirek\/wp-json\/wp\/v2\/tags?post=48990"}],"curies":[{"name":"wp","href":"https:\/\/api.w.org\/{rel}","templated":true}]}}