{"id":48776,"date":"2015-12-28T10:03:24","date_gmt":"2015-12-28T09:03:24","guid":{"rendered":"http:\/\/semmelweis.hu\/hirek\/?p=48776"},"modified":"2018-05-18T09:10:56","modified_gmt":"2018-05-18T07:10:56","slug":"kerpel-sorozat-szakmai-tamogatasbol-szoros-baratsag","status":"publish","type":"post","link":"https:\/\/semmelweis.hu\/hirek\/2015\/12\/28\/kerpel-sorozat-szakmai-tamogatasbol-szoros-baratsag\/","title":{"rendered":"Szakmai t\u00e1mogat\u00e1sb\u00f3l szoros bar\u00e1ts\u00e1g &#8211; dr. Budai Marianna \u00e9s dr. Balogh R\u00e9ka a Kerpel-programr\u00f3l"},"content":{"rendered":"<p>H\u00e9t \u00e9vvel ezel\u0151tt mentork\u00e9nt \u00e9s hallgat\u00f3k\u00e9nt tal\u00e1lkoztak a Kerpel Programban, mostanra szoros bar\u00e1ts\u00e1g k\u00f6ti \u00f6ssze \u0151ket.\u00a0 dr. Budai Marianna, a Gy\u00f3gyszer\u00e9szeti Int\u00e9zet adjunktusa, dr. Balogh R\u00e9ka pedig a Doktori Iskola PhD-hallgat\u00f3ja. \u00daj sorozatunkban mentor-hallgat\u00f3 p\u00e1rokat mutatunk be a <a href=\"http:\/\/kerpel.semmelweis.hu\/index.php\" target=\"_blank\" rel=\"noopener noreferrer\">Kerpel-Fronius \u00d6d\u00f6n Tehets\u00e9ggondoz\u00f3 Program<\/a>b\u00f3l.<\/p>\n<p><a href=\"https:\/\/semmelweis.hu\/hirek\/files\/2015\/12\/RS42334_KA-20151217-IMG_2923-scr.jpg\" rel=\"attachment wp-att-48777\"><img loading=\"lazy\" decoding=\"async\" class=\"aligncenter wp-image-48777 size-full\" src=\"https:\/\/semmelweis.hu\/hirek\/files\/2015\/12\/RS42334_KA-20151217-IMG_2923-scr.jpg\" alt=\"RS42334_KA-20151217-IMG_2923-scr\" width=\"950\" height=\"633\" srcset=\"https:\/\/semmelweis.hu\/hirek\/files\/2015\/12\/RS42334_KA-20151217-IMG_2923-scr.jpg 950w, https:\/\/semmelweis.hu\/hirek\/files\/2015\/12\/RS42334_KA-20151217-IMG_2923-scr-300x200.jpg 300w, https:\/\/semmelweis.hu\/hirek\/files\/2015\/12\/RS42334_KA-20151217-IMG_2923-scr-768x512.jpg 768w, https:\/\/semmelweis.hu\/hirek\/files\/2015\/12\/RS42334_KA-20151217-IMG_2923-scr-600x400.jpg 600w, https:\/\/semmelweis.hu\/hirek\/files\/2015\/12\/RS42334_KA-20151217-IMG_2923-scr-450x300.jpg 450w\" sizes=\"auto, (max-width: 950px) 100vw, 950px\" \/><\/a><br \/>\n B\u00e1r teljesen a v\u00e9letlenen m\u00falt, j\u00f3 p\u00e1ros\u00edt\u00e1s lett bel\u0151le &#8211; fogalmazott dr. Budai Marianna, a Gy\u00f3gyszer\u00e9szeti\u00a0 Int\u00e9zet adjunktusa, akinek az elm\u00falt \u00e9vekben sz\u00e1mos mentor\u00e1ltja volt. Dr. Balogh R\u00e9ka m\u00e1sod\u00e9ves gy\u00f3gyszer\u00e9szhallgat\u00f3 volt, amikor tal\u00e1lkoztak \u00e9s elkezdt\u00e9k a k\u00f6z\u00f6s munk\u00e1t. Felid\u00e9zte: R\u00e9ka akkor kezdte a tudom\u00e1nyos di\u00e1kk\u00f6ri munk\u00e1t, bizonytalan volt abban, milyen szakter\u00fcletet v\u00e1lasszon, kev\u00e9ss\u00e9 volt j\u00e1rtas a p\u00e1ly\u00e1zati lehet\u0151s\u00e9gekben, de az l\u00e1tszott, hogy nagyon lelkes.<\/p>\n<p>&#8222;Nagyon j\u00f3 volt a seg\u00edts\u00e9g. Az\u00e9rt is jelentkeztem a programba, hogy \u00fatmutat\u00e1st kapjak, mik\u00e9nt kell elindulni a kutat\u00f3i p\u00e1ly\u00e1n, hogyan fogjak neki, merre induljak&#8221; &#8211; id\u00e9zte fel dr. Balogh R\u00e9ka, hozz\u00e1t\u00e9ve:\u00a0 amikor az ember bizonytalan, hogyan tov\u00e1bb , akkor a mentor szakmailag \u00e9s emberileg is tud t\u00e1mogat\u00e1st ny\u00fajtani, tan\u00e1csot adni, megosztani a tapasztalatait.<\/p>\n<p>Szavai szerint a Kerpel Program tekinthet\u0151 tudom\u00e1nyos v\u00e9d\u0151h\u00e1l\u00f3nak: egyik eleme, hogy a hallgat\u00f3k szakmai mentort kapnak, de emellett vannak elnyerhet\u0151 p\u00e1ly\u00e1zatok \u00e9s anyagi t\u00e1mogat\u00e1si lehet\u0151s\u00e9g is konferencia r\u00e9szv\u00e9telhez, poszter k\u00e9sz\u00edt\u00e9shez.\u00a0Azoknak a hallgat\u00f3knak javasolja, hogy csatlakozzanak a tehets\u00e9ggondoz\u00f3 programhoz, akiket az \u00e1tlagosn\u00e1l jobban \u00e9rdekel a kutat\u00e1s, van benn\u00fck elsz\u00e1nts\u00e1g \u00e9s szeretn\u00e9nek szakmai seg\u00edts\u00e9get kapni.\u00a0 Nagyon egy\u00e9nf\u00fcgg\u0151, hogy kinek, mit ad a program &#8211; v\u00e9lekedett.<\/p>\n<p>Dr. Balogh R\u00e9ka kit\u00e9rt arra: fontos az \u00f6sszetart\u00f3 er\u0151 is, hiszem a programban t\u00f6bb \u00e9vfolyam hallgat\u00f3i ismerik meg egym\u00e1st, egym\u00e1s kutat\u00e1si munk\u00e1j\u00e1t, illetve egy\u00e9b tev\u00e9kenys\u00e9geit, amelyekben tehets\u00e9ges. Vannak, akik k\u00fcl\u00f6nb\u00f6z\u0151 m\u0171v\u00e9szeti \u00e1gakban jeleskednek, m\u00e1sok j\u00f3l sportolnak.\u00a0 A l\u00e9nyeg, hogy a hallgat\u00f3 valamivel kiemelkedjen a t\u00f6bbiek k\u00f6z\u00fcl &#8211; vette \u00e1t a sz\u00f3t\u00a0Dr. Budai Marianna.<\/p>\n<p>Az adjunktus \u00fagy l\u00e1tja, nem v\u00e9letlen, hogy a TDK-sok k\u00f6r\u00e9b\u0151l ker\u00fcl ki a legt\u00f6bb Kerpeles, mert \u0151k azok, akik \u00e9rzik, hogy van benn\u00fck valami plusz \u00e9s elkezdik keresni az \u00fatjukat. &#8222;Lelkesek, t\u00f6bbet akarnak, ez\u00e9rt gyakran t\u00f6bbre is k\u00e9pesek&#8221; &#8211; \u00f6sszegezte mentori tapasztalatait.\u00a0 Mentork\u00e9nt \u00e1ltal\u00e1ban k\u00e9t hallgat\u00f3val foglalkozik egyszerre, a feladatokat &#8211; mint mondta &#8211; er\u0151sen befoly\u00e1solja, hogy \u00e9ppen melyik \u00e9letszakaszban vannak:\u00a0 egyetemi hallgat\u00f3k m\u00e9g vagy m\u00e1r a PhD munk\u00e1j\u00e1n dolgoznak.\u00a0 &#8222;Mindegyik\u00fckre jellemz\u0151, hogy rengeteget \u00f6n\u00e1ll\u00f3sodnak az \u00e9vek sor\u00e1n&#8221; &#8211; hangoztatta.<\/p>\n<p><a href=\"https:\/\/semmelweis.hu\/hirek\/files\/2015\/12\/RS42338_KA-20151217-IMG_2910-scr.jpg\" rel=\"attachment wp-att-48778\"><img loading=\"lazy\" decoding=\"async\" class=\"aligncenter wp-image-48778 size-full\" src=\"https:\/\/semmelweis.hu\/hirek\/files\/2015\/12\/RS42338_KA-20151217-IMG_2910-scr.jpg\" alt=\"RS42338_KA-20151217-IMG_2910-scr\" width=\"950\" height=\"633\" srcset=\"https:\/\/semmelweis.hu\/hirek\/files\/2015\/12\/RS42338_KA-20151217-IMG_2910-scr.jpg 950w, https:\/\/semmelweis.hu\/hirek\/files\/2015\/12\/RS42338_KA-20151217-IMG_2910-scr-300x200.jpg 300w, https:\/\/semmelweis.hu\/hirek\/files\/2015\/12\/RS42338_KA-20151217-IMG_2910-scr-768x512.jpg 768w, https:\/\/semmelweis.hu\/hirek\/files\/2015\/12\/RS42338_KA-20151217-IMG_2910-scr-600x400.jpg 600w, https:\/\/semmelweis.hu\/hirek\/files\/2015\/12\/RS42338_KA-20151217-IMG_2910-scr-450x300.jpg 450w\" sizes=\"auto, (max-width: 950px) 100vw, 950px\" \/><\/a><\/p>\n<p>Dr. Budai Marianna a program r\u00e9szek\u00e9nt minden \u00e9vben besz\u00e1mol\u00f3t k\u00e9sz\u00edt a mentor\u00e1ltjair\u00f3l.\u00a0 Ide tartozik, hogy a hallgat\u00f3 nemzetk\u00f6zi konferenci\u00e1kon vett r\u00e9szt, angolul tartott el\u0151ad\u00e1st vagy posztert mutatott be, k\u00fclf\u00f6ld\u00f6n t\u00f6lt\u00f6tt t\u00f6bb-kevesebb id\u0151t, TDK vagy OTDK helyezett lett, illetve impakt faktoros publik\u00e1ci\u00f3kat k\u00e9sz\u00edtett m\u00e1r egyetemistak\u00e9nt. &#8222;Volt olyan mentor\u00e1ltam, aki mind az \u00f6t\u00f6t megcsin\u00e1lta, ilyen p\u00e9ld\u00e1ul R\u00e9ka, aki az\u00f3ta m\u00e1r a PhD munk\u00e1j\u00e1t is majdnem befejezte, jelenleg a disszert\u00e1ci\u00f3j\u00e1n dolgozik &#8211; tette hozz\u00e1.<\/p>\n<p>Az adjunktus \u00e9s mentor\u00e1ltja k\u00f6z\u00f6tt eleinte szakmai kapcsolat volt, ami szem\u00e9lyesebb lett az \u00e9vek sor\u00e1n,\u00a0 m\u00e1ra pedig szoros bar\u00e1ts\u00e1gg\u00e1 v\u00e1lt.\u00a0 &#8222;Amikor gyesre mentem, R\u00e9ka \u00e1tj\u00f6tt hozz\u00e1nk \u00e9s j\u00e1tszott a gyerekkel. Szerintem j\u00f3, hogy l\u00e1tta azt is, mivel j\u00e1r, ha n\u0151k\u00e9nt pr\u00f3b\u00e1l kutat\u00f3 lenni \u00e9s csal\u00e1dot alap\u00edt&#8221; &#8211; hangs\u00falyozta. Kiemelte: azt a p\u00e9ld\u00e1t mutatta a mentor\u00e1ltj\u00e1nak, hogy ez nem zs\u00e1kutca. &#8222;Az \u00e9let megy tov\u00e1bb, most is \u00edrok cikkeket itthon, foglalkozom tudom\u00e1nyos munk\u00e1val, csak kev\u00e9sb\u00e9 akt\u00edvan, ami teljesen term\u00e9szetes\u00a0 &#8211; jelentette ki dr. Budai Marianna.<\/p>\n<p>Az egyetem Szen\u00e1tusa a tehets\u00e9ges hallgat\u00f3inak felkutat\u00e1s\u00e1ra \u00e9s folyamatos gondoz\u00e1s\u00e1ra kor\u00e1bbi professzor\u00e1r\u00f3l, Kerpel-Fronius \u00d6d\u00f6nr\u0151l elnevezett <a href=\"http:\/\/kerpel.semmelweis.hu\/bemutatkozas.php\" target=\"_blank\" rel=\"noopener noreferrer\">tehets\u00e9ggondoz\u00f3 programot hozott l\u00e9tre<\/a> 2007-ben. A programban az egyetem <a href=\"http:\/\/kerpel.semmelweis.hu\/kivalosagi_lista.php\" target=\"_blank\" rel=\"noopener noreferrer\">Kiv\u00e1l\u00f3s\u00e1gi List\u00e1j\u00e1n<\/a> szerepl\u0151 magyar \u00e9s idegen nyelv\u0171 hallgat\u00f3k k\u00f6z\u00fcl azok vehetnek r\u00e9szt, akiket az egyetem Tehets\u00e9ggondoz\u00f3 Tan\u00e1csa szem\u00e9lyes elbesz\u00e9lget\u00e9s alapj\u00e1n arra m\u00e9lt\u00f3nak tart.<\/p>\n<p>T\u00f3th-Szab\u00f3 Szilvia<br \/>\n Fot\u00f3: Kov\u00e1cs Attila<\/p>\n","protected":false},"excerpt":{"rendered":"<p>H\u00e9t \u00e9vvel ezel\u0151tt mentork\u00e9nt \u00e9s hallgat\u00f3k\u00e9nt tal\u00e1lkoztak a Kerpel Programban, mostanra szoros bar\u00e1ts\u00e1g k\u00f6ti \u00f6ssze \u0151ket.\u00a0 Dr. Budai Marianna, a Gy\u00f3gyszer\u00e9szeti Int\u00e9zet adjunktusa, Dr. Balogh R\u00e9ka pedig a Doktori Iskola PhD-hallgat\u00f3ja. \u00daj sorozatunkban mentor-hallgat\u00f3 p\u00e1rokat mutatunk be a Kerpel-Fronius \u00d6d\u00f6n Tehets\u00e9ggondoz\u00f3 Programb\u00f3l.<\/p>\n","protected":false},"author":11,"featured_media":48777,"comment_status":"closed","ping_status":"closed","sticky":false,"template":"","format":"standard","meta":{"_acf_changed":false,"footnotes":""},"categories":[3533,168],"tags":[3846,3973,3445],"class_list":["post-48776","post","type-post","status-publish","format-standard","has-post-thumbnail","hentry","category-hallgatok-oktatas","category-kiemelt","tag-kerpel-program","tag-kerpel-sorozat","tag-tehetseg"],"acf":[],"_links":{"self":[{"href":"https:\/\/semmelweis.hu\/hirek\/wp-json\/wp\/v2\/posts\/48776","targetHints":{"allow":["GET"]}}],"collection":[{"href":"https:\/\/semmelweis.hu\/hirek\/wp-json\/wp\/v2\/posts"}],"about":[{"href":"https:\/\/semmelweis.hu\/hirek\/wp-json\/wp\/v2\/types\/post"}],"author":[{"embeddable":true,"href":"https:\/\/semmelweis.hu\/hirek\/wp-json\/wp\/v2\/users\/11"}],"replies":[{"embeddable":true,"href":"https:\/\/semmelweis.hu\/hirek\/wp-json\/wp\/v2\/comments?post=48776"}],"version-history":[{"count":6,"href":"https:\/\/semmelweis.hu\/hirek\/wp-json\/wp\/v2\/posts\/48776\/revisions"}],"predecessor-version":[{"id":74274,"href":"https:\/\/semmelweis.hu\/hirek\/wp-json\/wp\/v2\/posts\/48776\/revisions\/74274"}],"wp:featuredmedia":[{"embeddable":true,"href":"https:\/\/semmelweis.hu\/hirek\/wp-json\/wp\/v2\/media\/48777"}],"wp:attachment":[{"href":"https:\/\/semmelweis.hu\/hirek\/wp-json\/wp\/v2\/media?parent=48776"}],"wp:term":[{"taxonomy":"category","embeddable":true,"href":"https:\/\/semmelweis.hu\/hirek\/wp-json\/wp\/v2\/categories?post=48776"},{"taxonomy":"post_tag","embeddable":true,"href":"https:\/\/semmelweis.hu\/hirek\/wp-json\/wp\/v2\/tags?post=48776"}],"curies":[{"name":"wp","href":"https:\/\/api.w.org\/{rel}","templated":true}]}}