{"id":48638,"date":"2015-12-17T16:12:01","date_gmt":"2015-12-17T15:12:01","guid":{"rendered":"http:\/\/semmelweis.hu\/hirek\/?p=48638"},"modified":"2025-10-27T16:48:14","modified_gmt":"2025-10-27T15:48:14","slug":"nemzetkozi-projektektol-kepalkoto-berendezesek-beszerzeseig-tobb-mint-36-milliard-forintot-nyert-iden-az-egyetem-palyazatokon","status":"publish","type":"post","link":"https:\/\/semmelweis.hu\/hirek\/2015\/12\/17\/nemzetkozi-projektektol-kepalkoto-berendezesek-beszerzeseig-tobb-mint-36-milliard-forintot-nyert-iden-az-egyetem-palyazatokon\/","title":{"rendered":"Nemzetk\u00f6zi projektekt\u0151l k\u00e9palkot\u00f3 berendez\u00e9sek beszerz\u00e9s\u00e9ig \u2013 t\u00f6bb mint 3,6 milli\u00e1rd forintot nyert id\u00e9n az egyetem p\u00e1ly\u00e1zatokon"},"content":{"rendered":"<p>\u00d6sszesen k\u00f6zel 3,65 milli\u00e1rd forintot nyert el 13 k\u00fcl\u00f6nb\u00f6z\u0151 t\u00edpus\u00fa p\u00e1ly\u00e1zat keret\u00e9ben a Semmelweis Egyetem 2015 els\u0151 tizenegy h\u00f3napj\u00e1ban \u2013 mondta el dr. Farkas Lilla Merc\u00e9desz innov\u00e1ci\u00f3s igazgat\u00f3. Mint hozz\u00e1tette, ezzel az egyetem neh\u00e9z p\u00e1ly\u00e1zati helyzete ellen\u00e9re siker\u00fclt szinten tartani, s\u0151t, ugyanazon projektt\u00edpusok \u00f6sszehasonl\u00edt\u00e1s\u00e1ban mintegy 200 milli\u00f3 forinttal meghaladni a tavalyi eredm\u00e9nyt.<\/p>\n<p>Sikerrel indult egyebek mellett az egyetem az Eur\u00f3pai Uni\u00f3 k\u00e9t nagy preszt\u00edzs\u0171 programja keret\u00e9ben ki\u00edrt p\u00e1ly\u00e1zaton (3rd Health, Horizon 2020 ERC alprogramja), melyekben a hazai orvosk\u00e9pz\u00e9ssel foglalkoz\u00f3 egyetemek k\u00f6z\u00fcl egyed\u00fcl a Semmelweis vesz r\u00e9szt. Az \u00fan. 3rd Health Programme keret\u00e9ben az Eg\u00e9szs\u00e9g\u00fcgyi Menedzserk\u00e9pz\u0151 K\u00f6zpont dr. Sz\u00f3cska Mikl\u00f3s vezet\u00e9s\u00e9vel eHealth h\u00e1l\u00f3zat ki\u00e9p\u00edt\u00e9s\u00e9n dolgozhat a konzorciumi tagok, illetve a hozz\u00e1juk tartoz\u00f3 int\u00e9zm\u00e9nyek k\u00f6zti megfelel\u0151 adatkommunik\u00e1ci\u00f3 \u00e9rdek\u00e9ben. A Genomikai Medicina \u00e9s Ritka Betegs\u00e9gek Int\u00e9zete dr. Moln\u00e1r M\u00e1ria Judit vezet\u00e9s\u00e9vel a ritka betegs\u00e9gekkel foglalkoz\u00f3 Orphanet adatb\u00e1zis ki\u00e9p\u00edt\u00e9s\u00e9t, tov\u00e1bbfejleszt\u00e9s\u00e9t, illetve nemzeti nyelvekre val\u00f3 leford\u00edt\u00e1s\u00e1t kezdhette el. A European Research Council (ERC) p\u00e1ly\u00e1zat\u00e1n az I. Sz. Patol\u00f3giai \u00e9s K\u00eds\u00e9rleti R\u00e1kkutat\u00f3 Int\u00e9zet nyert t\u00e1mogat\u00e1st dr. Matolcsy Andr\u00e1s \u00e9s dr. S\u00e1pi Zolt\u00e1n vezet\u00e9s\u00e9vel. A projekt a r\u00e1ksejtek elburj\u00e1nz\u00e1s\u00e1nak megf\u00e9kez\u00e9s\u00e9re koncentr\u00e1l, gy\u00f3gyszeres kezel\u00e9s kifejleszt\u00e9s\u00e9n dolgoznak az \u00d3budai Egyetemmel k\u00f6z\u00f6sen egy interdiszciplin\u00e1ris megk\u00f6zel\u00edt\u00e9st alkalmazva, amely \u00f6tv\u00f6zi a m\u00e9rn\u00f6ki matematika, a sz\u00e1m\u00edt\u00e1stechnika \u00e9s az orvostudom\u00e1ny ter\u00fclet\u00e9n szerzett tud\u00e1st.<\/p>\n<p><a href=\"https:\/\/semmelweis.hu\/hirek\/files\/2015\/12\/RS39614_KA-20151127-IMG_4979-scr.jpg\" rel=\"attachment wp-att-48639\"><img loading=\"lazy\" decoding=\"async\" class=\"alignright size-medium wp-image-48639\" src=\"https:\/\/semmelweis.hu\/hirek\/files\/2015\/12\/RS39614_KA-20151127-IMG_4979-scr-300x200.jpg\" alt=\"RS39614_KA-20151127-IMG_4979-scr\" width=\"300\" height=\"200\" srcset=\"https:\/\/semmelweis.hu\/hirek\/files\/2015\/12\/RS39614_KA-20151127-IMG_4979-scr-300x200.jpg 300w, https:\/\/semmelweis.hu\/hirek\/files\/2015\/12\/RS39614_KA-20151127-IMG_4979-scr-768x512.jpg 768w, https:\/\/semmelweis.hu\/hirek\/files\/2015\/12\/RS39614_KA-20151127-IMG_4979-scr-600x400.jpg 600w, https:\/\/semmelweis.hu\/hirek\/files\/2015\/12\/RS39614_KA-20151127-IMG_4979-scr-450x300.jpg 450w, https:\/\/semmelweis.hu\/hirek\/files\/2015\/12\/RS39614_KA-20151127-IMG_4979-scr.jpg 950w\" sizes=\"auto, (max-width: 300px) 100vw, 300px\" \/><\/a>2015-ben \u00f6sszesen 1,3 milli\u00e1rd forintot nyert a KEOP p\u00e1ly\u00e1zaton az egyetem \u00faj, modern \u00e9s energiatakar\u00e9kos k\u00e9palkot\u00f3 berendez\u00e9sekre, melynek keret\u00e9ben nyolc \u00faj r\u00f6ntgenk\u00e9sz\u00fcl\u00e9k \u00e9s egy 3 tesl\u00e1s MR ker\u00fcl h\u00e9t k\u00fcl\u00f6nb\u00f6z\u0151 klinik\u00e1ra m\u00e9g az \u00e9v v\u00e9g\u00e9ig. A Fels\u0151oktat\u00e1si Struktur\u00e1lis Alapb\u00f3l nyert t\u00e1mogat\u00e1snak k\u00f6sz\u00f6nhet\u0151en 500 milli\u00f3 forint \u00e9rt\u00e9kben hajthat v\u00e9gre infrastruktur\u00e1lis fejleszt\u00e9seket az egyetem.<\/p>\n<p>Mint azt dr. Farkas Lilla Merc\u00e9desz elmondta, orsz\u00e1gos szinten hagyom\u00e1nyosan vezet\u0151k vagyunk az OTKA (Orsz\u00e1gos Tudom\u00e1nyos Kutat\u00e1si Alapprogram) p\u00e1ly\u00e1zatokban, id\u00e9n 22 egyetemi kutat\u00f3 740 milli\u00f3 forintot nyert el ennek keret\u00e9ben. K\u00e9t semmelweises kutat\u00f3t v\u00e1lasztottak be id\u00e9n a Lend\u00fclet programba: dr. B\u00f6d\u00f6r Csaba \u00e9s dr. Tory K\u00e1lm\u00e1n ind\u00edthat kutat\u00f3csoportot az akad\u00e9miai t\u00e1mogat\u00e1s seg\u00edts\u00e9g\u00e9vel.<\/p>\n<p>A nagyobb jelent\u0151s\u00e9g\u0171 2015-\u00f6s p\u00e1ly\u00e1zatok k\u00f6z\u00fcl kiemelhet\u0151 m\u00e9g k\u00e9t T\u00e1rsadalmi Meg\u00fajul\u00e1s Operat\u00edv Program (T\u00c1MOP, el\u0151z\u0151 peri\u00f3dus z\u00e1r\u00f3 ki\u00edr\u00e1sai) keret\u00e9ben nyertes projekt. Az egyikben az Eszterh\u00e1zy K\u00e1roly F\u0151iskol\u00e1val m\u0171k\u00f6dik egy\u00fctt a Semmelweis Egyetem az Eg\u00e9szs\u00e9ges \u00c9let &#8211; Innov\u00e1ci\u00f3s k\u00f6rnyezet \u00e9s szakmai h\u00e1l\u00f3zat fejleszt\u00e9se \u00e9rdek\u00e9ben. A k\u00f6z\u00f6s p\u00e1ly\u00e1zat egyik f\u0151 pill\u00e9re az egri Eg\u00e9szs\u00e9gfejleszt\u00e9si \u00e9s Sporttudom\u00e1nyi Tud\u00e1sk\u00f6zpont profilj\u00e1nak kialak\u00edt\u00e1sa volt.<\/p>\n<p>A m\u00e1sik T\u00c1MOP-p\u00e1ly\u00e1zat c\u00e9lja a t\u00e1rsadalmi innov\u00e1ci\u00f3, valamint a t\u00e1rsadalmi, m\u0171szaki, oktat\u00e1si \u00e9s kutat\u00e1si h\u00e1l\u00f3zatok egy\u00fcttm\u0171k\u00f6d\u00e9s\u00e9nek er\u0151s\u00edt\u00e9se Salg\u00f3tarj\u00e1nban egy K\u00f6z\u00f6ss\u00e9gi Fels\u0151oktat\u00e1si K\u00e9pz\u0151 K\u00f6zpont l\u00e9trehoz\u00e1s\u00e1ra. Az \u00d3budai Egyetem \u00e9s Salg\u00f3tarj\u00e1n k\u00f6z\u00f6s projektje keret\u00e9ben a SE Ment\u00e1lhigi\u00e9n\u00e9 Int\u00e9zet egy K\u00f6z\u00f6ss\u00e9gi \u00e9s csal\u00e1d medi\u00e1ci\u00f3 szakir\u00e1ny\u00fa tov\u00e1bbk\u00e9pz\u00e9st k\u00e9sz\u00edtett el\u0151.<\/p>\n<p><a href=\"https:\/\/semmelweis.hu\/hirek\/files\/2015\/12\/RS31534_KA-20150521-IMG_2082-farkas-lilla-scr.jpg\" rel=\"attachment wp-att-48640\"><img loading=\"lazy\" decoding=\"async\" class=\"alignleft size-medium wp-image-48640\" src=\"https:\/\/semmelweis.hu\/hirek\/files\/2015\/12\/RS31534_KA-20150521-IMG_2082-farkas-lilla-scr-300x200.jpg\" alt=\"RS31534_KA-20150521-IMG_2082-farkas-lilla-scr\" width=\"300\" height=\"200\" srcset=\"https:\/\/semmelweis.hu\/hirek\/files\/2015\/12\/RS31534_KA-20150521-IMG_2082-farkas-lilla-scr-300x200.jpg 300w, https:\/\/semmelweis.hu\/hirek\/files\/2015\/12\/RS31534_KA-20150521-IMG_2082-farkas-lilla-scr-768x512.jpg 768w, https:\/\/semmelweis.hu\/hirek\/files\/2015\/12\/RS31534_KA-20150521-IMG_2082-farkas-lilla-scr-600x400.jpg 600w, https:\/\/semmelweis.hu\/hirek\/files\/2015\/12\/RS31534_KA-20150521-IMG_2082-farkas-lilla-scr-450x300.jpg 450w, https:\/\/semmelweis.hu\/hirek\/files\/2015\/12\/RS31534_KA-20150521-IMG_2082-farkas-lilla-scr.jpg 950w\" sizes=\"auto, (max-width: 300px) 100vw, 300px\" \/><\/a>Dr. Farkas Lilla Merc\u00e9desz elmondta, a Semmelweis Egyetem sz\u00e1m\u00e1ra p\u00e1ly\u00e1zati \u00faton elnyerhet\u0151 t\u00e1mogat\u00e1sok 3 csoportba sorolhat\u00f3k: tiszt\u00e1n hazai k\u00f6zfinansz\u00edroz\u00e1s\u00fa, hazai \u00e9s k\u00fclf\u00f6ldi t\u00e1rsfinansz\u00edroz\u00e1s\u00fa, valamint csak k\u00fclf\u00f6ldi finansz\u00edroz\u00e1s\u00fa p\u00e1ly\u00e1zatok. Mivel az int\u00e9zm\u00e9ny k\u00f6zponti fekv\u00e9se miatt elesik a konvergencia r\u00e9gi\u00f3t \u00e9rint\u0151 uni\u00f3s t\u00e1rsfinansz\u00edroz\u00e1s\u00fa \u00a0p\u00e1ly\u00e1zatokt\u00f3l, a relev\u00e1ns p\u00e1ly\u00e1zatok ki\u00edr\u00e1sa pedig a jelen p\u00e1ly\u00e1zati ciklusra vonatkoz\u00f3an jelent\u0151sen k\u00e9sik, az egyetem a k\u00fclf\u00f6ldi p\u00e1ly\u00e1zatok ter\u00e9n (pl. Horizon2020) k\u00edv\u00e1nja er\u0151s\u00edteni versenyk\u00e9pess\u00e9g\u00e9t \u00a0\u2013 hangs\u00falyozta az igazgat\u00f3, aki szerint a m\u00e1sik kiugr\u00e1si lehet\u0151s\u00e9g a vid\u00e9ki telephelyek \u00e9sszer\u0171 l\u00e9trehoz\u00e1sa megfelel\u0151 egy\u00fcttm\u0171k\u00f6d\u00e9sek keret\u00e9ben. Ennek \u00e9rdek\u00e9ben az idei \u00e9vben meg\u00faj\u00edtotta az egyetem a N\u00f3gr\u00e1d megy\u00e9vel k\u00f6t\u00f6tt <a href=\"https:\/\/semmelweis.hu\/hirek\/2015\/11\/05\/egyuttmukodes-a-semmelweis-egyetem-es-a-nograd-megye-onkormanyzat-kozott\/\" target=\"_blank\" rel=\"noopener noreferrer\">egy\u00fcttm\u0171k\u00f6d\u00e9si meg\u00e1llapod\u00e1st<\/a> is. Az igazgat\u00f3 kiemelte: a sikeres p\u00e1ly\u00e1zatok sz\u00e1m\u00e1nak n\u00f6vel\u00e9se \u00e9rdek\u00e9ben az Innov\u00e1ci\u00f3s Igazgat\u00f3s\u00e1g folyamatosan t\u00e1j\u00e9koztatja az egyetemi polg\u00e1rokat a p\u00e1ly\u00e1zati lehet\u0151s\u00e9gekr\u0151l, ki\u00edr\u00e1sokr\u00f3l \u00e9s sz\u00e9lesk\u00f6r\u0171 szolg\u00e1ltat\u00e1st ny\u00fajtanak a p\u00e1ly\u00e1z\u00f3knak.<\/p>\n<p>Dobozi P\u00e1lma<br \/>\nFot\u00f3: Kov\u00e1cs Attila, Semmelweis Egyetem<\/p>\n","protected":false},"excerpt":{"rendered":"<p>\u00d6sszesen k\u00f6zel 3,65 milli\u00e1rd forintot nyert el 13 k\u00fcl\u00f6nb\u00f6z\u0151 t\u00edpus\u00fa p\u00e1ly\u00e1zat keret\u00e9ben a Semmelweis Egyetem 2015 els\u0151 tizenegy h\u00f3napj\u00e1ban \u2013 mondta el dr. Farkas Lilla Merc\u00e9desz innov\u00e1ci\u00f3s igazgat\u00f3. Mint hozz\u00e1tette, ezzel az egyetem neh\u00e9z p\u00e1ly\u00e1zati helyzete ellen\u00e9re siker\u00fclt szinten tartani, s\u0151t, ugyanazon projektt\u00edpusok \u00f6sszehasonl\u00edt\u00e1s\u00e1ban mintegy 200 milli\u00f3 forinttal meghaladni a tavalyi eredm\u00e9nyt. Sikerrel indult egyebek &hellip;<\/p>\n","protected":false},"author":13,"featured_media":0,"comment_status":"closed","ping_status":"closed","sticky":false,"template":"","format":"standard","meta":{"_acf_changed":false,"footnotes":""},"categories":[161,168],"tags":[4234,3365,189],"class_list":["post-48638","post","type-post","status-publish","format-standard","hentry","category-tudomany","category-kiemelt","tag-aktualitasok","tag-kancellar-hirei","tag-innovacio"],"acf":[],"_links":{"self":[{"href":"https:\/\/semmelweis.hu\/hirek\/wp-json\/wp\/v2\/posts\/48638","targetHints":{"allow":["GET"]}}],"collection":[{"href":"https:\/\/semmelweis.hu\/hirek\/wp-json\/wp\/v2\/posts"}],"about":[{"href":"https:\/\/semmelweis.hu\/hirek\/wp-json\/wp\/v2\/types\/post"}],"author":[{"embeddable":true,"href":"https:\/\/semmelweis.hu\/hirek\/wp-json\/wp\/v2\/users\/13"}],"replies":[{"embeddable":true,"href":"https:\/\/semmelweis.hu\/hirek\/wp-json\/wp\/v2\/comments?post=48638"}],"version-history":[{"count":4,"href":"https:\/\/semmelweis.hu\/hirek\/wp-json\/wp\/v2\/posts\/48638\/revisions"}],"predecessor-version":[{"id":159687,"href":"https:\/\/semmelweis.hu\/hirek\/wp-json\/wp\/v2\/posts\/48638\/revisions\/159687"}],"wp:attachment":[{"href":"https:\/\/semmelweis.hu\/hirek\/wp-json\/wp\/v2\/media?parent=48638"}],"wp:term":[{"taxonomy":"category","embeddable":true,"href":"https:\/\/semmelweis.hu\/hirek\/wp-json\/wp\/v2\/categories?post=48638"},{"taxonomy":"post_tag","embeddable":true,"href":"https:\/\/semmelweis.hu\/hirek\/wp-json\/wp\/v2\/tags?post=48638"}],"curies":[{"name":"wp","href":"https:\/\/api.w.org\/{rel}","templated":true}]}}