{"id":48031,"date":"2015-11-23T17:21:07","date_gmt":"2015-11-23T16:21:07","guid":{"rendered":"http:\/\/semmelweis.hu\/hirek\/?p=48031"},"modified":"2018-02-21T15:42:23","modified_gmt":"2018-02-21T14:42:23","slug":"semmelweises-elismeresek-a-xxxii-otdk-unnepelyes-zaroulesen","status":"publish","type":"post","link":"https:\/\/semmelweis.hu\/hirek\/2015\/11\/23\/semmelweises-elismeresek-a-xxxii-otdk-unnepelyes-zaroulesen\/","title":{"rendered":"Semmelweises elismer\u00e9sek a XXXII. OTDK \u00fcnnep\u00e9lyes z\u00e1r\u00f3\u00fcl\u00e9s\u00e9n"},"content":{"rendered":"<p>A XXXII. Orsz\u00e1gos Tudom\u00e1nyos Di\u00e1kk\u00f6ri Konferenci\u00e1nak \u00fcnnepi z\u00e1r\u00f3\u00fcl\u00e9s\u00e9t tartotta az Orsz\u00e1gos Tudom\u00e1nyos Di\u00e1kk\u00f6ri Tan\u00e1cs (OTDT) a Magyar Tudom\u00e1nyos Akad\u00e9mia D\u00edszterm\u00e9ben, melyen t\u00f6bb Semmelweises hallgat\u00f3t \u00e9s oktat\u00f3t is d\u00edjaztak. A rendezv\u00e9nyen a legkiemelked\u0151bb eredm\u00e9nyeket el\u00e9r\u0151 47 fiatal di\u00e1ktud\u00f3s, illetve a tudom\u00e1nyos di\u00e1kk\u00f6ri tev\u00e9kenys\u00e9get elk\u00f6telezetten \u00e9s eredm\u00e9nyesen t\u00e1mogat\u00f3 54 oktat\u00f3, kutat\u00f3 munk\u00e1j\u00e1t ismerte el az OTDT.<\/p>\n<p><a href=\"https:\/\/semmelweis.hu\/hirek\/files\/2015\/11\/RS39513_KA-20151119-IMG_3599-scr.jpg\"><img loading=\"lazy\" decoding=\"async\" class=\"alignleft size-medium wp-image-48033\" src=\"https:\/\/semmelweis.hu\/hirek\/files\/2015\/11\/RS39513_KA-20151119-IMG_3599-scr-300x200.jpg\" alt=\"RS39513_KA-20151119-IMG_3599-scr\" width=\"300\" height=\"200\" srcset=\"https:\/\/semmelweis.hu\/hirek\/files\/2015\/11\/RS39513_KA-20151119-IMG_3599-scr-300x200.jpg 300w, https:\/\/semmelweis.hu\/hirek\/files\/2015\/11\/RS39513_KA-20151119-IMG_3599-scr-600x400.jpg 600w, https:\/\/semmelweis.hu\/hirek\/files\/2015\/11\/RS39513_KA-20151119-IMG_3599-scr-450x300.jpg 450w, https:\/\/semmelweis.hu\/hirek\/files\/2015\/11\/RS39513_KA-20151119-IMG_3599-scr.jpg 950w\" sizes=\"auto, (max-width: 300px) 100vw, 300px\" \/><\/a>Pro Scientia eml\u00e9k\u00e9rmet vehetett dr. Lov\u00e1sz L\u00e1szl\u00f3t\u00f3l, a Magyar Tudom\u00e1nyos Akad\u00e9mia eln\u00f6k\u00e9t\u0151l Kellermayer Dalma (t\u00e9mavezet\u0151 dr. Radovits Tam\u00e1s) \u00e9s Kolossv\u00e1ry M\u00e1rton (t\u00e9mavezet\u0151 dr. Maurovich-Horvat P\u00e1l). Mestertan\u00e1ri elismer\u00e9st kapott dr. M\u00f3csai Attila egyetemi tan\u00e1r (\u00c9lettani Int\u00e9zet) dr. Sz\u00f6k\u0151 \u00c9va egyetemi tan\u00e1r (Gy\u00f3gyszerhat\u00e1stani Int\u00e9zet) \u00e9s dr. Sz\u0151ke \u00c9va egyetemi tan\u00e1r, a d\u00edjat dr. Palkovics L\u00e1szl\u00f3 fels\u0151oktat\u00e1s\u00e9rt felel\u0151s \u00e1llamtitk\u00e1r adta \u00e1t.<\/p>\n<p><a href=\"https:\/\/semmelweis.hu\/hirek\/files\/2015\/11\/RS39518_KA-20151119-IMG_3585-scr.jpg\"><img loading=\"lazy\" decoding=\"async\" class=\"alignright size-medium wp-image-48037\" src=\"https:\/\/semmelweis.hu\/hirek\/files\/2015\/11\/RS39518_KA-20151119-IMG_3585-scr-300x200.jpg\" alt=\"RS39518_KA-20151119-IMG_3585-scr\" width=\"300\" height=\"200\" srcset=\"https:\/\/semmelweis.hu\/hirek\/files\/2015\/11\/RS39518_KA-20151119-IMG_3585-scr-300x200.jpg 300w, https:\/\/semmelweis.hu\/hirek\/files\/2015\/11\/RS39518_KA-20151119-IMG_3585-scr-600x400.jpg 600w, https:\/\/semmelweis.hu\/hirek\/files\/2015\/11\/RS39518_KA-20151119-IMG_3585-scr-450x300.jpg 450w, https:\/\/semmelweis.hu\/hirek\/files\/2015\/11\/RS39518_KA-20151119-IMG_3585-scr.jpg 950w\" sizes=\"auto, (max-width: 300px) 100vw, 300px\" \/><\/a>Dr. Merkely B\u00e9la klinikai rektorhelyettes az XXXII. OTDK Orvos \u00e9s Eg\u00e9szs\u00e9gtudom\u00e1nyi Szekci\u00f3j\u00e1nak \u00fcgyvezet\u0151 eln\u00f6kek\u00e9nt k\u00f6sz\u00f6n\u0151 oklevelet vehetett \u00e1t.<a href=\"https:\/\/semmelweis.hu\/hirek\/2015\/04\/03\/atadtak-az-otdk-orvos-es-egeszsegtudomany-szekcio-dijait\/\" target=\"_blank\" rel=\"noopener\"> A szekci\u00f3nak 2015-ben a Semmelweis Egyetem adott otthont.<\/a><\/p>\n<p>Az idei OTDK szekci\u00f3\u00fcl\u00e9sein nagyj\u00e1b\u00f3l tizen\u00f6tezren vettek r\u00e9szt. A 16 tudom\u00e1nyter\u00fcleti szekci\u00f3 525 tagozat\u00e1ban 4602 p\u00e1lyamunk\u00e1t \u00e9s alkot\u00e1st mutattak be, amelyek k\u00f6z\u00fcl 1499 \u00e9rt el min\u0151s\u00edtett els\u0151, m\u00e1sodik vagy harmadik helyez\u00e9st.<\/p>\n<p>T\u00f3th-Szab\u00f3 Szilvia<br \/>\n Fot\u00f3: Kov\u00e1cs Attila<\/p>\n\r\n        [slb_exclude]\r\n        <div class=\"row galeria-wrapper mx-0 h-auto\">\r\n            <div class=\"col-9 pl-0 pr-2\">\r\n            <span class=\"gallery-item frame\">\r\n\t\t\t\t<div class=\"galeria-left-img\"><a href=\"https:\/\/semmelweis.hu\/hirek\/files\/2015\/11\/RS39504_KA-20151119-IMG_3629-scr.jpg\"><img src=https:\/\/semmelweis.hu\/hirek\/files\/2015\/11\/RS39504_KA-20151119-IMG_3629-scr.jpg  \r\n                            alt=\"\" \r\n                            class=\"attachment-sote-gallery-big size-sote-gallery-big\" \r\n                            srcset=\"https:\/\/semmelweis.hu\/hirek\/files\/2015\/11\/RS39504_KA-20151119-IMG_3629-scr-300x200.jpg 300w, https:\/\/semmelweis.hu\/hirek\/files\/2015\/11\/RS39504_KA-20151119-IMG_3629-scr-600x400.jpg 600w, https:\/\/semmelweis.hu\/hirek\/files\/2015\/11\/RS39504_KA-20151119-IMG_3629-scr-450x300.jpg 450w, https:\/\/semmelweis.hu\/hirek\/files\/2015\/11\/RS39504_KA-20151119-IMG_3629-scr.jpg 950w\" ><\/a><\/div>\r\n            <\/span>\r\n\r\n            <\/div>\r\n\r\n\t\t\t<div class=\"col-3 pl-0 pr-0\">\r\n\t\t\t\t<div class=\"galeria-right-img d-flex justify-content-between flex-column h-100 w-100 px-0 mx-0 \">\r\n                <div class=\"galeria-box\">\r\n\t\t\t\t\t<h3 class=\"galeria-title\">Gal\u00e9ria<\/h3>\r\n\t\t\t\t\t<div class=\"galeria-subtitle\">\r\n\r\n\t\t\t\t\t\t<div class=\"galeria-page-counter\"><span>4<\/span>k\u00e9p<\/div>\r\n                    <\/div> <\/div>\r\n                    <span class=\"gallery-item frame d-none d-md-flex\">\r\n\t\t\t\t\t<div class=\"galeria-small-img mt-0\"><a href=\"https:\/\/semmelweis.hu\/hirek\/files\/2015\/11\/RS39509_KA-20151119-IMG_3611-scr.jpg\"><img src=https:\/\/semmelweis.hu\/hirek\/files\/2015\/11\/RS39509_KA-20151119-IMG_3611-scr.jpg \r\n                                alt=\"\"  \r\n                                class=\"attachment-sote-gallery-small size-sote-gallery-small\" \r\n                                srcset=\"https:\/\/semmelweis.hu\/hirek\/files\/2015\/11\/RS39509_KA-20151119-IMG_3611-scr-300x200.jpg 300w, https:\/\/semmelweis.hu\/hirek\/files\/2015\/11\/RS39509_KA-20151119-IMG_3611-scr-600x400.jpg 600w, https:\/\/semmelweis.hu\/hirek\/files\/2015\/11\/RS39509_KA-20151119-IMG_3611-scr-450x300.jpg 450w, https:\/\/semmelweis.hu\/hirek\/files\/2015\/11\/RS39509_KA-20151119-IMG_3611-scr.jpg 950w\" ><\/a><\/div>\r\n                    <\/span>\r\n                    <span class=\"gallery-item frame d-none d-md-flex\">\r\n\t\t\t\t\t<div class=\"galeria-small-img mt-0\"><a href=\"https:\/\/semmelweis.hu\/hirek\/files\/2015\/11\/RS39526_KA-20151119-IMG_3532-scr.jpg\"><img src=https:\/\/semmelweis.hu\/hirek\/files\/2015\/11\/RS39526_KA-20151119-IMG_3532-scr.jpg \r\n                                alt=\"\" \r\n                                class=\"attachment-sote-gallery-small size-sote-gallery-small\" \r\n                                srcset=\"https:\/\/semmelweis.hu\/hirek\/files\/2015\/11\/RS39526_KA-20151119-IMG_3532-scr-300x200.jpg 300w, https:\/\/semmelweis.hu\/hirek\/files\/2015\/11\/RS39526_KA-20151119-IMG_3532-scr-600x400.jpg 600w, https:\/\/semmelweis.hu\/hirek\/files\/2015\/11\/RS39526_KA-20151119-IMG_3532-scr-450x300.jpg 450w, https:\/\/semmelweis.hu\/hirek\/files\/2015\/11\/RS39526_KA-20151119-IMG_3532-scr.jpg 950w\" ><\/a><\/div>\r\n                    <\/span>\r\n\r\n                <\/div>\r\n\r\n            <\/div>\r\n\r\n            <span class=\"gallery-item\"><div class=\"hidden\"><a href=\"https:\/\/semmelweis.hu\/hirek\/files\/2015\/11\/RS39529_KA-20151119-IMG_3519-scr.jpg\">\r\n        <img src=https:\/\/semmelweis.hu\/hirek\/files\/2015\/11\/RS39529_KA-20151119-IMG_3519-scr.jpg alt=\"\" class=\"attachment-sote-gallery-big size-sote-gallery-big\" srcset=\"https:\/\/semmelweis.hu\/hirek\/files\/2015\/11\/RS39529_KA-20151119-IMG_3519-scr-300x200.jpg 300w, https:\/\/semmelweis.hu\/hirek\/files\/2015\/11\/RS39529_KA-20151119-IMG_3519-scr-600x400.jpg 600w, https:\/\/semmelweis.hu\/hirek\/files\/2015\/11\/RS39529_KA-20151119-IMG_3519-scr-450x300.jpg 450w, https:\/\/semmelweis.hu\/hirek\/files\/2015\/11\/RS39529_KA-20151119-IMG_3519-scr.jpg 950w\" >\r\n        <\/a><\/div><\/span>\r\n            <\/div>\r\n\r\n            [\/slb_exclude]\r\n\t\n","protected":false},"excerpt":{"rendered":"<p>A XXXII. Orsz\u00e1gos Tudom\u00e1nyos Di\u00e1kk\u00f6ri Konferenci\u00e1nak \u00fcnnepi z\u00e1r\u00f3\u00fcl\u00e9s\u00e9t tartotta az Orsz\u00e1gos Tudom\u00e1nyos Di\u00e1kk\u00f6ri Tan\u00e1cs (OTDT) a Magyar Tudom\u00e1nyos Akad\u00e9mia D\u00edszterm\u00e9ben, melyen t\u00f6bb Semmelweises hallgat\u00f3t \u00e9s oktat\u00f3t is d\u00edjaztak. A rendezv\u00e9nyen a legkiemelked\u0151bb eredm\u00e9nyeket el\u00e9r\u0151 47 fiatal di\u00e1ktud\u00f3s, illetve a tudom\u00e1nyos di\u00e1kk\u00f6ri tev\u00e9kenys\u00e9get elk\u00f6telezetten \u00e9s eredm\u00e9nyesen t\u00e1mogat\u00f3 54 oktat\u00f3, kutat\u00f3 munk\u00e1j\u00e1t ismerte el az OTDT. <a href=\"https:\/\/semmelweis.hu\/hirek\/files\/2015\/11\/RS39513_KA-20151119-IMG_3599-scr.jpg\"><\/a> Pro &hellip;<\/p>\n","protected":false},"author":11,"featured_media":48034,"comment_status":"closed","ping_status":"closed","sticky":false,"template":"","format":"standard","meta":{"_acf_changed":false,"footnotes":""},"categories":[3533,168],"tags":[2569,3444,2946],"class_list":["post-48031","post","type-post","status-publish","format-standard","has-post-thumbnail","hentry","category-hallgatok-oktatas","category-kiemelt","tag-galeria","tag-oktatas","tag-otdk"],"acf":[],"_links":{"self":[{"href":"https:\/\/semmelweis.hu\/hirek\/wp-json\/wp\/v2\/posts\/48031","targetHints":{"allow":["GET"]}}],"collection":[{"href":"https:\/\/semmelweis.hu\/hirek\/wp-json\/wp\/v2\/posts"}],"about":[{"href":"https:\/\/semmelweis.hu\/hirek\/wp-json\/wp\/v2\/types\/post"}],"author":[{"embeddable":true,"href":"https:\/\/semmelweis.hu\/hirek\/wp-json\/wp\/v2\/users\/11"}],"replies":[{"embeddable":true,"href":"https:\/\/semmelweis.hu\/hirek\/wp-json\/wp\/v2\/comments?post=48031"}],"version-history":[{"count":4,"href":"https:\/\/semmelweis.hu\/hirek\/wp-json\/wp\/v2\/posts\/48031\/revisions"}],"predecessor-version":[{"id":71547,"href":"https:\/\/semmelweis.hu\/hirek\/wp-json\/wp\/v2\/posts\/48031\/revisions\/71547"}],"wp:featuredmedia":[{"embeddable":true,"href":"https:\/\/semmelweis.hu\/hirek\/wp-json\/wp\/v2\/media\/48034"}],"wp:attachment":[{"href":"https:\/\/semmelweis.hu\/hirek\/wp-json\/wp\/v2\/media?parent=48031"}],"wp:term":[{"taxonomy":"category","embeddable":true,"href":"https:\/\/semmelweis.hu\/hirek\/wp-json\/wp\/v2\/categories?post=48031"},{"taxonomy":"post_tag","embeddable":true,"href":"https:\/\/semmelweis.hu\/hirek\/wp-json\/wp\/v2\/tags?post=48031"}],"curies":[{"name":"wp","href":"https:\/\/api.w.org\/{rel}","templated":true}]}}