{"id":46618,"date":"2015-10-19T19:39:48","date_gmt":"2015-10-19T17:39:48","guid":{"rendered":"http:\/\/semmelweis.hu\/hirek\/?p=46618"},"modified":"2015-10-20T09:25:19","modified_gmt":"2015-10-20T07:25:19","slug":"fogaszati-rendelo-mozgaskorlatozott-betegeknek","status":"publish","type":"post","link":"https:\/\/semmelweis.hu\/hirek\/2015\/10\/19\/fogaszati-rendelo-mozgaskorlatozott-betegeknek\/","title":{"rendered":"Fog\u00e1szati rendel\u0151 mozg\u00e1skorl\u00e1tozott betegeknek"},"content":{"rendered":"<p>\u00c1tadt\u00e1k az Orsz\u00e1gos Orvosi Rehabilit\u00e1ci\u00f3s Int\u00e9zet (OORI) \u00e9s a Semmelweis Egyetem (SE) k\u00f6z\u00f6s fog\u00e1szati rendel\u0151j\u00e9t, mely teljes k\u00f6r\u0171 \u00a0ell\u00e1t\u00e1st ny\u00fajt a mozg\u00e1sukban akad\u00e1lyozott betegeknek. Az \u00f6tmilli\u00f3 forintos k\u00f6lts\u00e9get a k\u00e9t int\u00e9zm\u00e9ny k\u00f6z\u00f6sen \u00e1llta.<\/p>\n<p><a href=\"https:\/\/semmelweis.hu\/hirek\/files\/2015\/10\/F1019336.jpg\"><img loading=\"lazy\" decoding=\"async\" class=\"alignleft size-medium wp-image-46619\" src=\"https:\/\/semmelweis.hu\/hirek\/files\/2015\/10\/F1019336-300x200.jpg\" alt=\"F1019336\" width=\"300\" height=\"200\" srcset=\"https:\/\/semmelweis.hu\/hirek\/files\/2015\/10\/F1019336-300x200.jpg 300w, https:\/\/semmelweis.hu\/hirek\/files\/2015\/10\/F1019336-600x400.jpg 600w, https:\/\/semmelweis.hu\/hirek\/files\/2015\/10\/F1019336-451x300.jpg 451w\" sizes=\"auto, (max-width: 300px) 100vw, 300px\" \/><\/a><\/p>\n<p>Az \u00e1tad\u00f3 \u00fcnneps\u00e9gen dr. Kivovics P\u00e9ter, a\u00a0SE\u00a0Fog\u00e1szati \u00e9s Sz\u00e1jseb\u00e9szeti Orsz\u00e1gos Int\u00e9zet\u00e9nek igazgat\u00f3ja arr\u00f3l besz\u00e9lt, hogy a fog\u00e1szati ell\u00e1t\u00e1son t\u00fal az int\u00e9zet munkat\u00e1rsai szint\u00e9n egyed\u00fcl\u00e1ll\u00f3 sz\u00e1jhigi\u00e9n\u00e9s \u00e9s fog\u00e1szati eg\u00e9szs\u00e9gnevel\u00e9st is megkezdenek az int\u00e9zm\u00e9nyben kezelt, rehabilit\u00e1lt betegek k\u00f6r\u00e9ben. A\u00a0k\u00f6z\u00f6sen m\u0171k\u00f6dtetett rendel\u0151 kialak\u00edt\u00e1s\u00e1t a k\u00e9t int\u00e9zm\u00e9ny saj\u00e1t er\u0151b\u0151l val\u00f3s\u00edtotta meg &#8211; mondta dr. Cserh\u00e1ti P\u00e9ter, az OORI f\u0151igazgat\u00f3ja\u00a0a rendezv\u00e9nyen.<\/p>\n<p>Az \u00fcnneps\u00e9gen r\u00e9szt vett Balog Zolt\u00e1n emberi er\u0151forr\u00e1s miniszter, aki arr\u00f3l besz\u00e9lt:\u00a0fontos nemzetstrat\u00e9giai k\u00e9rd\u00e9s, hogy akik a s\u00e9r\u00fcl\u00e9s\u00fck ut\u00e1n visszat\u00e9rhetnek a munka vil\u00e1g\u00e1ba, ezt min\u00e9l jobb \u00e1llapotban megtehess\u00e9k.<\/p>\n<p>Forr\u00e1s: kormany.hu<\/p>\n","protected":false},"excerpt":{"rendered":"<p>\u00c1tadt\u00e1k az Orsz\u00e1gos Orvosi Rehabilit\u00e1ci\u00f3s Int\u00e9zet (OORI) \u00e9s a Semmelweis Egyetem (SE) k\u00f6z\u00f6s fog\u00e1szati rendel\u0151j\u00e9t, mely teljes k\u00f6r\u0171 \u00a0ell\u00e1t\u00e1st ny\u00fajt a mozg\u00e1sukban akad\u00e1lyozott betegeknek. Az \u00f6tmilli\u00f3 forintos k\u00f6lts\u00e9get a k\u00e9t int\u00e9zm\u00e9ny k\u00f6z\u00f6sen \u00e1llta. <a href=\"https:\/\/semmelweis.hu\/hirek\/files\/2015\/10\/F1019336.jpg\"><\/a> Az \u00e1tad\u00f3 \u00fcnneps\u00e9gen dr. Kivovics P\u00e9ter, a\u00a0SE\u00a0Fog\u00e1szati \u00e9s Sz\u00e1jseb\u00e9szeti Orsz\u00e1gos Int\u00e9zet\u00e9nek igazgat\u00f3ja arr\u00f3l besz\u00e9lt, hogy a fog\u00e1szati ell\u00e1t\u00e1son t\u00fal az int\u00e9zet munkat\u00e1rsai &hellip;<\/p>\n","protected":false},"author":11,"featured_media":46619,"comment_status":"closed","ping_status":"closed","sticky":false,"template":"","format":"standard","meta":{"_acf_changed":false,"footnotes":""},"categories":[154],"tags":[156],"class_list":["post-46618","post","type-post","status-publish","format-standard","has-post-thumbnail","hentry","category-egeszseg","tag-gyogyitas"],"acf":[],"_links":{"self":[{"href":"https:\/\/semmelweis.hu\/hirek\/wp-json\/wp\/v2\/posts\/46618","targetHints":{"allow":["GET"]}}],"collection":[{"href":"https:\/\/semmelweis.hu\/hirek\/wp-json\/wp\/v2\/posts"}],"about":[{"href":"https:\/\/semmelweis.hu\/hirek\/wp-json\/wp\/v2\/types\/post"}],"author":[{"embeddable":true,"href":"https:\/\/semmelweis.hu\/hirek\/wp-json\/wp\/v2\/users\/11"}],"replies":[{"embeddable":true,"href":"https:\/\/semmelweis.hu\/hirek\/wp-json\/wp\/v2\/comments?post=46618"}],"version-history":[{"count":4,"href":"https:\/\/semmelweis.hu\/hirek\/wp-json\/wp\/v2\/posts\/46618\/revisions"}],"predecessor-version":[{"id":46623,"href":"https:\/\/semmelweis.hu\/hirek\/wp-json\/wp\/v2\/posts\/46618\/revisions\/46623"}],"wp:featuredmedia":[{"embeddable":true,"href":"https:\/\/semmelweis.hu\/hirek\/wp-json\/wp\/v2\/media\/46619"}],"wp:attachment":[{"href":"https:\/\/semmelweis.hu\/hirek\/wp-json\/wp\/v2\/media?parent=46618"}],"wp:term":[{"taxonomy":"category","embeddable":true,"href":"https:\/\/semmelweis.hu\/hirek\/wp-json\/wp\/v2\/categories?post=46618"},{"taxonomy":"post_tag","embeddable":true,"href":"https:\/\/semmelweis.hu\/hirek\/wp-json\/wp\/v2\/tags?post=46618"}],"curies":[{"name":"wp","href":"https:\/\/api.w.org\/{rel}","templated":true}]}}