{"id":46071,"date":"2015-10-07T10:40:22","date_gmt":"2015-10-07T08:40:22","guid":{"rendered":"http:\/\/semmelweis.hu\/hirek\/?p=46071"},"modified":"2018-02-06T12:53:08","modified_gmt":"2018-02-06T11:53:08","slug":"jotekonysagi-koncert-a-ii-sz-gyermekgyogyaszati-klinika-betegeiert","status":"publish","type":"post","link":"https:\/\/semmelweis.hu\/hirek\/2015\/10\/07\/jotekonysagi-koncert-a-ii-sz-gyermekgyogyaszati-klinika-betegeiert\/","title":{"rendered":"J\u00f3t\u00e9konys\u00e1gi koncert a II. Sz. Gyermekgy\u00f3gy\u00e1szati Klinika betegei\u00e9rt"},"content":{"rendered":"<p><a href=\"https:\/\/semmelweis.hu\/hirek\/files\/2015\/10\/foto_www.budapest-foto.hu_.jpg\"><img loading=\"lazy\" decoding=\"async\" class=\"alignleft wp-image-46072 size-medium\" src=\"https:\/\/semmelweis.hu\/hirek\/files\/2015\/10\/foto_www.budapest-foto.hu_-300x225.jpg\" alt=\"\" width=\"300\" height=\"225\" srcset=\"https:\/\/semmelweis.hu\/hirek\/files\/2015\/10\/foto_www.budapest-foto.hu_-300x225.jpg 300w, https:\/\/semmelweis.hu\/hirek\/files\/2015\/10\/foto_www.budapest-foto.hu_-533x400.jpg 533w, https:\/\/semmelweis.hu\/hirek\/files\/2015\/10\/foto_www.budapest-foto.hu_-400x300.jpg 400w, https:\/\/semmelweis.hu\/hirek\/files\/2015\/10\/foto_www.budapest-foto.hu_-600x450.jpg 600w, https:\/\/semmelweis.hu\/hirek\/files\/2015\/10\/foto_www.budapest-foto.hu_.jpg 1024w\" sizes=\"auto, (max-width: 300px) 100vw, 300px\" \/><\/a>Negyedik alkalommal rendezi meg az \u0150rz\u0151k Alap\u00edtv\u00e1ny \u00e9s a Magyar \u00c1llami Operah\u00e1z a\u00a0Zongora\u00e1ri\u00e1k\u00a0c\u00edm\u0171 estet, aminek bev\u00e9tel\u00e9t a II. Sz. Gyermekgy\u00f3gy\u00e1szati Klinik\u00e1n kezelt daganatos \u00e9s leuk\u00e9mi\u00e1s gyerekek gy\u00f3gy\u00edt\u00e1si felt\u00e9teleinek jav\u00edt\u00e1s\u00e1ra ford\u00edtj\u00e1k majd.<\/p>\n<p>Id\u00e9n okt\u00f3ber 19-\u00e9n v\u00e1rj\u00e1k a k\u00f6z\u00f6ns\u00e9get az Oper\u00e1ba, a hangversenyen S\u00fcmegi Eszter Wagner Csarnok-\u00e1ri\u00e1j\u00e1t \u00e9nekli, m\u00edg Gyenyisz Kozsukin Brahms- \u00e9s Liszt-m\u0171veket ad el\u0151 zongor\u00e1n. Azt est f\u0151v\u00e9dn\u00f6ke Herczegh Anita, a k\u00f6zt\u00e1rsas\u00e1gi eln\u00f6k feles\u00e9ge.<\/p>\n<p>A j\u00f3t\u00e9konys\u00e1gi koncertet kezdem\u00e9nyez\u0151 \u0150rz\u0151k Alap\u00edtv\u00e1ny a II. Sz., T\u0171zolt\u00f3 utcai Gyermekgy\u00f3gy\u00e1szati Klinika hivatalos alap\u00edtv\u00e1nya. Legfontosabb c\u00e9lja a klinik\u00e1n \u00e1polt daganatos \u00e9s leuk\u00e9mi\u00e1s beteg gyerekek gy\u00f3gyul\u00e1si felt\u00e9teleinek \u00e9s k\u00f3rh\u00e1zi k\u00f6r\u00fclm\u00e9nyeinek jav\u00edt\u00e1sa.<\/p>\n<p>Nemes-Mozer M\u00e1ria<\/p>\n<p>Fot\u00f3:\u00a0budapest-foto.hu<\/p>\n<p>&nbsp;<\/p>\n","protected":false},"excerpt":{"rendered":"<p><a href=\"https:\/\/semmelweis.hu\/hirek\/files\/2015\/10\/foto_www.budapest-foto.hu_.jpg\"><\/a> Negyedik alkalommal rendezi meg az \u0150rz\u0151k Alap\u00edtv\u00e1ny \u00e9s a Magyar \u00c1llami Operah\u00e1z a\u00a0Zongora\u00e1ri\u00e1k\u00a0c\u00edm\u0171 estet, aminek bev\u00e9tel\u00e9t a II. Sz. Gyermekgy\u00f3gy\u00e1szati Klinik\u00e1n kezelt daganatos \u00e9s leuk\u00e9mi\u00e1s gyerekek gy\u00f3gy\u00edt\u00e1si felt\u00e9teleinek jav\u00edt\u00e1s\u00e1ra ford\u00edtj\u00e1k majd. Id\u00e9n okt\u00f3ber 19-\u00e9n v\u00e1rj\u00e1k a k\u00f6z\u00f6ns\u00e9get az Oper\u00e1ba, a hangversenyen S\u00fcmegi Eszter Wagner Csarnok-\u00e1ri\u00e1j\u00e1t \u00e9nekli, m\u00edg Gyenyisz Kozsukin Brahms- \u00e9s Liszt-m\u0171veket ad el\u0151 zongor\u00e1n. &hellip;<\/p>\n","protected":false},"author":280,"featured_media":46072,"comment_status":"closed","ping_status":"closed","sticky":false,"template":"","format":"standard","meta":{"_acf_changed":false,"footnotes":""},"categories":[157],"tags":[3895,149],"class_list":["post-46071","post","type-post","status-publish","format-standard","has-post-thumbnail","hentry","category-semmelweis-vilag","tag-jotekonysag","tag-meghivo-semmelweis-vilag"],"acf":[],"_links":{"self":[{"href":"https:\/\/semmelweis.hu\/hirek\/wp-json\/wp\/v2\/posts\/46071","targetHints":{"allow":["GET"]}}],"collection":[{"href":"https:\/\/semmelweis.hu\/hirek\/wp-json\/wp\/v2\/posts"}],"about":[{"href":"https:\/\/semmelweis.hu\/hirek\/wp-json\/wp\/v2\/types\/post"}],"author":[{"embeddable":true,"href":"https:\/\/semmelweis.hu\/hirek\/wp-json\/wp\/v2\/users\/280"}],"replies":[{"embeddable":true,"href":"https:\/\/semmelweis.hu\/hirek\/wp-json\/wp\/v2\/comments?post=46071"}],"version-history":[{"count":2,"href":"https:\/\/semmelweis.hu\/hirek\/wp-json\/wp\/v2\/posts\/46071\/revisions"}],"predecessor-version":[{"id":46075,"href":"https:\/\/semmelweis.hu\/hirek\/wp-json\/wp\/v2\/posts\/46071\/revisions\/46075"}],"wp:featuredmedia":[{"embeddable":true,"href":"https:\/\/semmelweis.hu\/hirek\/wp-json\/wp\/v2\/media\/46072"}],"wp:attachment":[{"href":"https:\/\/semmelweis.hu\/hirek\/wp-json\/wp\/v2\/media?parent=46071"}],"wp:term":[{"taxonomy":"category","embeddable":true,"href":"https:\/\/semmelweis.hu\/hirek\/wp-json\/wp\/v2\/categories?post=46071"},{"taxonomy":"post_tag","embeddable":true,"href":"https:\/\/semmelweis.hu\/hirek\/wp-json\/wp\/v2\/tags?post=46071"}],"curies":[{"name":"wp","href":"https:\/\/api.w.org\/{rel}","templated":true}]}}