{"id":44294,"date":"2015-08-19T11:21:08","date_gmt":"2015-08-19T09:21:08","guid":{"rendered":"http:\/\/semmelweis.hu\/hirek\/?p=44294"},"modified":"2015-08-24T06:29:40","modified_gmt":"2015-08-24T04:29:40","slug":"kozossegi-elmenyek-a-semmelweis-egyetemen","status":"publish","type":"post","link":"https:\/\/semmelweis.hu\/hirek\/2015\/08\/19\/kozossegi-elmenyek-a-semmelweis-egyetemen\/","title":{"rendered":"K\u00f6z\u00f6ss\u00e9gi \u00e9lm\u00e9nyek a Semmelweis Egyetemen"},"content":{"rendered":"<p><img loading=\"lazy\" decoding=\"async\" class=\"alignright  wp-image-44301\" src=\"https:\/\/semmelweis.hu\/hirek\/files\/2015\/08\/RS27868_KA-20150130-IMG_0562-etk-nyilt-nap-scr.jpg\" alt=\"RS27868_KA-20150130-IMG_0562-etk-nyilt-nap-scr\" width=\"371\" height=\"246\" srcset=\"https:\/\/semmelweis.hu\/hirek\/files\/2015\/08\/RS27868_KA-20150130-IMG_0562-etk-nyilt-nap-scr.jpg 950w, https:\/\/semmelweis.hu\/hirek\/files\/2015\/08\/RS27868_KA-20150130-IMG_0562-etk-nyilt-nap-scr-300x200.jpg 300w, https:\/\/semmelweis.hu\/hirek\/files\/2015\/08\/RS27868_KA-20150130-IMG_0562-etk-nyilt-nap-scr-600x400.jpg 600w, https:\/\/semmelweis.hu\/hirek\/files\/2015\/08\/RS27868_KA-20150130-IMG_0562-etk-nyilt-nap-scr-450x300.jpg 450w\" sizes=\"auto, (max-width: 371px) 100vw, 371px\" \/>A Semmelweis Egyetemre beiratkoz\u00f3 hallgat\u00f3k sz\u00e1mos hallgat\u00f3i szervezethez \u00e9s egyetemi k\u00f6z\u00f6ss\u00e9ghez csatlakozhatnak \u00e9rdekl\u0151d\u00e9si k\u00f6r\u00fckt\u0151l f\u00fcgg\u0151en, ahol a szabadid\u0151 akt\u00edv \u00e9s hasznos elt\u00f6lt\u00e9se mellett olyan ter\u00fcleteken szerezhetnek tapasztalatot, mint p\u00e9ld\u00e1ul az \u00e9rdekk\u00e9pviselet, a programszervez\u00e9s vagy a sport. Az egyetemi \u00e9letnek fontos r\u00e9szei a k\u00f6z\u00f6ss\u00e9gi szervezetek: ezek k\u00f6z\u00fcl mutatunk most be n\u00e9h\u00e1nyat.<\/p>\n<p>A Semmelweis Egyetem minden beiratkozott hallgat\u00f3ja automatikusan a <a href=\"https:\/\/semmelweis.hu\/ehok\/\" target=\"_blank\">Hallgat\u00f3i \u00d6nkorm\u00e1nyzat (SE H\u00d6K)<\/a> tagj\u00e1v\u00e1 v\u00e1lik.\u00a0 A legnagyobb hallgat\u00f3i szervezet, a H\u00d6K egyik legfontosabb feladata a hallgat\u00f3i \u00e9rdekk\u00e9pviselet tanulm\u00e1nyi \u00e9s oktat\u00e1si \u00fcgyekben, emellett pedig az egyetem programjainak szervez\u00e9s\u00e9ben is fontos szerepet j\u00e1tszik. Ilyen programok a J\u00e9gfarsang, a Medikus Kupa, a Semmelweis Karnev\u00e1l \u00e9s a Tavaszi Fesztiv\u00e1l. Emellett a hallgat\u00f3i \u00f6nkorm\u00e1nyzat r\u00e9szt vesz a szoci\u00e1lis t\u00e1mogat\u00e1sok \u00e9s a koll\u00e9giumi b\u00edr\u00e1lat el\u0151k\u00e9sz\u00edt\u00e9s\u00e9ben, illetve az egyetemi sport\u00e9let szervez\u00e9s\u00e9ben is \u2013 t\u00e1j\u00e9koztatta honlapunkat V\u00e1mosi P\u00e9ter, a H\u00d6K eln\u00f6ke.<\/p>\n<p>A H\u00d6K tev\u00e9kenys\u00e9g\u00e9ben rendszeresen mintegy 100-120 f\u0151 vesz r\u00e9szt, de \u00f6r\u00f6mmel fogadj\u00e1k azok seg\u00edts\u00e9g\u00e9t is, akik csak egy-egy rendezv\u00e9ny vagy projekt erej\u00e9ig kapcsol\u00f3dn\u00e1nak be a szervezet \u00e9let\u00e9be. A H\u00d6K-\u00f6s feladatokra a hallgat\u00f3k k\u00f6z\u00fcl b\u00e1rki jelentkezhet, emellett rendszerint okt\u00f3ber-novemberben v\u00e1lasztj\u00e1k meg a H\u00d6K tiszts\u00e9gvisel\u0151it. A v\u00e1laszt\u00e1sokon sz\u00edvesen l\u00e1tj\u00e1k azokat a hallgat\u00f3kat, akik szeretn\u00e9nek r\u00e9szt venni a H\u00d6K-\u00f6s k\u00e9pvisel\u0151k\u00a0 hivatalosabb jelleg\u0171 munk\u00e1j\u00e1ban is. A v\u00e1lasztott tiszts\u00e9gvisel\u0151k t\u00f6bbek k\u00f6z\u00f6tt a Semmelweis Egyetem Szen\u00e1tus\u00e1ban \u00e9s a Kari Tan\u00e1csokon, az egyetem vezet\u0151i el\u0151tt is k\u00e9pviselik hallgat\u00f3t\u00e1rsaik \u00e9rdekeit.\u00a0<\/p>\n<p><img loading=\"lazy\" decoding=\"async\" class=\"  wp-image-44296 alignleft\" src=\"https:\/\/semmelweis.hu\/hirek\/files\/2015\/08\/RS28763_KA-20150302-IMG_6532-tavaszi-fesztival-scr.jpg\" alt=\"RS28763_KA-20150302-IMG_6532-tavaszi-fesztival-scr\" width=\"397\" height=\"264\" srcset=\"https:\/\/semmelweis.hu\/hirek\/files\/2015\/08\/RS28763_KA-20150302-IMG_6532-tavaszi-fesztival-scr.jpg 950w, https:\/\/semmelweis.hu\/hirek\/files\/2015\/08\/RS28763_KA-20150302-IMG_6532-tavaszi-fesztival-scr-300x200.jpg 300w, https:\/\/semmelweis.hu\/hirek\/files\/2015\/08\/RS28763_KA-20150302-IMG_6532-tavaszi-fesztival-scr-600x400.jpg 600w, https:\/\/semmelweis.hu\/hirek\/files\/2015\/08\/RS28763_KA-20150302-IMG_6532-tavaszi-fesztival-scr-450x300.jpg 450w\" sizes=\"auto, (max-width: 397px) 100vw, 397px\" \/>Az <a href=\"http:\/\/iocs.hu\/\" target=\"_blank\">Instruktor \u00d6ntev\u00e9keny Csoport<\/a> remek lehet\u0151s\u00e9get biztos\u00edt arra, hogy tagjai olyan \u00faj \u00e9lm\u00e9nyeket \u00e9s tapasztalatokat szerezzenek, melyek egy \u00e1tlagos egyetemista \u00e9let\u00e9b\u0151l kimaradn\u00e1nak. Ezen t\u00falmen\u0151en az \u00f6nk\u00e9ntesekb\u0151l \u00e1ll\u00f3 csoport tagjai nagy hangs\u00falyt fektetnek az \u00f6nfejleszt\u00e9s seg\u00edt\u00e9s\u00e9re. Az I\u00d6CS szervezi az egyetemi g\u00f3lyat\u00e1bort \u00e9s g\u00f3lyab\u00e1lt, tov\u00e1bb\u00e1 a Jegyzetb\u00f6rz\u00e9t \u00e9s a G\u00f3lyahaj\u00f3t, m\u00e1s di\u00e1kszervezetekkel k\u00f6z\u00f6sen pedig a Semmelweis Tavaszi Fesztiv\u00e1lt, a Semmelweis Karnev\u00e1lt \u00e9s az \u00d6k\u00f6rs\u00fct\u00e9st.<\/p>\n<p>Az Instruktor \u00d6ntev\u00e9keny Csoportnak jelenleg k\u00f6zel 1300 tagja van. Ahhoz, hogy valaki tagg\u00e1 v\u00e1ljon, el kell v\u00e9gezni a csoport \u00e1ltal szervezett nyolc hetes instruktork\u00e9pz\u00e9st. A k\u00e9pz\u00e9s hagyom\u00e1nyosan febru\u00e1rban kezd\u0151dik \u00e9s \u00e1prilisban \u00e9r v\u00e9get. Az I\u00d6CS c\u00e9lja a frissen felvett hallgat\u00f3k seg\u00edt\u00e9se \u00e9s integr\u00e1l\u00e1suk az Semmelweis Egyetem hallgat\u00f3i k\u00f6z\u00f6ss\u00e9g\u00e9be, emellett pedig az egyetemi kultur\u00e1lis \u00e9let gazdag\u00edt\u00e1sa \u2013 mondta el Lud\u00e1nyi Zs\u00f3fia, az I\u00d6CS eln\u00f6ke.<\/p>\n<p>A <a href=\"http:\/\/www.medikuszenekar.hu\" target=\"_blank\">Semmelweis Egyetem Medikus Zenekara<\/a> 2008-ban alakult meg. Els\u0151sorban az egyetem hallgat\u00f3i, de t\u00f6bb hazai fels\u0151oktat\u00e1si egyetem hallgat\u00f3ja is j\u00e1tszik a zenekarban, melynek karmestere Dub\u00f3czky Gergely. A zenekar szimfonikus fel\u00e1ll\u00e1sban m\u0171k\u00f6dik, de kisebb kamar\u00e1kban is koncertezik. Az egyetemi rendezv\u00e9nyek rendszeres r\u00e9sztvev\u0151i: j\u00e1tszanak a tan\u00e9vnyit\u00f3n, a g\u00f3lyab\u00e1lon, \u00fcnnepi alkalmakon, emellett pedig \u00f6n\u00e1ll\u00f3 koncerteket is adnak.<\/p>\n<p>A Medikus Zenekarnak jelenleg 25 \u00e1lland\u00f3 tagja van, de a nagyobb l\u00e9legzetv\u00e9tel\u0171 darabokn\u00e1l ez a l\u00e9tsz\u00e1m kiseg\u00edt\u0151kkel b\u0151v\u00fcl.<\/p>\n<p><img loading=\"lazy\" decoding=\"async\" class=\"alignright  wp-image-44295\" src=\"https:\/\/semmelweis.hu\/hirek\/files\/2015\/08\/RS26126_KA-20141212-IMG_1617-karacsonyi-unnepseg-scr.jpg\" alt=\"RS26126_KA-20141212-IMG_1617-karacsonyi-unnepseg-scr\" width=\"367\" height=\"244\" srcset=\"https:\/\/semmelweis.hu\/hirek\/files\/2015\/08\/RS26126_KA-20141212-IMG_1617-karacsonyi-unnepseg-scr.jpg 950w, https:\/\/semmelweis.hu\/hirek\/files\/2015\/08\/RS26126_KA-20141212-IMG_1617-karacsonyi-unnepseg-scr-300x200.jpg 300w, https:\/\/semmelweis.hu\/hirek\/files\/2015\/08\/RS26126_KA-20141212-IMG_1617-karacsonyi-unnepseg-scr-600x400.jpg 600w, https:\/\/semmelweis.hu\/hirek\/files\/2015\/08\/RS26126_KA-20141212-IMG_1617-karacsonyi-unnepseg-scr-450x300.jpg 450w\" sizes=\"auto, (max-width: 367px) 100vw, 367px\" \/>Az egyetemi \u00e9letben a tanulm\u00e1nyok mellett a zenekar egy sz\u00ednvonalas kikapcsol\u00f3d\u00e1s. Mivel profi szakemberek dolgoznak a zenekarral, a zen\u00e9szek szakmailag is fejl\u0151dnek. Emellett rendszeresen szerveznek pr\u00f3batermen k\u00edv\u00fcli k\u00f6z\u00f6s programokat: ny\u00e1ri t\u00e1borokat, k\u00f6z\u00f6s kir\u00e1ndul\u00e1sokat \u00e9s egy\u00e9b csapat\u00e9p\u00edt\u0151 programokat. A Medikus Zenekarba az <a href=\"mailto:info@medikuszenekar.hu\">info@medikuszenekar.hu<\/a> c\u00edmen lehet jelentkezni. A munka a szemeszterek elej\u00e9n indul, de a zenekar eg\u00e9sz \u00e9vben v\u00e1rja a jelentkez\u00e9seket \u2013 foglalta \u00f6ssze M\u00f3dos Orsolya, a Medikus Zenekar tagja.<\/p>\n<p>A <a href=\"https:\/\/www.facebook.com\/SemmelweisVizilabda\" target=\"_blank\">Semmelweis Egyetem V\u00edzilabda Klub<\/a> n\u00e9gy \u00e9ve alakult. A v\u00edzilabdacsapat szeptembert\u0151l hetente h\u00e1rom alkalommal tart edz\u00e9st, vas\u00e1rnaponk\u00e9nt pedig a budapesti feln\u0151tt bajnoks\u00e1g m\u00e9rk\u0151z\u00e9sein j\u00e1tszik. Ezek a m\u00e9rk\u0151z\u00e9sek ingyenesen l\u00e1togathat\u00f3k. A v\u00edzilabda <img loading=\"lazy\" decoding=\"async\" class=\"  wp-image-44298 alignleft\" src=\"https:\/\/semmelweis.hu\/hirek\/files\/2015\/08\/RS30328_KA-20150412-IMG_1873-scr.jpg\" alt=\"RS30328_KA-20150412-IMG_1873-scr\" width=\"302\" height=\"201\" srcset=\"https:\/\/semmelweis.hu\/hirek\/files\/2015\/08\/RS30328_KA-20150412-IMG_1873-scr.jpg 950w, https:\/\/semmelweis.hu\/hirek\/files\/2015\/08\/RS30328_KA-20150412-IMG_1873-scr-300x200.jpg 300w, https:\/\/semmelweis.hu\/hirek\/files\/2015\/08\/RS30328_KA-20150412-IMG_1873-scr-600x400.jpg 600w, https:\/\/semmelweis.hu\/hirek\/files\/2015\/08\/RS30328_KA-20150412-IMG_1873-scr-450x300.jpg 450w\" sizes=\"auto, (max-width: 302px) 100vw, 302px\" \/>klub k\u00e9pviseli az egyetemet az Egyetemi \u00e9s F\u0151iskolai V\u00edzilabda Bajnoks\u00e1gon \u00e9s a Medikus Kup\u00e1n, ut\u00f3bbin az el\u0151z\u0151 k\u00e9t \u00e9vben veretlen bajnokk\u00e9nt h\u00f3d\u00edtotta el a tr\u00f3fe\u00e1t. A klub v\u00e1rja azoknak a hallgat\u00f3knak a jelentkez\u00e9s\u00e9t, akik rendelkeznek v\u00edzilabd\u00e1s m\u00falttal \u00e9s az egyetemi \u00e9vek sor\u00e1n sem szeretn\u00e9nek felhagyni a sporttal \u2013 mondta el Jancs\u00f3 M\u00e1t\u00e9 csapatkapit\u00e1ny.<\/p>\n<p>A Semmelweis Egyetem\u00a0hallgat\u00f3knak lehet\u0151s\u00e9g\u00fck van az egyetem k\u00e9zilabdacsapataihoz is csatlakozni. A <a href=\"https:\/\/www.facebook.com\/sotehandball\" target=\"_blank\">n\u0151i k\u00e9zilabdacsapat<\/a>\u00a0tavaly a Medikus Kup\u00e1t \u00e9s a Budapesti Egyetemi-F\u0151iskolai K\u00e9zilabda Bajnoks\u00e1got is megnyerte, a <a href=\"https:\/\/www.facebook.com\/pages\/Semmelweis-Handball-Team-F%C3%89RFI\/468601776594245\" target=\"_blank\">f\u00e9rfi csapat<\/a>\u00a0pedig ez\u00fcst\u00e9rmes lett a Medikus Kup\u00e1n. Az edz\u00e9seket a csapatok a Z\u00e1gr\u00e1bi \u00fati csarnokban tartj\u00e1k.<\/p>\n<p><a href=\"https:\/\/semmelweis.hu\/hirek\/files\/2015\/08\/RS14542_KA-20140330-IMG_4776-medikus-kupa-scr.jpg\"><img loading=\"lazy\" decoding=\"async\" class=\"  wp-image-44297 alignleft\" src=\"https:\/\/semmelweis.hu\/hirek\/files\/2015\/08\/RS14542_KA-20140330-IMG_4776-medikus-kupa-scr.jpg\" alt=\"RS14542_KA-20140330-IMG_4776-medikus-kupa-scr\" width=\"365\" height=\"243\" srcset=\"https:\/\/semmelweis.hu\/hirek\/files\/2015\/08\/RS14542_KA-20140330-IMG_4776-medikus-kupa-scr.jpg 950w, https:\/\/semmelweis.hu\/hirek\/files\/2015\/08\/RS14542_KA-20140330-IMG_4776-medikus-kupa-scr-300x200.jpg 300w, https:\/\/semmelweis.hu\/hirek\/files\/2015\/08\/RS14542_KA-20140330-IMG_4776-medikus-kupa-scr-600x400.jpg 600w, https:\/\/semmelweis.hu\/hirek\/files\/2015\/08\/RS14542_KA-20140330-IMG_4776-medikus-kupa-scr-450x300.jpg 450w\" sizes=\"auto, (max-width: 365px) 100vw, 365px\" \/><\/a>A\u00a0Semmelweis Egyetem hallgat\u00f3it a sportesem\u00e9nyeken az egyetem pomponcsapata, a <a href=\"https:\/\/www.facebook.com\/secheerleaders\" target=\"_blank\">SE Cheerleaders<\/a>\u00a0buzd\u00edtja.<\/p>\n<p>A <a href=\"http:\/\/alumni.semmelweis.hu\/hu\/\" target=\"_blank\">Semmelweis Alumninak<\/a> tagja lehet mindenki, aki az egyetemhez k\u00f6t\u0151dik: a jelenlegi hallgat\u00f3k, akik kor\u00e1bban v\u00e9geztek az egyetemen illetve azok, akik legal\u00e1bb k\u00e9t \u00e9vet elv\u00e9geztek, tov\u00e1bb\u00e1 az egyetemen oktat\u00f3k\u00e9nt, kutat\u00f3k\u00e9nt dolgoz\u00f3k \u00e9s azok, akik az egyetemhez akt\u00edvan k\u00f6t\u0151dnek, annak \u00e9rt\u00e9krendj\u00e9t \u00e9s hagyom\u00e1nyait \u00e1polj\u00e1k. A szervezetnek jelenleg t\u00f6bb mint 12000 tagja van. A tags\u00e1g regisztr\u00e1ci\u00f3hoz k\u00f6t\u00f6tt \u00e9s d\u00edjmentes, de karrier-szolg\u00e1ltat\u00e1saikat az egyetem jelenlegi hallgat\u00f3i, oktat\u00f3i, kutat\u00f3i \u00e9s dolgoz\u00f3i regisztr\u00e1ci\u00f3 n\u00e9lk\u00fcl is ig\u00e9nybe vehetik a szabad f\u00e9r\u0151helyek terh\u00e9re.<\/p>\n<p><a href=\"https:\/\/semmelweis.hu\/hirek\/files\/2015\/08\/RS24735__ZZS7213-scr.jpg\"><img loading=\"lazy\" decoding=\"async\" class=\"alignright  wp-image-44299\" src=\"https:\/\/semmelweis.hu\/hirek\/files\/2015\/08\/RS24735__ZZS7213-scr.jpg\" alt=\"RS24735__ZZS7213-scr\" width=\"364\" height=\"242\" srcset=\"https:\/\/semmelweis.hu\/hirek\/files\/2015\/08\/RS24735__ZZS7213-scr.jpg 950w, https:\/\/semmelweis.hu\/hirek\/files\/2015\/08\/RS24735__ZZS7213-scr-300x200.jpg 300w, https:\/\/semmelweis.hu\/hirek\/files\/2015\/08\/RS24735__ZZS7213-scr-600x400.jpg 600w, https:\/\/semmelweis.hu\/hirek\/files\/2015\/08\/RS24735__ZZS7213-scr-450x300.jpg 450w\" sizes=\"auto, (max-width: 364px) 100vw, 364px\" \/><\/a>A Semmelweis Alumni folyamatosan szervez olyan kultur\u00e1lis, illetve egy\u00e9b k\u00f6z\u00f6ss\u00e9gi programokat, amelyek lehet\u0151s\u00e9get adnak a tagoknak arra, hogy szabadid\u0151programok keret\u00e9ben egym\u00e1ssal, illetve az egyetemmel tarts\u00e1k a kapcsolatot. A Semmelweis Alumni \u00e1ltal szervezett programok: Alumni Tal\u00e1lkoz\u00f3, Alumni Sportnap, Alumni Piknik, Tal\u00e1lkozz Professzoraiddal! tead\u00e9lut\u00e1n-sorozat, Semmelweis Karriernap \u00e9s \u00c1ll\u00e1sb\u00f6rze, Semmelweis V\u00e9gz\u0151s B\u00e1l \u2013 t\u00e1j\u00e9koztatta honlapunkat Matiscs\u00e1k Attila, a Semmelweis Alumni igazgat\u00f3ja.<\/p>\n<p>Kiemelten fontos sz\u00e1mukra, hogy az egyetemen ne csak k\u00e9pz\u00e9st kapjanak a hallgat\u00f3k, de felk\u00e9sz\u00edts\u00e9k \u0151ket a szakmai \u00e9letre, a kih\u00edv\u00e1sokra, az \u00e9letp\u00e1ly\u00e1juk tudatos tervez\u00e9s\u00e9re, a karrier-tervez\u00e9sre. Ezt seg\u00edtik az Alumni keret\u00e9ben m\u0171k\u00f6d\u0151 Karrieriroda szem\u00e9lyes tan\u00e1csad\u00f3 programjai, tr\u00e9ningjei, szakmabeliekkel, sikeres szakemberekkel, kutat\u00f3kkal, volt hallgat\u00f3kkal szervezett m\u0171hely-besz\u00e9lget\u00e9sei. A hallgat\u00f3knak nemcsak a tervez\u00e9sben, de a gyakorlatias megold\u00e1sok megtal\u00e1l\u00e1s\u00e1ban \u00e9s a hallgat\u00f3i \u00e9lettel kapcsolatos probl\u00e9m\u00e1k megold\u00e1s\u00e1ban is igyekeznek seg\u00edteni szaktan\u00e1csad\u00f3k \u00e9s pszichol\u00f3gus szakemberek seg\u00edts\u00e9g\u00e9vel, emellett tanul\u00e1st seg\u00edt\u0151 \u00e9s vizsgaszitu\u00e1ci\u00f3s tr\u00e9ningeket is szerveznek.<\/p>\n<p>Pogr\u00e1nyi P\u00e9ter<\/p>\n<p>Fot\u00f3: Kov\u00e1cs Attila &#8211; Semmelweis Egyetem<\/p>\n","protected":false},"excerpt":{"rendered":"<p>A Semmelweis Egyetemre beiratkoz\u00f3 hallgat\u00f3k sz\u00e1mos hallgat\u00f3i szervezethez \u00e9s egyetemi k\u00f6z\u00f6ss\u00e9ghez csatlakozhatnak \u00e9rdekl\u0151d\u00e9si k\u00f6r\u00fckt\u0151l f\u00fcgg\u0151en, ahol a szabadid\u0151 akt\u00edv \u00e9s hasznos elt\u00f6lt\u00e9se mellett olyan ter\u00fcleteken szerezhetnek tapasztalatot, mint p\u00e9ld\u00e1ul az \u00e9rdekk\u00e9pviselet, a programszervez\u00e9s vagy a sport. Az egyetemi \u00e9letnek fontos r\u00e9szei a k\u00f6z\u00f6ss\u00e9gi szervezetek: ezek k\u00f6z\u00fcl mutatunk most be n\u00e9h\u00e1nyat. A Semmelweis Egyetem minden beiratkozott &hellip;<\/p>\n","protected":false},"author":155,"featured_media":44303,"comment_status":"closed","ping_status":"closed","sticky":false,"template":"","format":"standard","meta":{"_acf_changed":false,"footnotes":""},"categories":[3533,168],"tags":[3443],"class_list":["post-44294","post","type-post","status-publish","format-standard","has-post-thumbnail","hentry","category-hallgatok-oktatas","category-kiemelt","tag-hallgatoi-elet-alumni"],"acf":[],"_links":{"self":[{"href":"https:\/\/semmelweis.hu\/hirek\/wp-json\/wp\/v2\/posts\/44294","targetHints":{"allow":["GET"]}}],"collection":[{"href":"https:\/\/semmelweis.hu\/hirek\/wp-json\/wp\/v2\/posts"}],"about":[{"href":"https:\/\/semmelweis.hu\/hirek\/wp-json\/wp\/v2\/types\/post"}],"author":[{"embeddable":true,"href":"https:\/\/semmelweis.hu\/hirek\/wp-json\/wp\/v2\/users\/155"}],"replies":[{"embeddable":true,"href":"https:\/\/semmelweis.hu\/hirek\/wp-json\/wp\/v2\/comments?post=44294"}],"version-history":[{"count":4,"href":"https:\/\/semmelweis.hu\/hirek\/wp-json\/wp\/v2\/posts\/44294\/revisions"}],"predecessor-version":[{"id":44444,"href":"https:\/\/semmelweis.hu\/hirek\/wp-json\/wp\/v2\/posts\/44294\/revisions\/44444"}],"wp:featuredmedia":[{"embeddable":true,"href":"https:\/\/semmelweis.hu\/hirek\/wp-json\/wp\/v2\/media\/44303"}],"wp:attachment":[{"href":"https:\/\/semmelweis.hu\/hirek\/wp-json\/wp\/v2\/media?parent=44294"}],"wp:term":[{"taxonomy":"category","embeddable":true,"href":"https:\/\/semmelweis.hu\/hirek\/wp-json\/wp\/v2\/categories?post=44294"},{"taxonomy":"post_tag","embeddable":true,"href":"https:\/\/semmelweis.hu\/hirek\/wp-json\/wp\/v2\/tags?post=44294"}],"curies":[{"name":"wp","href":"https:\/\/api.w.org\/{rel}","templated":true}]}}