{"id":42624,"date":"2015-06-29T08:31:45","date_gmt":"2015-06-29T06:31:45","guid":{"rendered":"http:\/\/semmelweis.hu\/hirek\/?p=42624"},"modified":"2018-01-25T14:48:59","modified_gmt":"2018-01-25T13:48:59","slug":"106-vegzett-hallgatot-avattak-gyogyszereszdoktorra-a-gytk-n","status":"publish","type":"post","link":"https:\/\/semmelweis.hu\/hirek\/2015\/06\/29\/106-vegzett-hallgatot-avattak-gyogyszereszdoktorra-a-gytk-n\/","title":{"rendered":"106 v\u00e9gzett hallgat\u00f3t avattak gy\u00f3gyszer\u00e9szdoktorr\u00e1 a GYTK-n"},"content":{"rendered":"<p>Esk\u00fct\u00e9tel\u00fcket k\u00f6vet\u0151en dr. Sz\u00e9l \u00c1goston rektor \u00e9s dr. Zelk\u00f3 Rom\u00e1na d\u00e9k\u00e1n avatta gy\u00f3gyszer\u00e9szdoktorr\u00e1 a Gy\u00f3gyszer\u00e9sztudom\u00e1nyi Kar (GYTK) most v\u00e9gzett hallgat\u00f3it. 16-an summa cum laude, 60-an cum laude \u00e9s 30-an rite min\u0151s\u00edt\u00e9s\u0171 gy\u00f3gyszerdoktori diplom\u00e1t vehettek \u00e1t.<\/p>\n<p><a href=\"https:\/\/semmelweis.hu\/hirek\/files\/2015\/06\/RS32624_ka-20150627-IMG_4982-scr.jpg\"><img loading=\"lazy\" decoding=\"async\" class=\"aligncenter size-large wp-image-42640\" src=\"https:\/\/semmelweis.hu\/hirek\/files\/2015\/06\/RS32624_ka-20150627-IMG_4982-scr-600x400.jpg\" alt=\"RS32624_ka-20150627-IMG_4982-scr\" width=\"600\" height=\"400\" srcset=\"https:\/\/semmelweis.hu\/hirek\/files\/2015\/06\/RS32624_ka-20150627-IMG_4982-scr-600x400.jpg 600w, https:\/\/semmelweis.hu\/hirek\/files\/2015\/06\/RS32624_ka-20150627-IMG_4982-scr-300x200.jpg 300w, https:\/\/semmelweis.hu\/hirek\/files\/2015\/06\/RS32624_ka-20150627-IMG_4982-scr-450x300.jpg 450w, https:\/\/semmelweis.hu\/hirek\/files\/2015\/06\/RS32624_ka-20150627-IMG_4982-scr.jpg 950w\" sizes=\"auto, (max-width: 600px) 100vw, 600px\" \/><\/a><\/p>\n<p>A Szen\u00e1tus \u00fcnnepi nyilv\u00e1nos \u00fcl\u00e9s\u00e9t dr. Sz\u00e9l \u00c1goston rektor nyitotta meg, a gy\u00f3gyszer\u00e9szjel\u00f6ltek avat\u00e1si ir\u00e1nt k\u00e9relm\u00e9t Tolnay Bor\u00f3ka gy\u00f3gyszer\u00e9szjel\u00f6lt terjesztette el\u0151. Az esk\u00fct\u00e9telt \u00e9s az avat\u00e1st k\u00f6vet\u0151en dr. Sz\u00e9l \u00c1goston rektor \u00e9s dr. Zelk\u00f3 Rom\u00e1na d\u00e9k\u00e1n k\u00e9zfog\u00e1sukkal gy\u00f3gyszerdoktorr\u00e1 fogadt\u00e1k a 106 gy\u00f3gyszer\u00e9szjel\u00f6ltet.<\/p>\n<p><a href=\"https:\/\/semmelweis.hu\/hirek\/files\/2015\/06\/RS32633_ka-20150627-IMG_5052-scr.jpg\"><img loading=\"lazy\" decoding=\"async\" class=\" size-medium wp-image-42644 alignleft\" src=\"https:\/\/semmelweis.hu\/hirek\/files\/2015\/06\/RS32633_ka-20150627-IMG_5052-scr-300x200.jpg\" alt=\"RS32633_ka-20150627-IMG_5052-scr\" width=\"300\" height=\"200\" srcset=\"https:\/\/semmelweis.hu\/hirek\/files\/2015\/06\/RS32633_ka-20150627-IMG_5052-scr-300x200.jpg 300w, https:\/\/semmelweis.hu\/hirek\/files\/2015\/06\/RS32633_ka-20150627-IMG_5052-scr-600x400.jpg 600w, https:\/\/semmelweis.hu\/hirek\/files\/2015\/06\/RS32633_ka-20150627-IMG_5052-scr-450x300.jpg 450w, https:\/\/semmelweis.hu\/hirek\/files\/2015\/06\/RS32633_ka-20150627-IMG_5052-scr.jpg 950w\" sizes=\"auto, (max-width: 300px) 100vw, 300px\" \/><\/a>A v\u00e9gzett \u00e9vfolyam nev\u00e9ben dr. K\u00f6teles Istv\u00e1n mondott besz\u00e9det. Hangs\u00falyozta, hogy mostant\u00f3l minden egyes pillanatban a maximumot kell ny\u00fajtaniuk, hiszen ebben a hivat\u00e1sban nem lehet hib\u00e1zni, mert az s\u00falyos k\u00f6vetkezm\u00e9nyekkel j\u00e1r. K\u00f6sz\u00f6netet mondott t\u00f6bbek k\u00f6z\u00f6tt tan\u00e1raiknak \u00e9s az int\u00e9zetek dolgoz\u00f3inak. A besz\u00e9d v\u00e9g\u00e9n a jelenl\u00e9v\u0151k egy perces n\u00e9ma fel\u00e1ll\u00e1ssal eml\u00e9keztek meg a tavaly m\u00e1jusban elhunyt Varga Dalm\u00e1r\u00f3l, aki ennek az \u00e9vfolyamnak a hallgat\u00f3ja volt.<\/p>\n<p><a href=\"https:\/\/semmelweis.hu\/hirek\/files\/2015\/06\/RS32640_ka-20150627-IMG_5088-scr.jpg\"><img loading=\"lazy\" decoding=\"async\" class=\"alignright size-medium wp-image-42652\" src=\"https:\/\/semmelweis.hu\/hirek\/files\/2015\/06\/RS32640_ka-20150627-IMG_5088-scr-300x200.jpg\" alt=\"RS32640_ka-20150627-IMG_5088-scr\" width=\"300\" height=\"200\" srcset=\"https:\/\/semmelweis.hu\/hirek\/files\/2015\/06\/RS32640_ka-20150627-IMG_5088-scr-300x200.jpg 300w, https:\/\/semmelweis.hu\/hirek\/files\/2015\/06\/RS32640_ka-20150627-IMG_5088-scr-600x400.jpg 600w, https:\/\/semmelweis.hu\/hirek\/files\/2015\/06\/RS32640_ka-20150627-IMG_5088-scr-450x300.jpg 450w, https:\/\/semmelweis.hu\/hirek\/files\/2015\/06\/RS32640_ka-20150627-IMG_5088-scr.jpg 950w\" sizes=\"auto, (max-width: 300px) 100vw, 300px\" \/><\/a>Az angol nyelv\u0171 k\u00e9pz\u00e9sben oklevelet szerzett k\u00fclf\u00f6ldi gy\u00f3gyszer\u00e9szek nev\u00e9ben dr. Kostogiannis Marios sz\u00f3lt. Mint mondta, fiatalon \u00e9s tapasztalatlanul \u00e9rkeztek Magyarorsz\u00e1gra, sok neh\u00e9zs\u00e9ggel kellett szemben\u00e9zni\u00fck, de az itt t\u00f6lt\u00f6tt id\u0151 sor\u00e1n megtanult\u00e1k, mik\u00e9nt v\u00e1ljanak elhivatott gy\u00f3gyszer\u00e9ssz\u00e9.<\/p>\n<p>Dr. Zelk\u00f3 Rom\u00e1na d\u00e9k\u00e1n az \u00fcnnep\u00e9lyes avat\u00e1st k\u00f6vet\u0151 besz\u00e9d\u00e9ben eml\u00e9keztetett arra, hogy a gradu\u00e1lis gy\u00f3gyszer\u00e9szk\u00e9pz\u00e9s a hagyom\u00e1nyoknak megfelel\u0151en az \u00c1ltal\u00e1nos Orvostudom\u00e1nyi Kar \u00e9s az ELTE Term\u00e9szettudom\u00e1nyi Kar\u00e1nak akt\u00edv, eredm\u00e9nyes r\u00e9szv\u00e9tel\u00e9vel zajlik, ezzel pedig a gy\u00f3gyszer\u00e9szk\u00e9pz\u00e9s az universitas szellem legf\u0151bb megtestes\u00edt\u0151je. Egyed\u00fcl\u00e1ll\u00f3 m\u00f3don h\u00e1rom nyelv\u0171 k\u00e9pz\u00e9s\u00fcnk teh\u00e1t k\u00e9t, a nemzetk\u00f6zi rangsorokban legel\u0151kel\u0151bb helyen \u00e1ll\u00f3 hazai kutat\u00f3egyetem h\u00e1rom kar\u00e1n folyik \u2013 emelte ki. Dr. Zelk\u00f3 Rom\u00e1na \u00fagy fogalmazott: az elm\u00falt \u00e9vek sor\u00e1n egyetemi hallgat\u00f3b\u00f3l alapos tud\u00e1ssal felv\u00e9rtezett gy\u00f3gyszer\u00e9szhallgat\u00f3v\u00e1 v\u00e1ltak a jelenl\u00e9v\u0151k.<\/p>\n<p>A diplom\u00e1k \u00e9rt\u00e9ke, meg\u00edt\u00e9l\u00e9se \u2013 mint mondta \u2013 sokat v\u00e1ltozott az ut\u00f3bbi id\u0151kben, de a gy\u00f3gyszer\u00e9szdiplom\u00e1nak tov\u00e1bbra is komoly preszt\u00edzse van \u2013 emelte ki. Ma olyan j\u00f6v\u0151k\u00e9p \u00e1ll a gy\u00f3gyszer\u00e9szek el\u0151tt, mely lehet\u0151s\u00e9get ad a k\u00f6zvetlen lakoss\u00e1gi gy\u00f3gyszerell\u00e1t\u00e1s rendszer\u00e9ben is a gy\u00f3gyszer\u00e9szi kompetenci\u00e1k \u00e9s tud\u00e1s kiteljes\u00edt\u00e9s\u00e9re. Az elm\u00falt \u00e9vekben jelent\u0151s v\u00e1ltoz\u00e1sok t\u00f6rt\u00e9ntek, melyek a gy\u00f3gyszerell\u00e1t\u00e1st \u00e9s a gy\u00f3gyszer\u00e9szi tev\u00e9kenys\u00e9get integr\u00e1lt\u00e1k az eg\u00e9szs\u00e9g\u00fcgybe, \u00e9s a hivat\u00e1st a beteg ember szolg\u00e1lat\u00e1ba \u00e1ll\u00edtott\u00e1k \u2013 eml\u00e9keztetett. Ezek k\u00f6vetkezt\u00e9ben a gy\u00f3gyszer\u00e9sznek a hagyom\u00e1nyos feladatok ell\u00e1t\u00e1sa mellett egyre hangs\u00falyosabban kell v\u00e1llalnia a gy\u00f3gyszer \u00e9s a gy\u00f3gyszeralkalmaz\u00e1s szak\u00e9rt\u0151jek\u00e9nt v\u00e9gzett gy\u00f3gyszer\u00e9szi gondoz\u00e1si tev\u00e9kenys\u00e9get is.<\/p>\n<p><img loading=\"lazy\" decoding=\"async\" class=\"aligncenter wp-image-42648 size-large\" src=\"https:\/\/semmelweis.hu\/hirek\/files\/2015\/06\/RS32641_ka-20150627-IMG_5105-scr-600x400.jpg\" alt=\"RS32641_ka-20150627-IMG_5105-scr\" width=\"600\" height=\"400\" srcset=\"https:\/\/semmelweis.hu\/hirek\/files\/2015\/06\/RS32641_ka-20150627-IMG_5105-scr-600x400.jpg 600w, https:\/\/semmelweis.hu\/hirek\/files\/2015\/06\/RS32641_ka-20150627-IMG_5105-scr-300x200.jpg 300w, https:\/\/semmelweis.hu\/hirek\/files\/2015\/06\/RS32641_ka-20150627-IMG_5105-scr-450x300.jpg 450w, https:\/\/semmelweis.hu\/hirek\/files\/2015\/06\/RS32641_ka-20150627-IMG_5105-scr.jpg 950w\" sizes=\"auto, (max-width: 600px) 100vw, 600px\" \/><\/p>\n<p>A d\u00e9k\u00e1n arra figyelmeztette a frissen v\u00e9gzett gy\u00f3gyszer\u00e9szeket, hogy sose felejts\u00e9k: hivat\u00e1suk tisztess\u00e9get \u00e9s emp\u00e1ti\u00e1t k\u00f6vetel, a diplom\u00e1val pedig egy\u00fctt j\u00e1r a folyamatos \u00f6nk\u00e9pz\u00e9s is a betegek gy\u00f3gyul\u00e1sa \u00e9s eg\u00e9szs\u00e9g\u00e9nek v\u00e9delme \u00e9rdek\u00e9ben. Az egyetemi tanulm\u00e1nyok ehhez megfelel\u0151 h\u00e1tteret \u00e9s tudom\u00e1nyos szeml\u00e9letet adtak.<\/p>\n<p>Az \u00fcnneps\u00e9gen dr. Zelk\u00f3 Rom\u00e1na d\u00e9k\u00e1n \u00e1tadta a kar elismer\u00e9seit is. A Semmelweis Egyetem Gy\u00f3gyszer\u00e9sztudom\u00e1nyi Kar\u00e1nak Oktat\u00f3 Gy\u00f3gyszer\u00e9sze kit\u00fcntet\u00e9st vehetett \u00e1t dr. Brezan\u00f3czy Ferenc, akinek csal\u00e1di v\u00e1llalkoz\u00e1sban l\u00e9trehozott gy\u00f3gyszert\u00e1ra &#8211; a kezdetekt\u0151l fogva akkredit\u00e1lt gy\u00f3gyszert\u00e1ri min\u0151s\u00e9gben &#8211; folyamatosan r\u00e9szt vesz a hallgat\u00f3k ny\u00e1ri \u00e9s z\u00e1r\u00f3vizsg\u00e1s gyakorlatainak lebonyol\u00edt\u00e1s\u00e1ban, ezen k\u00edv\u00fcl a gy\u00f3gyszert\u00e1ri asszisztensek k\u00e9pz\u00e9s\u00e9ben is. A Gy\u00f3gyszer\u00e9sztudom\u00e1nyi Kar T\u00e1rsult oktat\u00f3ja\u201d c\u00edmet kapott dr. B\u00e1tor Gy\u00f6rgy f\u0151orvos, a Szombathelyi Markusovszky Lajos Egyetemi Oktat\u00f3 K\u00f3rh\u00e1z Szem\u00e9szeti Oszt\u00e1ly\u00e1nak vezet\u0151je.<\/p>\n<p>A Magyar Gy\u00f3gyszer\u00e9sztudom\u00e1nyi T\u00e1rsas\u00e1g Budapesti Szervezete \u00e1ltal, v\u00e9gz\u0151s gy\u00f3gyszer\u00e9szhallgat\u00f3k elismer\u00e9s\u00e9re alap\u00edtott Zalai K\u00e1roly Eml\u00e9k\u00e9rem \u00e9s p\u00e1lyad\u00edjat a zs\u0171ri megosztva, k\u00e9t p\u00e1ly\u00e1z\u00f3nak, Bagam\u00e9ry Fruzsin\u00e1nak \u00e9s Somlyay M\u00e1t\u00e9nak \u00edt\u00e9lte oda. Az elismer\u00e9st dr. Sz\u00f6k\u0151 \u00c9va, a Magyar Gy\u00f3gyszer\u00e9sztudom\u00e1nyi T\u00e1rsas\u00e1g eln\u00f6ke \u00e9s dr. Birinyi P\u00e9ter, a Magyar Gy\u00f3gyszer\u00e9sztudom\u00e1nyi T\u00e1rsas\u00e1g Budapesti Szervezet\u00e9nek eln\u00f6ke adta \u00e1t.<\/p>\n<p>Dobozi P\u00e1lma, S\u00e1gi Zenina<br \/>\nFot\u00f3: Kov\u00e1cs Attila, Semmelweis Egyetem<\/p>\n\r\n        [slb_exclude]\r\n        <div class=\"row galeria-wrapper mx-0 h-auto\">\r\n            <div class=\"col-9 pl-0 pr-2\">\r\n            <span class=\"gallery-item frame\">\r\n\t\t\t\t<div class=\"galeria-left-img\"><a href=\"https:\/\/semmelweis.hu\/hirek\/files\/2015\/06\/RS32589_ka-20150627-IMG_4817-scr.jpg\"><img src=https:\/\/semmelweis.hu\/hirek\/files\/2015\/06\/RS32589_ka-20150627-IMG_4817-scr.jpg  \r\n                            alt=\"\" \r\n                            class=\"attachment-sote-gallery-big size-sote-gallery-big\" \r\n                            srcset=\"https:\/\/semmelweis.hu\/hirek\/files\/2015\/06\/RS32589_ka-20150627-IMG_4817-scr-300x200.jpg 300w, https:\/\/semmelweis.hu\/hirek\/files\/2015\/06\/RS32589_ka-20150627-IMG_4817-scr-600x400.jpg 600w, https:\/\/semmelweis.hu\/hirek\/files\/2015\/06\/RS32589_ka-20150627-IMG_4817-scr-450x300.jpg 450w, https:\/\/semmelweis.hu\/hirek\/files\/2015\/06\/RS32589_ka-20150627-IMG_4817-scr.jpg 950w\" ><\/a><\/div>\r\n            <\/span>\r\n\r\n            <\/div>\r\n\r\n\t\t\t<div class=\"col-3 pl-0 pr-0\">\r\n\t\t\t\t<div class=\"galeria-right-img d-flex justify-content-between flex-column h-100 w-100 px-0 mx-0 \">\r\n                <div class=\"galeria-box\">\r\n\t\t\t\t\t<h3 class=\"galeria-title\">Gal\u00e9ria<\/h3>\r\n\t\t\t\t\t<div class=\"galeria-subtitle\">\r\n\r\n\t\t\t\t\t\t<div class=\"galeria-page-counter\"><span>24<\/span>k\u00e9p<\/div>\r\n                    <\/div> <\/div>\r\n                    <span class=\"gallery-item frame d-none d-md-flex\">\r\n\t\t\t\t\t<div class=\"galeria-small-img mt-0\"><a href=\"https:\/\/semmelweis.hu\/hirek\/files\/2015\/06\/RS32596_ka-20150627-IMG_4843-scr.jpg\"><img src=https:\/\/semmelweis.hu\/hirek\/files\/2015\/06\/RS32596_ka-20150627-IMG_4843-scr.jpg \r\n                                alt=\"\"  \r\n                                class=\"attachment-sote-gallery-small size-sote-gallery-small\" \r\n                                srcset=\"https:\/\/semmelweis.hu\/hirek\/files\/2015\/06\/RS32596_ka-20150627-IMG_4843-scr-300x200.jpg 300w, https:\/\/semmelweis.hu\/hirek\/files\/2015\/06\/RS32596_ka-20150627-IMG_4843-scr-600x400.jpg 600w, https:\/\/semmelweis.hu\/hirek\/files\/2015\/06\/RS32596_ka-20150627-IMG_4843-scr-450x300.jpg 450w, https:\/\/semmelweis.hu\/hirek\/files\/2015\/06\/RS32596_ka-20150627-IMG_4843-scr.jpg 950w\" ><\/a><\/div>\r\n                    <\/span>\r\n                    <span class=\"gallery-item frame d-none d-md-flex\">\r\n\t\t\t\t\t<div class=\"galeria-small-img mt-0\"><a href=\"https:\/\/semmelweis.hu\/hirek\/files\/2015\/06\/RS32600_ka-20150627-IMG_4862-scr.jpg\"><img src=https:\/\/semmelweis.hu\/hirek\/files\/2015\/06\/RS32600_ka-20150627-IMG_4862-scr.jpg \r\n                                alt=\"\" \r\n                                class=\"attachment-sote-gallery-small size-sote-gallery-small\" \r\n                                srcset=\"https:\/\/semmelweis.hu\/hirek\/files\/2015\/06\/RS32600_ka-20150627-IMG_4862-scr-300x200.jpg 300w, https:\/\/semmelweis.hu\/hirek\/files\/2015\/06\/RS32600_ka-20150627-IMG_4862-scr-600x400.jpg 600w, https:\/\/semmelweis.hu\/hirek\/files\/2015\/06\/RS32600_ka-20150627-IMG_4862-scr-450x300.jpg 450w, https:\/\/semmelweis.hu\/hirek\/files\/2015\/06\/RS32600_ka-20150627-IMG_4862-scr.jpg 950w\" ><\/a><\/div>\r\n                    <\/span>\r\n\r\n                <\/div>\r\n\r\n            <\/div>\r\n\r\n            <span class=\"gallery-item\"><div class=\"hidden\"><a href=\"https:\/\/semmelweis.hu\/hirek\/files\/2015\/06\/RS32598_ka-20150627-IMG_4853-scr.jpg\">\r\n        <img src=https:\/\/semmelweis.hu\/hirek\/files\/2015\/06\/RS32598_ka-20150627-IMG_4853-scr.jpg alt=\"\" class=\"attachment-sote-gallery-big size-sote-gallery-big\" srcset=\"https:\/\/semmelweis.hu\/hirek\/files\/2015\/06\/RS32598_ka-20150627-IMG_4853-scr-300x200.jpg 300w, https:\/\/semmelweis.hu\/hirek\/files\/2015\/06\/RS32598_ka-20150627-IMG_4853-scr-600x400.jpg 600w, https:\/\/semmelweis.hu\/hirek\/files\/2015\/06\/RS32598_ka-20150627-IMG_4853-scr-450x300.jpg 450w, https:\/\/semmelweis.hu\/hirek\/files\/2015\/06\/RS32598_ka-20150627-IMG_4853-scr.jpg 950w\" >\r\n        <\/a><\/div><\/span><span class=\"gallery-item\"><div class=\"hidden\"><a href=\"https:\/\/semmelweis.hu\/hirek\/files\/2015\/06\/RS32601_ka-20150627-IMG_4865-scr.jpg\">\r\n        <img src=https:\/\/semmelweis.hu\/hirek\/files\/2015\/06\/RS32601_ka-20150627-IMG_4865-scr.jpg alt=\"\" class=\"attachment-sote-gallery-big size-sote-gallery-big\" srcset=\"https:\/\/semmelweis.hu\/hirek\/files\/2015\/06\/RS32601_ka-20150627-IMG_4865-scr-300x200.jpg 300w, https:\/\/semmelweis.hu\/hirek\/files\/2015\/06\/RS32601_ka-20150627-IMG_4865-scr-600x400.jpg 600w, https:\/\/semmelweis.hu\/hirek\/files\/2015\/06\/RS32601_ka-20150627-IMG_4865-scr-450x300.jpg 450w, https:\/\/semmelweis.hu\/hirek\/files\/2015\/06\/RS32601_ka-20150627-IMG_4865-scr.jpg 950w\" >\r\n        <\/a><\/div><\/span><span class=\"gallery-item\"><div class=\"hidden\"><a href=\"https:\/\/semmelweis.hu\/hirek\/files\/2015\/06\/RS32603_ka-20150627-IMG_4878-2-scr.jpg\">\r\n        <img src=https:\/\/semmelweis.hu\/hirek\/files\/2015\/06\/RS32603_ka-20150627-IMG_4878-2-scr.jpg alt=\"\" class=\"attachment-sote-gallery-big size-sote-gallery-big\" srcset=\"https:\/\/semmelweis.hu\/hirek\/files\/2015\/06\/RS32603_ka-20150627-IMG_4878-2-scr-300x200.jpg 300w, https:\/\/semmelweis.hu\/hirek\/files\/2015\/06\/RS32603_ka-20150627-IMG_4878-2-scr-600x400.jpg 600w, https:\/\/semmelweis.hu\/hirek\/files\/2015\/06\/RS32603_ka-20150627-IMG_4878-2-scr-450x300.jpg 450w, https:\/\/semmelweis.hu\/hirek\/files\/2015\/06\/RS32603_ka-20150627-IMG_4878-2-scr.jpg 950w\" >\r\n        <\/a><\/div><\/span><span class=\"gallery-item\"><div class=\"hidden\"><a href=\"https:\/\/semmelweis.hu\/hirek\/files\/2015\/06\/RS32604_ka-20150627-IMG_4884-2-scr.jpg\">\r\n        <img src=https:\/\/semmelweis.hu\/hirek\/files\/2015\/06\/RS32604_ka-20150627-IMG_4884-2-scr.jpg alt=\"\" class=\"attachment-sote-gallery-big size-sote-gallery-big\" srcset=\"https:\/\/semmelweis.hu\/hirek\/files\/2015\/06\/RS32604_ka-20150627-IMG_4884-2-scr-300x200.jpg 300w, https:\/\/semmelweis.hu\/hirek\/files\/2015\/06\/RS32604_ka-20150627-IMG_4884-2-scr-600x400.jpg 600w, https:\/\/semmelweis.hu\/hirek\/files\/2015\/06\/RS32604_ka-20150627-IMG_4884-2-scr-450x300.jpg 450w, https:\/\/semmelweis.hu\/hirek\/files\/2015\/06\/RS32604_ka-20150627-IMG_4884-2-scr.jpg 950w\" >\r\n        <\/a><\/div><\/span><span class=\"gallery-item\"><div class=\"hidden\"><a href=\"https:\/\/semmelweis.hu\/hirek\/files\/2015\/06\/RS32613_ka-20150627-IMG_4925-scr.jpg\">\r\n        <img src=https:\/\/semmelweis.hu\/hirek\/files\/2015\/06\/RS32613_ka-20150627-IMG_4925-scr.jpg alt=\"\" class=\"attachment-sote-gallery-big size-sote-gallery-big\" srcset=\"https:\/\/semmelweis.hu\/hirek\/files\/2015\/06\/RS32613_ka-20150627-IMG_4925-scr-300x200.jpg 300w, https:\/\/semmelweis.hu\/hirek\/files\/2015\/06\/RS32613_ka-20150627-IMG_4925-scr-600x400.jpg 600w, https:\/\/semmelweis.hu\/hirek\/files\/2015\/06\/RS32613_ka-20150627-IMG_4925-scr-450x300.jpg 450w, https:\/\/semmelweis.hu\/hirek\/files\/2015\/06\/RS32613_ka-20150627-IMG_4925-scr.jpg 950w\" >\r\n        <\/a><\/div><\/span><span class=\"gallery-item\"><div class=\"hidden\"><a href=\"https:\/\/semmelweis.hu\/hirek\/files\/2015\/06\/RS32614_ka-20150627-IMG_4929-scr.jpg\">\r\n        <img src=https:\/\/semmelweis.hu\/hirek\/files\/2015\/06\/RS32614_ka-20150627-IMG_4929-scr.jpg alt=\"\" class=\"attachment-sote-gallery-big size-sote-gallery-big\" srcset=\"https:\/\/semmelweis.hu\/hirek\/files\/2015\/06\/RS32614_ka-20150627-IMG_4929-scr-300x200.jpg 300w, https:\/\/semmelweis.hu\/hirek\/files\/2015\/06\/RS32614_ka-20150627-IMG_4929-scr-600x400.jpg 600w, https:\/\/semmelweis.hu\/hirek\/files\/2015\/06\/RS32614_ka-20150627-IMG_4929-scr-450x300.jpg 450w, https:\/\/semmelweis.hu\/hirek\/files\/2015\/06\/RS32614_ka-20150627-IMG_4929-scr.jpg 950w\" >\r\n        <\/a><\/div><\/span><span class=\"gallery-item\"><div class=\"hidden\"><a href=\"https:\/\/semmelweis.hu\/hirek\/files\/2015\/06\/RS32617_ka-20150627-IMG_4944-scr.jpg\">\r\n        <img src=https:\/\/semmelweis.hu\/hirek\/files\/2015\/06\/RS32617_ka-20150627-IMG_4944-scr.jpg alt=\"\" class=\"attachment-sote-gallery-big size-sote-gallery-big\" srcset=\"https:\/\/semmelweis.hu\/hirek\/files\/2015\/06\/RS32617_ka-20150627-IMG_4944-scr-300x200.jpg 300w, https:\/\/semmelweis.hu\/hirek\/files\/2015\/06\/RS32617_ka-20150627-IMG_4944-scr-600x400.jpg 600w, https:\/\/semmelweis.hu\/hirek\/files\/2015\/06\/RS32617_ka-20150627-IMG_4944-scr-450x300.jpg 450w, https:\/\/semmelweis.hu\/hirek\/files\/2015\/06\/RS32617_ka-20150627-IMG_4944-scr.jpg 950w\" >\r\n        <\/a><\/div><\/span><span class=\"gallery-item\"><div class=\"hidden\"><a href=\"https:\/\/semmelweis.hu\/hirek\/files\/2015\/06\/RS32619_ka-20150627-IMG_4953-scr.jpg\">\r\n        <img src=https:\/\/semmelweis.hu\/hirek\/files\/2015\/06\/RS32619_ka-20150627-IMG_4953-scr.jpg alt=\"\" class=\"attachment-sote-gallery-big size-sote-gallery-big\" srcset=\"https:\/\/semmelweis.hu\/hirek\/files\/2015\/06\/RS32619_ka-20150627-IMG_4953-scr-200x300.jpg 200w, https:\/\/semmelweis.hu\/hirek\/files\/2015\/06\/RS32619_ka-20150627-IMG_4953-scr-267x400.jpg 267w, https:\/\/semmelweis.hu\/hirek\/files\/2015\/06\/RS32619_ka-20150627-IMG_4953-scr.jpg 500w\" >\r\n        <\/a><\/div><\/span><span class=\"gallery-item\"><div class=\"hidden\"><a href=\"https:\/\/semmelweis.hu\/hirek\/files\/2015\/06\/RS32620_ka-20150627-IMG_4963-scr.jpg\">\r\n        <img src=https:\/\/semmelweis.hu\/hirek\/files\/2015\/06\/RS32620_ka-20150627-IMG_4963-scr.jpg alt=\"\" class=\"attachment-sote-gallery-big size-sote-gallery-big\" srcset=\"https:\/\/semmelweis.hu\/hirek\/files\/2015\/06\/RS32620_ka-20150627-IMG_4963-scr-300x200.jpg 300w, https:\/\/semmelweis.hu\/hirek\/files\/2015\/06\/RS32620_ka-20150627-IMG_4963-scr-600x400.jpg 600w, https:\/\/semmelweis.hu\/hirek\/files\/2015\/06\/RS32620_ka-20150627-IMG_4963-scr-450x300.jpg 450w, https:\/\/semmelweis.hu\/hirek\/files\/2015\/06\/RS32620_ka-20150627-IMG_4963-scr.jpg 950w\" >\r\n        <\/a><\/div><\/span><span class=\"gallery-item\"><div class=\"hidden\"><a href=\"https:\/\/semmelweis.hu\/hirek\/files\/2015\/06\/RS32624_ka-20150627-IMG_4982-scr.jpg\">\r\n        <img src=https:\/\/semmelweis.hu\/hirek\/files\/2015\/06\/RS32624_ka-20150627-IMG_4982-scr.jpg alt=\"\" class=\"attachment-sote-gallery-big size-sote-gallery-big\" srcset=\"https:\/\/semmelweis.hu\/hirek\/files\/2015\/06\/RS32624_ka-20150627-IMG_4982-scr-300x200.jpg 300w, https:\/\/semmelweis.hu\/hirek\/files\/2015\/06\/RS32624_ka-20150627-IMG_4982-scr-600x400.jpg 600w, https:\/\/semmelweis.hu\/hirek\/files\/2015\/06\/RS32624_ka-20150627-IMG_4982-scr-450x300.jpg 450w, https:\/\/semmelweis.hu\/hirek\/files\/2015\/06\/RS32624_ka-20150627-IMG_4982-scr.jpg 950w\" >\r\n        <\/a><\/div><\/span><span class=\"gallery-item\"><div class=\"hidden\"><a href=\"https:\/\/semmelweis.hu\/hirek\/files\/2015\/06\/RS32626_ka-20150627-IMG_4988-scr.jpg\">\r\n        <img src=https:\/\/semmelweis.hu\/hirek\/files\/2015\/06\/RS32626_ka-20150627-IMG_4988-scr.jpg alt=\"\" class=\"attachment-sote-gallery-big size-sote-gallery-big\" srcset=\"https:\/\/semmelweis.hu\/hirek\/files\/2015\/06\/RS32626_ka-20150627-IMG_4988-scr-300x200.jpg 300w, https:\/\/semmelweis.hu\/hirek\/files\/2015\/06\/RS32626_ka-20150627-IMG_4988-scr-600x400.jpg 600w, https:\/\/semmelweis.hu\/hirek\/files\/2015\/06\/RS32626_ka-20150627-IMG_4988-scr-450x300.jpg 450w, https:\/\/semmelweis.hu\/hirek\/files\/2015\/06\/RS32626_ka-20150627-IMG_4988-scr.jpg 950w\" >\r\n        <\/a><\/div><\/span><span class=\"gallery-item\"><div class=\"hidden\"><a href=\"https:\/\/semmelweis.hu\/hirek\/files\/2015\/06\/RS32627_ka-20150627-IMG_4996-scr.jpg\">\r\n        <img src=https:\/\/semmelweis.hu\/hirek\/files\/2015\/06\/RS32627_ka-20150627-IMG_4996-scr.jpg alt=\"\" class=\"attachment-sote-gallery-big size-sote-gallery-big\" srcset=\"https:\/\/semmelweis.hu\/hirek\/files\/2015\/06\/RS32627_ka-20150627-IMG_4996-scr-300x200.jpg 300w, https:\/\/semmelweis.hu\/hirek\/files\/2015\/06\/RS32627_ka-20150627-IMG_4996-scr-600x400.jpg 600w, https:\/\/semmelweis.hu\/hirek\/files\/2015\/06\/RS32627_ka-20150627-IMG_4996-scr-450x300.jpg 450w, https:\/\/semmelweis.hu\/hirek\/files\/2015\/06\/RS32627_ka-20150627-IMG_4996-scr.jpg 950w\" >\r\n        <\/a><\/div><\/span><span class=\"gallery-item\"><div class=\"hidden\"><a href=\"https:\/\/semmelweis.hu\/hirek\/files\/2015\/06\/RS32631_ka-20150627-IMG_5025-scr.jpg\">\r\n        <img src=https:\/\/semmelweis.hu\/hirek\/files\/2015\/06\/RS32631_ka-20150627-IMG_5025-scr.jpg alt=\"\" class=\"attachment-sote-gallery-big size-sote-gallery-big\" srcset=\"https:\/\/semmelweis.hu\/hirek\/files\/2015\/06\/RS32631_ka-20150627-IMG_5025-scr-300x200.jpg 300w, https:\/\/semmelweis.hu\/hirek\/files\/2015\/06\/RS32631_ka-20150627-IMG_5025-scr-600x400.jpg 600w, https:\/\/semmelweis.hu\/hirek\/files\/2015\/06\/RS32631_ka-20150627-IMG_5025-scr-450x300.jpg 450w, https:\/\/semmelweis.hu\/hirek\/files\/2015\/06\/RS32631_ka-20150627-IMG_5025-scr.jpg 950w\" >\r\n        <\/a><\/div><\/span><span class=\"gallery-item\"><div class=\"hidden\"><a href=\"https:\/\/semmelweis.hu\/hirek\/files\/2015\/06\/RS32633_ka-20150627-IMG_5052-scr.jpg\">\r\n        <img src=https:\/\/semmelweis.hu\/hirek\/files\/2015\/06\/RS32633_ka-20150627-IMG_5052-scr.jpg alt=\"\" class=\"attachment-sote-gallery-big size-sote-gallery-big\" srcset=\"https:\/\/semmelweis.hu\/hirek\/files\/2015\/06\/RS32633_ka-20150627-IMG_5052-scr-300x200.jpg 300w, https:\/\/semmelweis.hu\/hirek\/files\/2015\/06\/RS32633_ka-20150627-IMG_5052-scr-600x400.jpg 600w, https:\/\/semmelweis.hu\/hirek\/files\/2015\/06\/RS32633_ka-20150627-IMG_5052-scr-450x300.jpg 450w, https:\/\/semmelweis.hu\/hirek\/files\/2015\/06\/RS32633_ka-20150627-IMG_5052-scr.jpg 950w\" >\r\n        <\/a><\/div><\/span><span class=\"gallery-item\"><div class=\"hidden\"><a href=\"https:\/\/semmelweis.hu\/hirek\/files\/2015\/06\/RS32640_ka-20150627-IMG_5088-scr.jpg\">\r\n        <img src=https:\/\/semmelweis.hu\/hirek\/files\/2015\/06\/RS32640_ka-20150627-IMG_5088-scr.jpg alt=\"\" class=\"attachment-sote-gallery-big size-sote-gallery-big\" srcset=\"https:\/\/semmelweis.hu\/hirek\/files\/2015\/06\/RS32640_ka-20150627-IMG_5088-scr-300x200.jpg 300w, https:\/\/semmelweis.hu\/hirek\/files\/2015\/06\/RS32640_ka-20150627-IMG_5088-scr-600x400.jpg 600w, https:\/\/semmelweis.hu\/hirek\/files\/2015\/06\/RS32640_ka-20150627-IMG_5088-scr-450x300.jpg 450w, https:\/\/semmelweis.hu\/hirek\/files\/2015\/06\/RS32640_ka-20150627-IMG_5088-scr.jpg 950w\" >\r\n        <\/a><\/div><\/span><span class=\"gallery-item\"><div class=\"hidden\"><a href=\"https:\/\/semmelweis.hu\/hirek\/files\/2015\/06\/RS32635_ka-20150627-IMG_5069-scr.jpg\">\r\n        <img src=https:\/\/semmelweis.hu\/hirek\/files\/2015\/06\/RS32635_ka-20150627-IMG_5069-scr.jpg alt=\"\" class=\"attachment-sote-gallery-big size-sote-gallery-big\" srcset=\"https:\/\/semmelweis.hu\/hirek\/files\/2015\/06\/RS32635_ka-20150627-IMG_5069-scr-300x200.jpg 300w, https:\/\/semmelweis.hu\/hirek\/files\/2015\/06\/RS32635_ka-20150627-IMG_5069-scr-600x400.jpg 600w, https:\/\/semmelweis.hu\/hirek\/files\/2015\/06\/RS32635_ka-20150627-IMG_5069-scr-450x300.jpg 450w, https:\/\/semmelweis.hu\/hirek\/files\/2015\/06\/RS32635_ka-20150627-IMG_5069-scr.jpg 950w\" >\r\n        <\/a><\/div><\/span><span class=\"gallery-item\"><div class=\"hidden\"><a href=\"https:\/\/semmelweis.hu\/hirek\/files\/2015\/06\/RS32638_ka-20150627-IMG_5079-scr.jpg\">\r\n        <img src=https:\/\/semmelweis.hu\/hirek\/files\/2015\/06\/RS32638_ka-20150627-IMG_5079-scr.jpg alt=\"\" class=\"attachment-sote-gallery-big size-sote-gallery-big\" srcset=\"https:\/\/semmelweis.hu\/hirek\/files\/2015\/06\/RS32638_ka-20150627-IMG_5079-scr-300x200.jpg 300w, https:\/\/semmelweis.hu\/hirek\/files\/2015\/06\/RS32638_ka-20150627-IMG_5079-scr-600x400.jpg 600w, https:\/\/semmelweis.hu\/hirek\/files\/2015\/06\/RS32638_ka-20150627-IMG_5079-scr-450x300.jpg 450w, https:\/\/semmelweis.hu\/hirek\/files\/2015\/06\/RS32638_ka-20150627-IMG_5079-scr.jpg 950w\" >\r\n        <\/a><\/div><\/span><span class=\"gallery-item\"><div class=\"hidden\"><a href=\"https:\/\/semmelweis.hu\/hirek\/files\/2015\/06\/RS32639_ka-20150627-IMG_5084-scr.jpg\">\r\n        <img src=https:\/\/semmelweis.hu\/hirek\/files\/2015\/06\/RS32639_ka-20150627-IMG_5084-scr.jpg alt=\"\" class=\"attachment-sote-gallery-big size-sote-gallery-big\" srcset=\"https:\/\/semmelweis.hu\/hirek\/files\/2015\/06\/RS32639_ka-20150627-IMG_5084-scr-300x200.jpg 300w, https:\/\/semmelweis.hu\/hirek\/files\/2015\/06\/RS32639_ka-20150627-IMG_5084-scr-600x400.jpg 600w, https:\/\/semmelweis.hu\/hirek\/files\/2015\/06\/RS32639_ka-20150627-IMG_5084-scr-450x300.jpg 450w, https:\/\/semmelweis.hu\/hirek\/files\/2015\/06\/RS32639_ka-20150627-IMG_5084-scr.jpg 950w\" >\r\n        <\/a><\/div><\/span><span class=\"gallery-item\"><div class=\"hidden\"><a href=\"https:\/\/semmelweis.hu\/hirek\/files\/2015\/06\/RS32641_ka-20150627-IMG_5105-scr.jpg\">\r\n        <img src=https:\/\/semmelweis.hu\/hirek\/files\/2015\/06\/RS32641_ka-20150627-IMG_5105-scr.jpg alt=\"\" class=\"attachment-sote-gallery-big size-sote-gallery-big\" srcset=\"https:\/\/semmelweis.hu\/hirek\/files\/2015\/06\/RS32641_ka-20150627-IMG_5105-scr-300x200.jpg 300w, https:\/\/semmelweis.hu\/hirek\/files\/2015\/06\/RS32641_ka-20150627-IMG_5105-scr-600x400.jpg 600w, https:\/\/semmelweis.hu\/hirek\/files\/2015\/06\/RS32641_ka-20150627-IMG_5105-scr-450x300.jpg 450w, https:\/\/semmelweis.hu\/hirek\/files\/2015\/06\/RS32641_ka-20150627-IMG_5105-scr.jpg 950w\" >\r\n        <\/a><\/div><\/span><span class=\"gallery-item\"><div class=\"hidden\"><a href=\"https:\/\/semmelweis.hu\/hirek\/files\/2015\/06\/RS32642_ka-20150627-IMG_5133-scr.jpg\">\r\n        <img src=https:\/\/semmelweis.hu\/hirek\/files\/2015\/06\/RS32642_ka-20150627-IMG_5133-scr.jpg alt=\"\" class=\"attachment-sote-gallery-big size-sote-gallery-big\" srcset=\"https:\/\/semmelweis.hu\/hirek\/files\/2015\/06\/RS32642_ka-20150627-IMG_5133-scr-300x200.jpg 300w, https:\/\/semmelweis.hu\/hirek\/files\/2015\/06\/RS32642_ka-20150627-IMG_5133-scr-600x400.jpg 600w, https:\/\/semmelweis.hu\/hirek\/files\/2015\/06\/RS32642_ka-20150627-IMG_5133-scr-450x300.jpg 450w, https:\/\/semmelweis.hu\/hirek\/files\/2015\/06\/RS32642_ka-20150627-IMG_5133-scr.jpg 950w\" >\r\n        <\/a><\/div><\/span><span class=\"gallery-item\"><div class=\"hidden\"><a href=\"https:\/\/semmelweis.hu\/hirek\/files\/2015\/06\/RS32643_ka-20150627-IMG_5139-scr.jpg\">\r\n        <img src=https:\/\/semmelweis.hu\/hirek\/files\/2015\/06\/RS32643_ka-20150627-IMG_5139-scr.jpg alt=\"\" class=\"attachment-sote-gallery-big size-sote-gallery-big\" srcset=\"https:\/\/semmelweis.hu\/hirek\/files\/2015\/06\/RS32643_ka-20150627-IMG_5139-scr-300x200.jpg 300w, https:\/\/semmelweis.hu\/hirek\/files\/2015\/06\/RS32643_ka-20150627-IMG_5139-scr-600x400.jpg 600w, https:\/\/semmelweis.hu\/hirek\/files\/2015\/06\/RS32643_ka-20150627-IMG_5139-scr-450x300.jpg 450w, https:\/\/semmelweis.hu\/hirek\/files\/2015\/06\/RS32643_ka-20150627-IMG_5139-scr.jpg 950w\" >\r\n        <\/a><\/div><\/span>\r\n            <\/div>\r\n\r\n            [\/slb_exclude]\r\n\t\n","protected":false},"excerpt":{"rendered":"<p>Esk\u00fct\u00e9tel\u00fcket k\u00f6vet\u0151en dr. Sz\u00e9l \u00c1goston rektor \u00e9s dr. Zelk\u00f3 Rom\u00e1na d\u00e9k\u00e1n avatta gy\u00f3gyszer\u00e9szdoktorr\u00e1 a Gy\u00f3gyszer\u00e9sztudom\u00e1nyi Kar (GYTK) most v\u00e9gzett hallgat\u00f3it. 16-an summa cum laude, 60-an cum laude \u00e9s 30-an rite min\u0151s\u00edt\u00e9s\u0171 gy\u00f3gyszerdoktori diplom\u00e1t vehettek \u00e1t. <a href=\"https:\/\/semmelweis.hu\/hirek\/files\/2015\/06\/RS32624_ka-20150627-IMG_4982-scr.jpg\"><\/a> A Szen\u00e1tus \u00fcnnepi nyilv\u00e1nos \u00fcl\u00e9s\u00e9t dr. Sz\u00e9l \u00c1goston rektor nyitotta meg, a gy\u00f3gyszer\u00e9szjel\u00f6ltek avat\u00e1si ir\u00e1nt k\u00e9relm\u00e9t Tolnay Bor\u00f3ka gy\u00f3gyszer\u00e9szjel\u00f6lt terjesztette &hellip;<\/p>\n","protected":false},"author":13,"featured_media":42639,"comment_status":"closed","ping_status":"closed","sticky":false,"template":"","format":"standard","meta":{"_acf_changed":false,"footnotes":""},"categories":[],"tags":[3647,1792,207,3444],"class_list":["post-42624","post","type-post","status-publish","format-standard","has-post-thumbnail","hentry","tag-diplomaatado","tag-diplomaoszto","tag-gytk","tag-oktatas"],"acf":[],"_links":{"self":[{"href":"https:\/\/semmelweis.hu\/hirek\/wp-json\/wp\/v2\/posts\/42624","targetHints":{"allow":["GET"]}}],"collection":[{"href":"https:\/\/semmelweis.hu\/hirek\/wp-json\/wp\/v2\/posts"}],"about":[{"href":"https:\/\/semmelweis.hu\/hirek\/wp-json\/wp\/v2\/types\/post"}],"author":[{"embeddable":true,"href":"https:\/\/semmelweis.hu\/hirek\/wp-json\/wp\/v2\/users\/13"}],"replies":[{"embeddable":true,"href":"https:\/\/semmelweis.hu\/hirek\/wp-json\/wp\/v2\/comments?post=42624"}],"version-history":[{"count":10,"href":"https:\/\/semmelweis.hu\/hirek\/wp-json\/wp\/v2\/posts\/42624\/revisions"}],"predecessor-version":[{"id":61439,"href":"https:\/\/semmelweis.hu\/hirek\/wp-json\/wp\/v2\/posts\/42624\/revisions\/61439"}],"wp:featuredmedia":[{"embeddable":true,"href":"https:\/\/semmelweis.hu\/hirek\/wp-json\/wp\/v2\/media\/42639"}],"wp:attachment":[{"href":"https:\/\/semmelweis.hu\/hirek\/wp-json\/wp\/v2\/media?parent=42624"}],"wp:term":[{"taxonomy":"category","embeddable":true,"href":"https:\/\/semmelweis.hu\/hirek\/wp-json\/wp\/v2\/categories?post=42624"},{"taxonomy":"post_tag","embeddable":true,"href":"https:\/\/semmelweis.hu\/hirek\/wp-json\/wp\/v2\/tags?post=42624"}],"curies":[{"name":"wp","href":"https:\/\/api.w.org\/{rel}","templated":true}]}}