{"id":41966,"date":"2015-06-08T10:42:36","date_gmt":"2015-06-08T08:42:36","guid":{"rendered":"http:\/\/semmelweis.hu\/hirek\/?p=41966"},"modified":"2015-06-08T10:48:52","modified_gmt":"2015-06-08T08:48:52","slug":"hemokromatozis-vilagnapi-betegtalalkozo-a-kutvolgyiben","status":"publish","type":"post","link":"https:\/\/semmelweis.hu\/hirek\/2015\/06\/08\/hemokromatozis-vilagnapi-betegtalalkozo-a-kutvolgyiben\/","title":{"rendered":"Hemokromat\u00f3zis vil\u00e1gnapi betegtal\u00e1lkoz\u00f3 a K\u00fatv\u00f6lgyiben"},"content":{"rendered":"<p><a href=\"https:\/\/semmelweis.hu\/hirek\/files\/2015\/06\/HBE-csoportk\u00e9p_2.jpg\"><img loading=\"lazy\" decoding=\"async\" class=\"alignleft size-medium wp-image-41967\" src=\"https:\/\/semmelweis.hu\/hirek\/files\/2015\/06\/HBE-csoportk\u00e9p_2-300x225.jpg\" alt=\"HBE csoportk\u00e9p_2\" width=\"300\" height=\"225\" srcset=\"https:\/\/semmelweis.hu\/hirek\/files\/2015\/06\/HBE-csoportk\u00e9p_2-300x225.jpg 300w, https:\/\/semmelweis.hu\/hirek\/files\/2015\/06\/HBE-csoportk\u00e9p_2-533x400.jpg 533w, https:\/\/semmelweis.hu\/hirek\/files\/2015\/06\/HBE-csoportk\u00e9p_2-400x300.jpg 400w, https:\/\/semmelweis.hu\/hirek\/files\/2015\/06\/HBE-csoportk\u00e9p_2-600x450.jpg 600w, https:\/\/semmelweis.hu\/hirek\/files\/2015\/06\/HBE-csoportk\u00e9p_2.jpg 1400w\" sizes=\"auto, (max-width: 300px) 100vw, 300px\" \/><\/a>Imm\u00e1r \u00f6t\u00f6dsz\u00f6r rendezt\u00e9k meg a magyar Hemokromat\u00f3zisos Betegek Egyes\u00fclet\u00e9nek (HBE) rendezv\u00e9ny\u00e9t a K\u00fatv\u00f6lgyi Klinikai T\u00f6mbben, kapcsol\u00f3dva a minden \u00e9v j\u00fanius els\u0151 fel\u00e9ben megtartott vil\u00e1gnaphoz. A hemokromat\u00f3zis, vagyis a vast\u00falterhel\u0151d\u00e9s alattomos, t\u00fcnetszeg\u00e9ny, \u00e9ppen ez\u00e9rt nehezen felismerhet\u0151, \u00f6r\u00f6kletes betegs\u00e9g, mely eset\u00e9ben az id\u0151ben fel\u00e1ll\u00edtott diagn\u00f3zis \u00e9s elkezdett kezel\u00e9s \u00e9letet menthet.<\/p>\n<p>A hemokromat\u00f3zis napja rendezv\u00e9nyen a r\u00e9sztvev\u0151k a betegs\u00e9g\u00fckkel kapcsolatos tudnival\u00f3kr\u00f3l kaptak t\u00e1j\u00e9koztat\u00f3t, sz\u00f3 esett a betegs\u00e9g felismer\u00e9s\u00e9r\u0151l, a gondoz\u00e1ssal kapcsolatos probl\u00e9m\u00e1kr\u00f3l. A r\u00e9sztvev\u0151ket a Hemokromat\u00f3zisos Betegek Egyes\u00fclet\u00e9nek eln\u00f6ke, \u00c1bele M\u00e1ria k\u00f6sz\u00f6nt\u00f6tte, aki ismertette az eur\u00f3pai erny\u0151szervezet (EFAPH) tagjainak aktivit\u00e1s\u00e1t bemutat\u00f3 HemoNews-t.<\/p>\n<p><a href=\"https:\/\/semmelweis.hu\/hirek\/files\/2015\/06\/Dr.Andrikovics-Hajnalka-el\u00f5ad_2.jpg\"><img loading=\"lazy\" decoding=\"async\" class=\"alignright size-medium wp-image-41968\" src=\"https:\/\/semmelweis.hu\/hirek\/files\/2015\/06\/Dr.Andrikovics-Hajnalka-el\u00f5ad_2-300x225.jpg\" alt=\"Dr.Andrikovics Hajnalka el\u00f5ad_2\" width=\"300\" height=\"225\" srcset=\"https:\/\/semmelweis.hu\/hirek\/files\/2015\/06\/Dr.Andrikovics-Hajnalka-el\u00f5ad_2-300x225.jpg 300w, https:\/\/semmelweis.hu\/hirek\/files\/2015\/06\/Dr.Andrikovics-Hajnalka-el\u00f5ad_2-533x400.jpg 533w, https:\/\/semmelweis.hu\/hirek\/files\/2015\/06\/Dr.Andrikovics-Hajnalka-el\u00f5ad_2-400x300.jpg 400w, https:\/\/semmelweis.hu\/hirek\/files\/2015\/06\/Dr.Andrikovics-Hajnalka-el\u00f5ad_2-600x450.jpg 600w, https:\/\/semmelweis.hu\/hirek\/files\/2015\/06\/Dr.Andrikovics-Hajnalka-el\u00f5ad_2.jpg 1400w\" sizes=\"auto, (max-width: 300px) 100vw, 300px\" \/><\/a>Dr. Andrikovics Hajnalka (Orsz\u00e1gos V\u00e9rell\u00e1t\u00f3 Szolg\u00e1lat, Molekul\u00e1ris Biol\u00f3giai Laborat\u00f3rium) a betegs\u00e9g \u00f6r\u00f6kl\u00e9smenet\u00e9r\u0151l, el\u0151fordul\u00e1si gyakoris\u00e1g\u00e1r\u00f3l \u00e9s a genetikai vizsg\u00e1lat menet\u00e9r\u0151l tartott a laikusok sz\u00e1m\u00e1ra is \u00e9rthet\u0151, r\u00f6vid kisfilmmel illusztr\u00e1lt el\u0151ad\u00e1st.<\/p>\n<p>Dr. V\u00e1rkonyi Judit, a szervezet alap\u00edt\u00f3ja, a III. Sz. Belgy\u00f3gy\u00e1szati Klinika docense el\u0151ad\u00e1s\u00e1ban hangs\u00falyozta: az \u00f6r\u00f6kletes vast\u00faltermel\u0151d\u00e9s korai felismer\u00e9s\u00e9vel, gondoz\u00e1sba v\u00e9tellel \u00e9s a kezel\u00e9s elkezd\u00e9s\u00e9vel \u2013 ami rendszeres v\u00e9rlebocs\u00e1t\u00e1st jelent -, valamint megfelel\u0151 eg\u00e9szs\u00e9gtudatos \u00e9letvitel mellett az \u00e9rintettek \u00e9lettartama semmiben sem k\u00fcl\u00f6nb\u00f6zik azok\u00e9t\u00f3l, akik nem hordozz\u00e1k a g\u00e9nhib\u00e1t.<\/p>\n<p><a href=\"https:\/\/semmelweis.hu\/hirek\/files\/2015\/06\/Dr.V\u00e1rkonyi-Judit-el\u00f5ad_2.jpg\"><img loading=\"lazy\" decoding=\"async\" class=\"alignleft size-medium wp-image-41969\" src=\"https:\/\/semmelweis.hu\/hirek\/files\/2015\/06\/Dr.V\u00e1rkonyi-Judit-el\u00f5ad_2-300x225.jpg\" alt=\"Dr.V\u00e1rkonyi Judit el\u00f5ad_2\" width=\"300\" height=\"225\" srcset=\"https:\/\/semmelweis.hu\/hirek\/files\/2015\/06\/Dr.V\u00e1rkonyi-Judit-el\u00f5ad_2-300x225.jpg 300w, https:\/\/semmelweis.hu\/hirek\/files\/2015\/06\/Dr.V\u00e1rkonyi-Judit-el\u00f5ad_2-533x400.jpg 533w, https:\/\/semmelweis.hu\/hirek\/files\/2015\/06\/Dr.V\u00e1rkonyi-Judit-el\u00f5ad_2-400x300.jpg 400w, https:\/\/semmelweis.hu\/hirek\/files\/2015\/06\/Dr.V\u00e1rkonyi-Judit-el\u00f5ad_2-600x450.jpg 600w, https:\/\/semmelweis.hu\/hirek\/files\/2015\/06\/Dr.V\u00e1rkonyi-Judit-el\u00f5ad_2.jpg 1400w\" sizes=\"auto, (max-width: 300px) 100vw, 300px\" \/><\/a>A betegs\u00e9g id\u0151beni felismer\u00e9s\u00e9t c\u00e9lz\u00f3 munka \u00f3ri\u00e1si n\u00e9peg\u00e9szs\u00e9g\u00fcgyi jelent\u0151s\u00e9ggel b\u00edr, mivel az \u00e9rintettek \u00edgy nem betegszenek meg: nem fejl\u0151dik ki benn\u00fck m\u00e1jzsugor, m\u00e1jr\u00e1k, egy\u00e9b daganatos betegs\u00e9g, nem lesznek cukorbetegek \u00e9s az \u00e9rrendszeri megbeteged\u00e9s sem s\u00fajtja \u0151ket id\u0151 el\u0151tt. Dr. V\u00e1rkonyi Judit el\u0151ad\u00e1s\u00e1ban sz\u00f3lt arr\u00f3l, hogy a hemokromat\u00f3zissal \u00e9l\u0151k alkalmasak lehetnek v\u00e9rad\u00f3nak, ugyanis a v\u00e9r\u00fckb\u0151l k\u00e9sz\u00edtett v\u00f6r\u00f6sv\u00e9rsejtmassza nem beteg\u00edti meg azt, aki megkapja.\u00a0 Eddig \u00f6t orsz\u00e1gban lehetnek leg\u00e1lisan v\u00e9rad\u00f3k az ilyen betegek. Az EFAPH \u00e9s a HBE azt szeretn\u00e9 el\u00e9rni, hogy Eur\u00f3pa t\u00f6bbi orsz\u00e1g\u00e1ban, \u00edgy haz\u00e1nkban is lehessenek v\u00e9rad\u00f3k az \u00e9rintettek.<\/p>\n<p>A HBE c\u00e9lja, hogy aktivit\u00e1s\u00e1val &#8211; a rendezv\u00e9nyeken val\u00f3 r\u00e9szv\u00e9tellel, ismeretterjeszt\u0151 bross\u00far\u00e1kkal &#8211; \u00a0\u00a0felh\u00edvja a figyelmet a minden 200. magyar embert \u00e9rint\u0151 vast\u00faltermel\u0151d\u00e9sre, \u00e9s arra, hogy a hemokromat\u00f3zis id\u0151ben t\u00f6rt\u00e9n\u0151 felismer\u00e9se \u00e9leteket ment meg.<\/p>\n<p>DP<br \/>Fot\u00f3k: Hemokromat\u00f3zisos Betegek Egyes\u00fclete<\/p>\n","protected":false},"excerpt":{"rendered":"<p><a href=\"https:\/\/semmelweis.hu\/hirek\/files\/2015\/06\/HBE-csoportk\u00e9p_2.jpg\"><\/a> Imm\u00e1r \u00f6t\u00f6dsz\u00f6r rendezt\u00e9k meg a magyar Hemokromat\u00f3zisos Betegek Egyes\u00fclet\u00e9nek (HBE) rendezv\u00e9ny\u00e9t a K\u00fatv\u00f6lgyi Klinikai T\u00f6mbben, kapcsol\u00f3dva a minden \u00e9v j\u00fanius els\u0151 fel\u00e9ben megtartott vil\u00e1gnaphoz. A hemokromat\u00f3zis, vagyis a vast\u00falterhel\u0151d\u00e9s alattomos, t\u00fcnetszeg\u00e9ny, \u00e9ppen ez\u00e9rt nehezen felismerhet\u0151, \u00f6r\u00f6kletes betegs\u00e9g, mely eset\u00e9ben az id\u0151ben fel\u00e1ll\u00edtott diagn\u00f3zis \u00e9s elkezdett kezel\u00e9s \u00e9letet menthet. A hemokromat\u00f3zis napja rendezv\u00e9nyen a r\u00e9sztvev\u0151k a &hellip;<\/p>\n","protected":false},"author":13,"featured_media":41967,"comment_status":"closed","ping_status":"closed","sticky":false,"template":"","format":"standard","meta":{"_acf_changed":false,"footnotes":""},"categories":[154,168],"tags":[162],"class_list":["post-41966","post","type-post","status-publish","format-standard","has-post-thumbnail","hentry","category-egeszseg","category-kiemelt","tag-eletmod-eletmod"],"acf":[],"_links":{"self":[{"href":"https:\/\/semmelweis.hu\/hirek\/wp-json\/wp\/v2\/posts\/41966","targetHints":{"allow":["GET"]}}],"collection":[{"href":"https:\/\/semmelweis.hu\/hirek\/wp-json\/wp\/v2\/posts"}],"about":[{"href":"https:\/\/semmelweis.hu\/hirek\/wp-json\/wp\/v2\/types\/post"}],"author":[{"embeddable":true,"href":"https:\/\/semmelweis.hu\/hirek\/wp-json\/wp\/v2\/users\/13"}],"replies":[{"embeddable":true,"href":"https:\/\/semmelweis.hu\/hirek\/wp-json\/wp\/v2\/comments?post=41966"}],"version-history":[{"count":5,"href":"https:\/\/semmelweis.hu\/hirek\/wp-json\/wp\/v2\/posts\/41966\/revisions"}],"predecessor-version":[{"id":41981,"href":"https:\/\/semmelweis.hu\/hirek\/wp-json\/wp\/v2\/posts\/41966\/revisions\/41981"}],"wp:featuredmedia":[{"embeddable":true,"href":"https:\/\/semmelweis.hu\/hirek\/wp-json\/wp\/v2\/media\/41967"}],"wp:attachment":[{"href":"https:\/\/semmelweis.hu\/hirek\/wp-json\/wp\/v2\/media?parent=41966"}],"wp:term":[{"taxonomy":"category","embeddable":true,"href":"https:\/\/semmelweis.hu\/hirek\/wp-json\/wp\/v2\/categories?post=41966"},{"taxonomy":"post_tag","embeddable":true,"href":"https:\/\/semmelweis.hu\/hirek\/wp-json\/wp\/v2\/tags?post=41966"}],"curies":[{"name":"wp","href":"https:\/\/api.w.org\/{rel}","templated":true}]}}