{"id":41877,"date":"2015-06-05T08:24:44","date_gmt":"2015-06-05T06:24:44","guid":{"rendered":"http:\/\/semmelweis.hu\/hirek\/?p=41877"},"modified":"2019-04-08T15:40:50","modified_gmt":"2019-04-08T13:40:50","slug":"tobb-mint-1-7-milliard-forint-konszolidacios-tamogatast-kapott-a-semmelweis-egyetem","status":"publish","type":"post","link":"https:\/\/semmelweis.hu\/hirek\/2015\/06\/05\/tobb-mint-1-7-milliard-forint-konszolidacios-tamogatast-kapott-a-semmelweis-egyetem\/","title":{"rendered":"T\u00f6bb mint 1, 7 milli\u00e1rd forint konszolid\u00e1ci\u00f3s t\u00e1mogat\u00e1st kapott a Semmelweis Egyetem"},"content":{"rendered":"<p>Meg\u00e9rkezett m\u00e1jus 28-\u00e1n a Semmelweis Egyetemre a k\u00f6zponti k\u00f6lts\u00e9gvet\u00e9sb\u0151l a konszolid\u00e1ci\u00f3s t\u00e1mogat\u00e1s. A t\u00f6bb mint 1, 7 milli\u00e1rd (pontosan 1\u00a0763\u00a0399\u00a0137) forint a 2015. m\u00e1rcius 31-\u00e9n lej\u00e1rt vagy az azt megel\u0151z\u0151 fizet\u00e9si esed\u00e9kess\u00e9g\u0171 sz\u00e1ml\u00e1k kifizet\u00e9s\u00e9re haszn\u00e1lhat\u00f3 fel, az Emberi Er\u0151forr\u00e1sok Miniszt\u00e9riuma \u00e1ltal a t\u00e1mogat\u00f3i okiratban meghat\u00e1rozott felt\u00e9teleknek megfelel\u0151en.<\/p>\n<p><a href=\"https:\/\/semmelweis.hu\/hirek\/files\/2015\/06\/5_RS31688_KA-20150604-IMG_7343-szasz-karoly-scr_6JO.jpg\"><img loading=\"lazy\" decoding=\"async\" class=\"alignright size-medium wp-image-41878\" src=\"https:\/\/semmelweis.hu\/hirek\/files\/2015\/06\/5_RS31688_KA-20150604-IMG_7343-szasz-karoly-scr_6JO-300x200.jpg\" alt=\"5_RS31688_KA-20150604-IMG_7343-szasz-karoly-scr_6JO\" width=\"300\" height=\"200\" srcset=\"https:\/\/semmelweis.hu\/hirek\/files\/2015\/06\/5_RS31688_KA-20150604-IMG_7343-szasz-karoly-scr_6JO-300x200.jpg 300w, https:\/\/semmelweis.hu\/hirek\/files\/2015\/06\/5_RS31688_KA-20150604-IMG_7343-szasz-karoly-scr_6JO-600x400.jpg 600w, https:\/\/semmelweis.hu\/hirek\/files\/2015\/06\/5_RS31688_KA-20150604-IMG_7343-szasz-karoly-scr_6JO-450x300.jpg 450w, https:\/\/semmelweis.hu\/hirek\/files\/2015\/06\/5_RS31688_KA-20150604-IMG_7343-szasz-karoly-scr_6JO.jpg 950w\" sizes=\"auto, (max-width: 300px) 100vw, 300px\" \/><\/a>Az el\u0151k\u00e9sz\u00edt\u0151 munka sor\u00e1n a kiemelt sz\u00e1ll\u00edt\u00f3kkal az \u00e1llam \u00e1llapodott meg. Ennek \u00e9rtelm\u00e9ben a Semmelweis Egyetem 23 kiemelt sz\u00e1ll\u00edt\u00f3nak \u00f6sszesen 1\u00a0443\u00a0 438\u00a0000 forintot utalt \u00e1t 2015. m\u00e1jus 31-ig. A fennmarad\u00f3 \u00f6sszeget (319\u00a0960\u00a0405 Ft) a kisebb sz\u00e1ll\u00edt\u00f3kkal szembeni tartoz\u00e1sok rendez\u00e9s\u00e9re kell ford\u00edtania az egyetemnek, saj\u00e1t hat\u00e1sk\u00f6rben megk\u00f6t\u00f6tt meg\u00e1llapod\u00e1sok alapj\u00e1n.\u00a0<\/p>\n<p>A be\u00e9rkezett \u00e1llami t\u00e1mogat\u00e1st a meghat\u00e1rozott sz\u00e1ll\u00edt\u00f3kkal szembeni tartoz\u00e1sra k\u00f6telez\u0151 ford\u00edtani, keretszint\u0171 kioszt\u00e1sra, illetve j\u00f6v\u0151beli k\u00f6telezetts\u00e9gv\u00e1llal\u00e1sra nem haszn\u00e1lhat\u00f3 fel. \u201eAz ad\u00f3ss\u00e1grendez\u00e9ssel megszabadultunk egy tehert\u0151l \u00e9s tiszta lappal indulhat az egyetem, ugyanakkor nem lehet ezt az \u00f6sszeget arra felhaszn\u00e1lni, hogy laz\u00edtsunk a k\u00f6z\u00f6sen elfogadott k\u00f6lts\u00e9gvet\u00e9si fegyelmen\u201d \u2013 hangs\u00falyozta dr. Sz\u00e1sz K\u00e1roly kancell\u00e1r. Mint fogalmazott: a jelent\u0151s \u00e1llami t\u00e1mogat\u00e1snak k\u00f6sz\u00f6nhet\u0151en kialakult egyens\u00falyi helyzetet a fegyelmezett gazd\u00e1lkod\u00e1s fenntart\u00e1s\u00e1val \u00e9s a klinikum strukt\u00far\u00e1j\u00e1nak r\u00e9g\u00f3ta sz\u00fcks\u00e9ges \u00e1talak\u00edt\u00e1s\u00e1val lehet fenntartani.\u00a0 Mint megjegyezte, ez ut\u00f3bbiban sz\u00e1m\u00edt majd a Klinikai K\u00f6zpont k\u00f6zelm\u00faltban felk\u00e9rt \u00faj vezet\u0151j\u00e9re. Ha megtessz\u00fck a sz\u00fcks\u00e9ges \u00e1talak\u00edt\u00e1sokat hat\u00e9konyabb, korszer\u0171bb \u00e9s fenntarthat\u00f3bb eg\u00e9szs\u00e9g\u00fcgyi strukt\u00fara alakul ki az egyetem \u2013 jegyezte meg.<\/p>\n<p><a href=\"https:\/\/semmelweis.hu\/hirek\/files\/2015\/06\/1_RS31682_KA-20150604-IMG_7383-szasz-karoly-scr_3_JO.jpg\"><img loading=\"lazy\" decoding=\"async\" class=\"alignleft size-medium wp-image-41879\" src=\"https:\/\/semmelweis.hu\/hirek\/files\/2015\/06\/1_RS31682_KA-20150604-IMG_7383-szasz-karoly-scr_3_JO-200x300.jpg\" alt=\"1_RS31682_KA-20150604-IMG_7383-szasz-karoly-scr_3_JO\" width=\"200\" height=\"300\" srcset=\"https:\/\/semmelweis.hu\/hirek\/files\/2015\/06\/1_RS31682_KA-20150604-IMG_7383-szasz-karoly-scr_3_JO-200x300.jpg 200w, https:\/\/semmelweis.hu\/hirek\/files\/2015\/06\/1_RS31682_KA-20150604-IMG_7383-szasz-karoly-scr_3_JO-267x400.jpg 267w, https:\/\/semmelweis.hu\/hirek\/files\/2015\/06\/1_RS31682_KA-20150604-IMG_7383-szasz-karoly-scr_3_JO.jpg 500w\" sizes=\"auto, (max-width: 200px) 100vw, 200px\" \/><\/a>A kancell\u00e1r az eddigi tapasztalatokkal kapcsolatban kiemelte: \u00f6sszess\u00e9g\u00e9ben p\u00e9ldamutat\u00f3, milyen fegyelmezetten betartja az egyetem a neh\u00e9z gazdas\u00e1gi helyzetben k\u00f6z\u00f6sen elfogadott k\u00f6lts\u00e9gvet\u00e9st. Kimutathat\u00f3 mind az egyetem eg\u00e9sze, mind a klinikum tekintet\u00e9ben, hogy a k\u00f6lts\u00e9gvet\u00e9st tartani lehet, amely\u00e9rt minden dolgoz\u00f3t \u00e9s egys\u00e9get k\u00f6sz\u00f6net illett \u2013 fogalmazott a kancell\u00e1r. Pozit\u00edvnak tartja, hogy a klinik\u00e1k egy r\u00e9sze k\u00fcl\u00f6nb\u00f6z\u0151 int\u00e9zked\u00e9seket is tett az egyens\u00falytalans\u00e1gok cs\u00f6kkent\u00e9se, a hi\u00e1ny lefarag\u00e1sa \u00e9rdek\u00e9ben.<\/p>\n<p>Dr. Sz\u00e1sz K\u00e1roly eml\u00e9keztetett arra, amit kancell\u00e1ri munk\u00e1j\u00e1nak kezdet\u00e9n mondott: akkor van es\u00e9ly a fejleszt\u00e9sekhez, stabil m\u0171k\u00f6d\u00e9shez pluszforr\u00e1sok bevon\u00e1s\u00e1ra, ha fegyelmezett gazd\u00e1lkod\u00e1s folyik az egyetemen. A mostani ad\u00f3ss\u00e1grendez\u00e9s hatalmas l\u00e9p\u00e9s a korm\u00e1ny r\u00e9sz\u00e9r\u0151l, \u00e9s jelzi azt is, hogy a fenntart\u00f3 meg\u00edt\u00e9l\u00e9se szerint hat\u00e9konyabban m\u0171k\u00f6dik az int\u00e9zm\u00e9ny.<\/p>\n<p>A fekv\u0151beteg szakell\u00e1t\u00e1st ny\u00fajt\u00f3 k\u00f6zfinansz\u00edrozott eg\u00e9szs\u00e9g\u00fcgyi szolg\u00e1ltat\u00f3k ad\u00f3ss\u00e1g\u00e1nak \u00e1llam \u00e1ltali rendez\u00e9s\u00e9r\u0151l a 1226\/2015 (IV.20) korm\u00e1nyhat\u00e1rozattal d\u00f6nt\u00f6tt a korm\u00e1ny, minderre mintegy 60 milli\u00e1rd forint \u00e1llt a rendelkez\u00e9sre. A t\u00e1mogat\u00e1s felhaszn\u00e1l\u00e1s\u00e1r\u00f3l p\u00e9nz\u00fcgyi \u00e9s szakmai besz\u00e1mol\u00f3t kell k\u00e9sz\u00edteni\u00fck az int\u00e9zm\u00e9nyeknek.<\/p>\n<p>Dobozi P\u00e1lma<br \/>\nFot\u00f3: Kov\u00e1cs Attila, Semmelweis Egyetem<\/p>\n","protected":false},"excerpt":{"rendered":"<p>Meg\u00e9rkezett m\u00e1jus 28-\u00e1n a Semmelweis Egyetemre a k\u00f6zponti k\u00f6lts\u00e9gvet\u00e9sb\u0151l a konszolid\u00e1ci\u00f3s t\u00e1mogat\u00e1s. A t\u00f6bb mint 1, 7 milli\u00e1rd (pontosan 1\u00a0763\u00a0399\u00a0137) forint a 2015. m\u00e1rcius 31-\u00e9n lej\u00e1rt vagy az azt megel\u0151z\u0151 fizet\u00e9si esed\u00e9kess\u00e9g\u0171 sz\u00e1ml\u00e1k kifizet\u00e9s\u00e9re haszn\u00e1lhat\u00f3 fel, az Emberi Er\u0151forr\u00e1sok Miniszt\u00e9riuma \u00e1ltal a t\u00e1mogat\u00f3i okiratban meghat\u00e1rozott felt\u00e9teleknek megfelel\u0151en. <a href=\"https:\/\/semmelweis.hu\/hirek\/files\/2015\/06\/5_RS31688_KA-20150604-IMG_7343-szasz-karoly-scr_6JO.jpg\"><\/a> Az el\u0151k\u00e9sz\u00edt\u0151 munka sor\u00e1n a kiemelt sz\u00e1ll\u00edt\u00f3kkal az &hellip;<\/p>\n","protected":false},"author":13,"featured_media":41878,"comment_status":"closed","ping_status":"closed","sticky":false,"template":"","format":"standard","meta":{"_acf_changed":false,"footnotes":""},"categories":[157,168],"tags":[4234,3365],"class_list":["post-41877","post","type-post","status-publish","format-standard","has-post-thumbnail","hentry","category-semmelweis-vilag","category-kiemelt","tag-aktualitasok","tag-kancellar-hirei"],"acf":[],"_links":{"self":[{"href":"https:\/\/semmelweis.hu\/hirek\/wp-json\/wp\/v2\/posts\/41877","targetHints":{"allow":["GET"]}}],"collection":[{"href":"https:\/\/semmelweis.hu\/hirek\/wp-json\/wp\/v2\/posts"}],"about":[{"href":"https:\/\/semmelweis.hu\/hirek\/wp-json\/wp\/v2\/types\/post"}],"author":[{"embeddable":true,"href":"https:\/\/semmelweis.hu\/hirek\/wp-json\/wp\/v2\/users\/13"}],"replies":[{"embeddable":true,"href":"https:\/\/semmelweis.hu\/hirek\/wp-json\/wp\/v2\/comments?post=41877"}],"version-history":[{"count":2,"href":"https:\/\/semmelweis.hu\/hirek\/wp-json\/wp\/v2\/posts\/41877\/revisions"}],"predecessor-version":[{"id":76544,"href":"https:\/\/semmelweis.hu\/hirek\/wp-json\/wp\/v2\/posts\/41877\/revisions\/76544"}],"wp:featuredmedia":[{"embeddable":true,"href":"https:\/\/semmelweis.hu\/hirek\/wp-json\/wp\/v2\/media\/41878"}],"wp:attachment":[{"href":"https:\/\/semmelweis.hu\/hirek\/wp-json\/wp\/v2\/media?parent=41877"}],"wp:term":[{"taxonomy":"category","embeddable":true,"href":"https:\/\/semmelweis.hu\/hirek\/wp-json\/wp\/v2\/categories?post=41877"},{"taxonomy":"post_tag","embeddable":true,"href":"https:\/\/semmelweis.hu\/hirek\/wp-json\/wp\/v2\/tags?post=41877"}],"curies":[{"name":"wp","href":"https:\/\/api.w.org\/{rel}","templated":true}]}}