{"id":41353,"date":"2015-05-18T13:26:52","date_gmt":"2015-05-18T11:26:52","guid":{"rendered":"http:\/\/semmelweis.hu\/hirek\/?p=41353"},"modified":"2019-04-08T15:40:52","modified_gmt":"2019-04-08T13:40:52","slug":"koltseghatekonyabba-valhat-a-portaszolgalat-az-egyetemen","status":"publish","type":"post","link":"https:\/\/semmelweis.hu\/hirek\/2015\/05\/18\/koltseghatekonyabba-valhat-a-portaszolgalat-az-egyetemen\/","title":{"rendered":"K\u00f6lts\u00e9ghat\u00e9konyabb\u00e1 v\u00e1lhat a portaszolg\u00e1lat az egyetemen"},"content":{"rendered":"<p>\u00c9vente t\u00f6bb mint 55 milli\u00f3 forint megtakar\u00edt\u00e1st eredm\u00e9nyezhet a portaszolg\u00e1lati rend tervezett \u00e1talak\u00edt\u00e1sa. Mint azt Boros Andr\u00e1s m\u0171szaki f\u0151igazgat\u00f3 elmondta: dr. Sz\u00e1sz K\u00e1roly kancell\u00e1r felk\u00e9r\u00e9s\u00e9re szisztematikusan \u00e1ttekintik az egyes ter\u00fcletek m\u0171k\u00f6d\u00e9s\u00e9t, hogy felt\u00e1rj\u00e1k, hol lehet \u00fagy k\u00f6lts\u00e9get megtakar\u00edtani, hogy a szolg\u00e1ltat\u00e1s sz\u00ednvonala ne cs\u00f6kkenjen, vagy ak\u00e1r javuljon is.<\/p>\n<p><a href=\"https:\/\/semmelweis.hu\/hirek\/files\/2015\/05\/RS31301_KA-20150518-IMG_0987-scr-1.jpg\"><img loading=\"lazy\" decoding=\"async\" class=\"alignleft size-medium wp-image-41355\" src=\"https:\/\/semmelweis.hu\/hirek\/files\/2015\/05\/RS31301_KA-20150518-IMG_0987-scr-1-300x200.jpg\" alt=\"RS31301_KA-20150518-IMG_0987-scr (1)\" width=\"300\" height=\"200\" srcset=\"https:\/\/semmelweis.hu\/hirek\/files\/2015\/05\/RS31301_KA-20150518-IMG_0987-scr-1-300x200.jpg 300w, https:\/\/semmelweis.hu\/hirek\/files\/2015\/05\/RS31301_KA-20150518-IMG_0987-scr-1-600x400.jpg 600w, https:\/\/semmelweis.hu\/hirek\/files\/2015\/05\/RS31301_KA-20150518-IMG_0987-scr-1-450x300.jpg 450w, https:\/\/semmelweis.hu\/hirek\/files\/2015\/05\/RS31301_KA-20150518-IMG_0987-scr-1.jpg 950w\" sizes=\"auto, (max-width: 300px) 100vw, 300px\" \/><\/a>A portaszolg\u00e1lati rendet a Biztons\u00e1gtechnikai Igazgat\u00f3s\u00e1g vizsg\u00e1lta fel\u00fcl, \u00e9s meg\u00e1llap\u00edt\u00e1saik szerint egyes szervezeti egys\u00e9gek portaszolg\u00e1latainak k\u00f6zpontos\u00edt\u00e1s\u00e1val, valamint r\u00f6vid t\u00e1von megt\u00e9r\u00fcl\u0151 biztons\u00e1gtechnikai fejleszt\u00e9sekkel (pl. riaszt\u00f3 \u00e9s v\u00e9delmi rendszerek ki\u00e9p\u00edt\u00e9se) \u00e9rhet\u0151 el a k\u00f6lts\u00e9gcs\u00f6kkent\u00e9s. A sz\u00fcks\u00e9ges egyszeri beruh\u00e1z\u00e1s k\u00f6lts\u00e9ge 19,8 milli\u00f3 forint, mely sz\u00e1m\u00edt\u00e1sok szerint legk\u00e9s\u0151bb kilenc h\u00f3napon bel\u00fcl megt\u00e9r\u00fcl. Ezek ut\u00e1n kevesebb port\u00e1ssal, illetve vagyon\u0151rrel l\u00e1that\u00f3 el az \u00e9l\u0151er\u0151s v\u00e9delem, ugyanakkor a v\u00e9delmi szint nem cs\u00f6kken a technikai fejleszt\u00e9seknek, valamint az eszk\u00f6z\u00f6k jelz\u00e9seire sz\u00fcks\u00e9g szerint vonul\u00f3 K\u00f6zponti Diszp\u00e9cser- \u00e9s J\u00e1r\u0151rszolg\u00e1latnak k\u00f6sz\u00f6nhet\u0151en.<\/p>\n<p><a href=\"https:\/\/semmelweis.hu\/hirek\/files\/2015\/05\/RS31325_KA-20150518-IMG_1108-boross-andras-scr.jpg\"><img loading=\"lazy\" decoding=\"async\" class=\"alignleft size-medium wp-image-41372\" src=\"https:\/\/semmelweis.hu\/hirek\/files\/2015\/05\/RS31325_KA-20150518-IMG_1108-boross-andras-scr-200x300.jpg\" alt=\"RS31325_KA-20150518-IMG_1108-boross-andras-scr\" width=\"200\" height=\"300\" srcset=\"https:\/\/semmelweis.hu\/hirek\/files\/2015\/05\/RS31325_KA-20150518-IMG_1108-boross-andras-scr-200x300.jpg 200w, https:\/\/semmelweis.hu\/hirek\/files\/2015\/05\/RS31325_KA-20150518-IMG_1108-boross-andras-scr-267x400.jpg 267w, https:\/\/semmelweis.hu\/hirek\/files\/2015\/05\/RS31325_KA-20150518-IMG_1108-boross-andras-scr.jpg 500w\" sizes=\"auto, (max-width: 200px) 100vw, 200px\" \/><\/a>Az \u00e1talak\u00edt\u00e1s sor\u00e1n \u2013 ahol ez megtakar\u00edt\u00e1st eredm\u00e9nyez \u2013 a portaszolg\u00e1ltat\u00e1sban dolgoz\u00f3k a Biztons\u00e1gtechnikai Igazgat\u00f3s\u00e1g saj\u00e1t k\u00f6zalkalmazotti \u00e1llom\u00e1ny\u00e1ba ker\u00fclnek. Az \u00e1tsorol\u00e1s ut\u00e1n az \u00e9rintett klinik\u00e1k egys\u00e9gesen 1230 forintos \u00f3rad\u00edj\u00e9rt jutnak portaszolg\u00e1ltat\u00e1shoz.\u00a0 A t\u00f6mb\u00f6s\u00edtett szolg\u00e1latszervez\u00e9s bevezet\u00e9s\u00e9vel kevesebb port\u00e1sra lesz sz\u00fcks\u00e9g, \u00e1m a szok\u00e1sos fluktu\u00e1ci\u00f3val sz\u00e1molva ez nem jelent elbocs\u00e1t\u00e1st \u2013 mondta Boros Andr\u00e1s.\u00a0<\/p>\n<p>Dr. Sz\u00e1sz K\u00e1roly kancell\u00e1r elfogadta az \u00e1talak\u00edt\u00e1ssal kapcsolatban elk\u00e9sz\u00edtett koncepci\u00f3t, \u00e9s t\u00e1mogatja a megval\u00f3s\u00edt\u00e1st. Boros Andr\u00e1s f\u0151igazgat\u00f3 \u00fagy v\u00e9li: a k\u00f6zbeszerz\u00e9si elj\u00e1r\u00e1s ki\u00edr\u00e1sa ut\u00e1n k\u00e9t-h\u00e1rom h\u00f3napon bel\u00fcl befejez\u0151dhetnek a sz\u00fcks\u00e9ges beruh\u00e1z\u00e1sok, \u00edgy \u0151sszel m\u00e1r \u00faj munkarend szerint m\u0171k\u00f6dhet a portaszolg\u00e1lat. Az int\u00e9zked\u00e9s hat\u00e1s\u00e1t a szervezeti egys\u00e9gek is \u00e9rezni fogj\u00e1k: a b\u00e9r oldalon felszabadul\u00f3 k\u00f6lts\u00e9gek mellett kevesebb dologi r\u00e1ford\u00edt\u00e1ssal is kell sz\u00e1molniuk.<\/p>\n<p>Dobozi P\u00e1lma<br \/>\nFot\u00f3: Kov\u00e1cs Attila, Semmelweis Egyetem<\/p>\n","protected":false},"excerpt":{"rendered":"<p>\u00c9vente t\u00f6bb mint 55 milli\u00f3 forint megtakar\u00edt\u00e1st eredm\u00e9nyezhet a portaszolg\u00e1lati rend tervezett \u00e1talak\u00edt\u00e1sa. Mint azt Boros Andr\u00e1s m\u0171szaki f\u0151igazgat\u00f3 elmondta: dr. Sz\u00e1sz K\u00e1roly kancell\u00e1r felk\u00e9r\u00e9s\u00e9re szisztematikusan \u00e1ttekintik az egyes ter\u00fcletek m\u0171k\u00f6d\u00e9s\u00e9t, hogy felt\u00e1rj\u00e1k, hol lehet \u00fagy k\u00f6lts\u00e9get megtakar\u00edtani, hogy a szolg\u00e1ltat\u00e1s sz\u00ednvonala ne cs\u00f6kkenjen, vagy ak\u00e1r javuljon is. <a href=\"https:\/\/semmelweis.hu\/hirek\/files\/2015\/05\/RS31301_KA-20150518-IMG_0987-scr-1.jpg\"><\/a> A portaszolg\u00e1lati rendet a Biztons\u00e1gtechnikai Igazgat\u00f3s\u00e1g vizsg\u00e1lta &hellip;<\/p>\n","protected":false},"author":13,"featured_media":41355,"comment_status":"closed","ping_status":"closed","sticky":false,"template":"","format":"standard","meta":{"_acf_changed":false,"footnotes":""},"categories":[157,168],"tags":[4234,3365],"class_list":["post-41353","post","type-post","status-publish","format-standard","has-post-thumbnail","hentry","category-semmelweis-vilag","category-kiemelt","tag-aktualitasok","tag-kancellar-hirei"],"acf":[],"_links":{"self":[{"href":"https:\/\/semmelweis.hu\/hirek\/wp-json\/wp\/v2\/posts\/41353","targetHints":{"allow":["GET"]}}],"collection":[{"href":"https:\/\/semmelweis.hu\/hirek\/wp-json\/wp\/v2\/posts"}],"about":[{"href":"https:\/\/semmelweis.hu\/hirek\/wp-json\/wp\/v2\/types\/post"}],"author":[{"embeddable":true,"href":"https:\/\/semmelweis.hu\/hirek\/wp-json\/wp\/v2\/users\/13"}],"replies":[{"embeddable":true,"href":"https:\/\/semmelweis.hu\/hirek\/wp-json\/wp\/v2\/comments?post=41353"}],"version-history":[{"count":6,"href":"https:\/\/semmelweis.hu\/hirek\/wp-json\/wp\/v2\/posts\/41353\/revisions"}],"predecessor-version":[{"id":76542,"href":"https:\/\/semmelweis.hu\/hirek\/wp-json\/wp\/v2\/posts\/41353\/revisions\/76542"}],"wp:featuredmedia":[{"embeddable":true,"href":"https:\/\/semmelweis.hu\/hirek\/wp-json\/wp\/v2\/media\/41355"}],"wp:attachment":[{"href":"https:\/\/semmelweis.hu\/hirek\/wp-json\/wp\/v2\/media?parent=41353"}],"wp:term":[{"taxonomy":"category","embeddable":true,"href":"https:\/\/semmelweis.hu\/hirek\/wp-json\/wp\/v2\/categories?post=41353"},{"taxonomy":"post_tag","embeddable":true,"href":"https:\/\/semmelweis.hu\/hirek\/wp-json\/wp\/v2\/tags?post=41353"}],"curies":[{"name":"wp","href":"https:\/\/api.w.org\/{rel}","templated":true}]}}