{"id":40811,"date":"2015-05-08T10:18:38","date_gmt":"2015-05-08T08:18:38","guid":{"rendered":"http:\/\/semmelweis.hu\/hirek\/?p=40811"},"modified":"2018-02-21T15:03:36","modified_gmt":"2018-02-21T14:03:36","slug":"esterhazy-miksa-dijat-kapott-dr-kokas-peter","status":"publish","type":"post","link":"https:\/\/semmelweis.hu\/hirek\/2015\/05\/08\/esterhazy-miksa-dijat-kapott-dr-kokas-peter\/","title":{"rendered":"Esterh\u00e1zy Miksa-d\u00edjat kapott dr. Kokas P\u00e9ter"},"content":{"rendered":"<p>Kit\u00fcntet\u00e9seket adtak \u00e1t a Magyar Sport Napja alkalm\u00e1b\u00f3l a Pesti Vigad\u00f3ban rendezett \u00fcnneps\u00e9gen.\u00a0Az elismer\u00e9seket Simicsk\u00f3 Istv\u00e1n sport\u00e9rt felel\u0151s \u00e1llamtitk\u00e1r \u00e9s Kiss Norbert helyettes \u00e1llamtitk\u00e1r adta \u00e1t. A rendezv\u00e9nyen\u00a0Esterh\u00e1zy Miksa-d\u00edjat vehetett \u00e1t a sport n\u00e9pszer\u0171s\u00edt\u00e9s\u00e9ben v\u00e9gzett kiemelked\u0151 tev\u00e9kenys\u00e9g\u00e9\u00e9rt dr. Kokas P\u00e9ter, az\u00a0I. Sz. Seb\u00e9szeti Klinika docense.<\/p>\n<p><a href=\"https:\/\/semmelweis.hu\/hirek\/files\/2015\/05\/esterhazymiksa.jpg\"><img loading=\"lazy\" decoding=\"async\" class=\"alignleft size-medium wp-image-40823\" src=\"https:\/\/semmelweis.hu\/hirek\/files\/2015\/05\/esterhazymiksa-300x200.jpg\" alt=\"esterhazymiksa\" width=\"300\" height=\"200\" srcset=\"https:\/\/semmelweis.hu\/hirek\/files\/2015\/05\/esterhazymiksa-300x200.jpg 300w, https:\/\/semmelweis.hu\/hirek\/files\/2015\/05\/esterhazymiksa-451x300.jpg 451w, https:\/\/semmelweis.hu\/hirek\/files\/2015\/05\/esterhazymiksa.jpg 496w\" sizes=\"auto, (max-width: 300px) 100vw, 300px\" \/><\/a>\u00d6r\u00f6m l\u00e1tni, hogy Magyarorsz\u00e1gon egyre t\u00f6bb gyermek sportol, mert ez az \u00e9rtelme az elm\u00falt \u00e9vekben elv\u00e9gzett munk\u00e1nknak \u2013 mondta k\u00f6sz\u00f6nt\u0151 besz\u00e9d\u00e9ben Simicsk\u00f3 Istv\u00e1n, aki hozz\u00e1tette, a magyar nemzet mindig kap a sportol\u00f3kt\u00f3l, ez\u00e9rt el kell ismerni azt a tev\u00e9kenys\u00e9get, amelyet t\u00f6bbek k\u00f6z\u00f6tt a most kit\u00fcntetett szakemberek is v\u00e9geztek \u00e9s v\u00e9geznek a magyar sport\u00e9rt.<\/p>\n<p>T\u00f3th-Szab\u00f3 Szilvia<br \/>\n Fot\u00f3: kormany.hu<\/p>\n","protected":false},"excerpt":{"rendered":"<p>Kit\u00fcntet\u00e9seket adtak \u00e1t a Magyar Sport Napja alkalm\u00e1b\u00f3l a Pesti Vigad\u00f3ban rendezett \u00fcnneps\u00e9gen.\u00a0Az elismer\u00e9seket Simicsk\u00f3 Istv\u00e1n sport\u00e9rt felel\u0151s \u00e1llamtitk\u00e1r \u00e9s Kiss Norbert helyettes \u00e1llamtitk\u00e1r adta \u00e1t. A rendezv\u00e9nyen\u00a0Esterh\u00e1zy Miksa-d\u00edjat vehetett \u00e1t a sport n\u00e9pszer\u0171s\u00edt\u00e9s\u00e9ben v\u00e9gzett kiemelked\u0151 tev\u00e9kenys\u00e9g\u00e9\u00e9rt dr. Kokas P\u00e9ter, az\u00a0I. Sz. Seb\u00e9szeti Klinika docense. <a href=\"https:\/\/semmelweis.hu\/hirek\/files\/2015\/05\/esterhazymiksa.jpg\"><\/a> \u00d6r\u00f6m l\u00e1tni, hogy Magyarorsz\u00e1gon egyre t\u00f6bb gyermek sportol, mert ez &hellip;<\/p>\n","protected":false},"author":11,"featured_media":40823,"comment_status":"closed","ping_status":"closed","sticky":false,"template":"","format":"standard","meta":{"_acf_changed":false,"footnotes":""},"categories":[157],"tags":[4070,158],"class_list":["post-40811","post","type-post","status-publish","format-standard","has-post-thumbnail","hentry","category-semmelweis-vilag","tag-allami-kituntetes","tag-dijak-kituntetesek"],"acf":[],"_links":{"self":[{"href":"https:\/\/semmelweis.hu\/hirek\/wp-json\/wp\/v2\/posts\/40811","targetHints":{"allow":["GET"]}}],"collection":[{"href":"https:\/\/semmelweis.hu\/hirek\/wp-json\/wp\/v2\/posts"}],"about":[{"href":"https:\/\/semmelweis.hu\/hirek\/wp-json\/wp\/v2\/types\/post"}],"author":[{"embeddable":true,"href":"https:\/\/semmelweis.hu\/hirek\/wp-json\/wp\/v2\/users\/11"}],"replies":[{"embeddable":true,"href":"https:\/\/semmelweis.hu\/hirek\/wp-json\/wp\/v2\/comments?post=40811"}],"version-history":[{"count":3,"href":"https:\/\/semmelweis.hu\/hirek\/wp-json\/wp\/v2\/posts\/40811\/revisions"}],"predecessor-version":[{"id":71527,"href":"https:\/\/semmelweis.hu\/hirek\/wp-json\/wp\/v2\/posts\/40811\/revisions\/71527"}],"wp:featuredmedia":[{"embeddable":true,"href":"https:\/\/semmelweis.hu\/hirek\/wp-json\/wp\/v2\/media\/40823"}],"wp:attachment":[{"href":"https:\/\/semmelweis.hu\/hirek\/wp-json\/wp\/v2\/media?parent=40811"}],"wp:term":[{"taxonomy":"category","embeddable":true,"href":"https:\/\/semmelweis.hu\/hirek\/wp-json\/wp\/v2\/categories?post=40811"},{"taxonomy":"post_tag","embeddable":true,"href":"https:\/\/semmelweis.hu\/hirek\/wp-json\/wp\/v2\/tags?post=40811"}],"curies":[{"name":"wp","href":"https:\/\/api.w.org\/{rel}","templated":true}]}}