{"id":39604,"date":"2015-03-20T17:26:47","date_gmt":"2015-03-20T16:26:47","guid":{"rendered":"http:\/\/semmelweis.hu\/hirek\/?p=39604"},"modified":"2018-08-28T08:04:57","modified_gmt":"2018-08-28T06:04:57","slug":"e-galeri-elektronikus-zenemuveszeti-muhely-indult-a-semmelweis-egyetemen","status":"publish","type":"post","link":"https:\/\/semmelweis.hu\/hirek\/2015\/03\/20\/e-galeri-elektronikus-zenemuveszeti-muhely-indult-a-semmelweis-egyetemen\/","title":{"rendered":"E-Galeri: elektronikus zenem\u0171v\u00e9szeti m\u0171hely indult a Semmelweis Egyetemen"},"content":{"rendered":"<div class=\"entry-content\">\n<p><a href=\"https:\/\/semmelweis.hu\/hirek\/files\/2015\/04\/RS29338_20150318-KA-20150318-IMG_7676-e-galeri-scr.jpg\"><img loading=\"lazy\" decoding=\"async\" class=\"alignleft size-medium wp-image-39605\" src=\"https:\/\/semmelweis.hu\/hirek\/files\/2015\/04\/RS29338_20150318-KA-20150318-IMG_7676-e-galeri-scr-300x200.jpg\" alt=\"RS29338_20150318-KA-20150318-IMG_7676-e-galeri-scr\" width=\"300\" height=\"200\" srcset=\"https:\/\/semmelweis.hu\/hirek\/files\/2015\/04\/RS29338_20150318-KA-20150318-IMG_7676-e-galeri-scr-300x200.jpg 300w, https:\/\/semmelweis.hu\/hirek\/files\/2015\/04\/RS29338_20150318-KA-20150318-IMG_7676-e-galeri-scr-600x400.jpg 600w, https:\/\/semmelweis.hu\/hirek\/files\/2015\/04\/RS29338_20150318-KA-20150318-IMG_7676-e-galeri-scr-450x300.jpg 450w, https:\/\/semmelweis.hu\/hirek\/files\/2015\/04\/RS29338_20150318-KA-20150318-IMG_7676-e-galeri-scr.jpg 950w\" sizes=\"auto, (max-width: 300px) 100vw, 300px\" \/><\/a>M\u0171helykoncerttel ny\u00edlt meg az \u201eE-Galeri\u201d, amelynek keret\u00e9ben az egyetem zenekedvel\u0151 hallgat\u00f3i, dolgoz\u00f3i kapnak lehet\u0151s\u00e9get a gyakorl\u00e1sra a Nagyv\u00e1rad T\u00e9ri Elm\u00e9leti T\u00f6mb Tan\u00e1csterm\u00e9nek gal\u00e9ri\u00e1j\u00e1n. A rendezv\u00e9nyt dr. T\u00edm\u00e1r J\u00f3zsef \u00e1ltal\u00e1nos \u00e9s oktat\u00e1si rektorhelyettes nyitotta meg, aki hangs\u00falyozta: a program seg\u00edt felsz\u00ednre hozni a Semmelweis Egyetemen lappang\u00f3 tehets\u00e9geket, akik szeretn\u00e9nek zen\u00e9lni, de nem tudnak hol gyakorolni, nincs hangszer\u00fck, vagy \u00e9ppen megfelel\u0151 tan\u00e1ruk.<\/p>\n<p><a href=\"https:\/\/semmelweis.hu\/hirek\/files\/2015\/04\/RS29311_20150318-KA-20150318-IMG_7745-e-galeri-scr.jpg\"><img loading=\"lazy\" decoding=\"async\" class=\"alignleft size-medium wp-image-39606\" src=\"https:\/\/semmelweis.hu\/hirek\/files\/2015\/04\/RS29311_20150318-KA-20150318-IMG_7745-e-galeri-scr-300x200.jpg\" alt=\"RS29311_20150318-KA-20150318-IMG_7745-e-galeri-scr\" width=\"300\" height=\"200\" srcset=\"https:\/\/semmelweis.hu\/hirek\/files\/2015\/04\/RS29311_20150318-KA-20150318-IMG_7745-e-galeri-scr-300x200.jpg 300w, https:\/\/semmelweis.hu\/hirek\/files\/2015\/04\/RS29311_20150318-KA-20150318-IMG_7745-e-galeri-scr-600x400.jpg 600w, https:\/\/semmelweis.hu\/hirek\/files\/2015\/04\/RS29311_20150318-KA-20150318-IMG_7745-e-galeri-scr-450x300.jpg 450w, https:\/\/semmelweis.hu\/hirek\/files\/2015\/04\/RS29311_20150318-KA-20150318-IMG_7745-e-galeri-scr.jpg 950w\" sizes=\"auto, (max-width: 300px) 100vw, 300px\" \/><\/a>Az E-Galeri kezdem\u00e9nyez\u0151je dr. Blazsek J\u00f3zsef, az Or\u00e1lbiol\u00f3giai Tansz\u00e9k docense, aki saj\u00e1t maga biztos\u00edtotta a sz\u00fcks\u00e9ges elektronikai alapfelszerel\u00e9st. Tapasztalatai szerint sz\u00e1mos olyan hallgat\u00f3 \u00e9s munkat\u00e1rs van az egyetemen, akik kiv\u00e1l\u00f3 zen\u00e9szek, de a hangszerek hi\u00e1nya miatt, vagy k\u00f6rnyezet\u00fck zavar\u00e1sa n\u00e9lk\u00fcl nem tudnak gyakorolni. Mindez legink\u00e1bb az elektronikus h\u00e1tt\u00e9rfelszerel\u00e9st ig\u00e9nyl\u0151 kort\u00e1rs zenei ir\u00e1nyzatokban jelent neh\u00e9zs\u00e9get. Az E-galeriben egy\u00fcttzen\u00e9l\u00e9sre is lesz lehet\u0151s\u00e9g k\u00fcl\u00f6nb\u00f6z\u0151 zenekari form\u00e1kban.<\/p>\n<p><a href=\"https:\/\/semmelweis.hu\/hirek\/files\/2015\/04\/RS29336_20150318-KA-20150318-IMG_7682-e-galeri-scr.jpg\"><img loading=\"lazy\" decoding=\"async\" class=\"alignright size-medium wp-image-39607\" src=\"https:\/\/semmelweis.hu\/hirek\/files\/2015\/04\/RS29336_20150318-KA-20150318-IMG_7682-e-galeri-scr-300x200.jpg\" alt=\"RS29336_20150318-KA-20150318-IMG_7682-e-galeri-scr\" width=\"300\" height=\"200\" srcset=\"https:\/\/semmelweis.hu\/hirek\/files\/2015\/04\/RS29336_20150318-KA-20150318-IMG_7682-e-galeri-scr-300x200.jpg 300w, https:\/\/semmelweis.hu\/hirek\/files\/2015\/04\/RS29336_20150318-KA-20150318-IMG_7682-e-galeri-scr-600x400.jpg 600w, https:\/\/semmelweis.hu\/hirek\/files\/2015\/04\/RS29336_20150318-KA-20150318-IMG_7682-e-galeri-scr-450x300.jpg 450w, https:\/\/semmelweis.hu\/hirek\/files\/2015\/04\/RS29336_20150318-KA-20150318-IMG_7682-e-galeri-scr.jpg 950w\" sizes=\"auto, (max-width: 300px) 100vw, 300px\" \/><\/a>A programind\u00edt\u00f3 m\u0171helykoncerten a hazai zenei \u00e9let nemzetk\u00f6zi szinten is rangos el\u0151ad\u00f3i \u2013 t\u00f6bbek k\u00f6z\u00f6tt Borb\u00e9ly Mih\u00e1ly, Dian R\u00f3bert, Ol\u00e1h-Tzumo \u00c1rp\u00e1d, Szakcsi-Lakatos B\u00e9la \u2013 l\u00e9ptek fel Kathy-Horv\u00e1th Lajos zenei vezet\u00e9s\u00e9vel, aki az E-Galeri zenei f\u0151mentora. A koncert ut\u00e1n lehet\u0151s\u00e9g volt eszk\u00f6zparkjuk kipr\u00f3b\u00e1l\u00e1s\u00e1ra, illetve k\u00f6z\u00f6s zen\u00e9l\u00e9sre is.<\/p>\n<p>Az els\u0151 elhangz\u00f3,\u00a0Promen\u00e1d c\u00edm\u0171 m\u0171vet Szakcsi Lakatos B\u00e9la, a Nemzet M\u0171v\u00e9sze c\u00edmmel kit\u00fcntetett, Kossuth-d\u00edjas \u00e9s Liszt Ferenc-d\u00edjas magyar zongoram\u0171v\u00e9sz \u00e9s zeneszerz\u0151 \u00a0adta el\u0151:\u00a0<\/p>\n<!--[if lt IE 9]><script>document.createElement('audio');<\/script><![endif]-->\n<audio class=\"wp-audio-shortcode\" id=\"audio-39604-1\" preload=\"none\" style=\"width: 100%;\" controls=\"controls\"><source type=\"audio\/mpeg\" src=\"https:\/\/semmelweis.hu\/hirek\/files\/2015\/03\/1-Promenade-SZAKCSI-Epiano-E-GALERI-mp3.mp3?_=1\" \/><a href=\"https:\/\/semmelweis.hu\/hirek\/files\/2015\/03\/1-Promenade-SZAKCSI-Epiano-E-GALERI-mp3.mp3\">https:\/\/semmelweis.hu\/hirek\/files\/2015\/03\/1-Promenade-SZAKCSI-Epiano-E-GALERI-mp3.mp3<\/a><\/audio>\n<p>&nbsp;<\/p>\n<p>A z\u00e1r\u00f3 sz\u00e1m az E-GALERI group el\u0151ad\u00e1sban(Blazsek J\u00f3zsef- fuvola; Borb\u00e9ly Mih\u00e1ly \u2013 alt szaxofon; Dian R\u00f3bert \u2013 akusztikus git\u00e1r; Kathy-Horv\u00e1th Lajos \u2013 elektromos heged\u0171; Ol\u00e1h Tzumo \u00c1rp\u00e1d \u2013 dob; T\u00e1las \u00c1ron \u2013 basszusgit\u00e1r; Unyatinszky J\u00e1nos \u2013 sz\u00f3l\u00f3git\u00e1r) a PUNCS volt:<\/p>\n<audio class=\"wp-audio-shortcode\" id=\"audio-39604-2\" preload=\"none\" style=\"width: 100%;\" controls=\"controls\"><source type=\"audio\/mpeg\" src=\"https:\/\/semmelweis.hu\/hirek\/files\/2015\/03\/7-Puncs-E-GaleriGroup-E-GALERI-mp3.mp3?_=2\" \/><a href=\"https:\/\/semmelweis.hu\/hirek\/files\/2015\/03\/7-Puncs-E-GaleriGroup-E-GALERI-mp3.mp3\">https:\/\/semmelweis.hu\/hirek\/files\/2015\/03\/7-Puncs-E-GaleriGroup-E-GALERI-mp3.mp3<\/a><\/audio>\n<p>&nbsp;<\/p>\n<p>Mint azt dr. Blazsek J\u00f3zsef elmondta: a m\u0171hely a Kerpel-Fronius \u00d6d\u00f6n tehets\u00e9ggondoz\u00f3 program keretein bel\u00fcl m\u0171k\u00f6dik, E-Galeri tags\u00e1ghoz \u00e9s felv\u00e9telhez k\u00f6t\u00f6tten el\u00e9rhet\u0151 a m\u00e1r valamilyen szinten zen\u00e9lni tud\u00f3k sz\u00e1m\u00e1ra. Szinte minden elektronikus h\u00e1tteret ig\u00e9nyl\u0151 hangszeren val\u00f3 gyakorl\u00e1shoz igyekeznek megteremteni a felt\u00e9teleket. Az alapvet\u0151en jazz \u00e9s blues profil\u00fa k\u00f6nny\u0171zenei E-Galeri m\u0171helyben jelenleg a gyakorl\u00e1son \u00e9s a pr\u00f3b\u00e1kra teszik a f\u0151 hangs\u00falyt, koncert akkor lesz legk\u00f6zelebb, ha lesz m\u00e1r bemutathat\u00f3 produkci\u00f3. A r\u00e9sztvev\u0151k \u00e9rkezhetnek hangszer n\u00e9lk\u00fcl is, csak a hangszeres tud\u00e1s a k\u00f6vetelm\u00e9ny. A r\u00e9szletekr\u0151l <a href=\"https:\/\/semmelweis.hu\/telefonkonyv\/\" target=\"_blank\">Dr. Blazsek J\u00f3zsef <\/a>docens ad felvil\u00e1gos\u00edt\u00e1st az \u00e9rdekl\u0151d\u0151knek.<\/p>\n<p><a href=\"https:\/\/semmelweis.hu\/hirek\/files\/2015\/03\/E-galeri.zip\" target=\"_blank\">Az E-Galeri teljes m\u0171sora let\u00f6lthet\u0151 MP3 form\u00e1tumban (a t\u00f6m\u00f6r\u00edtett ZIP\u00a0f\u00e1jl m\u00e9rete 70MB)<\/a><\/p>\n<p>Dobozi P\u00e1lma<br \/>Fot\u00f3: Kov\u00e1cs Attila, Semmelweis Egyetem<\/p>\n\r\n        [slb_exclude]\r\n        <div class=\"row galeria-wrapper mx-0 h-auto\">\r\n            <div class=\"col-9 pl-0 pr-2\">\r\n            <span class=\"gallery-item frame\">\r\n\t\t\t\t<div class=\"galeria-left-img\"><a href=\"https:\/\/semmelweis.hu\/hirek\/files\/2015\/04\/RS29308_20150318-KA-20150318-IMG_7755-e-galeri-scr.jpg\"><img src=https:\/\/semmelweis.hu\/hirek\/files\/2015\/04\/RS29308_20150318-KA-20150318-IMG_7755-e-galeri-scr.jpg  \r\n                            alt=\"\" \r\n                            class=\"attachment-sote-gallery-big size-sote-gallery-big\" \r\n                            srcset=\"https:\/\/semmelweis.hu\/hirek\/files\/2015\/04\/RS29308_20150318-KA-20150318-IMG_7755-e-galeri-scr-300x200.jpg 300w, https:\/\/semmelweis.hu\/hirek\/files\/2015\/04\/RS29308_20150318-KA-20150318-IMG_7755-e-galeri-scr-600x400.jpg 600w, https:\/\/semmelweis.hu\/hirek\/files\/2015\/04\/RS29308_20150318-KA-20150318-IMG_7755-e-galeri-scr-450x300.jpg 450w, https:\/\/semmelweis.hu\/hirek\/files\/2015\/04\/RS29308_20150318-KA-20150318-IMG_7755-e-galeri-scr.jpg 950w\" ><\/a><\/div>\r\n            <\/span>\r\n\r\n            <\/div>\r\n\r\n\t\t\t<div class=\"col-3 pl-0 pr-0\">\r\n\t\t\t\t<div class=\"galeria-right-img d-flex justify-content-between flex-column h-100 w-100 px-0 mx-0 \">\r\n                <div class=\"galeria-box\">\r\n\t\t\t\t\t<h3 class=\"galeria-title\">Gal\u00e9ria<\/h3>\r\n\t\t\t\t\t<div class=\"galeria-subtitle\">\r\n\r\n\t\t\t\t\t\t<div class=\"galeria-page-counter\"><span>19<\/span>k\u00e9p<\/div>\r\n                    <\/div> <\/div>\r\n                    <span class=\"gallery-item frame d-none d-md-flex\">\r\n\t\t\t\t\t<div class=\"galeria-small-img mt-0\"><a href=\"https:\/\/semmelweis.hu\/hirek\/files\/2015\/04\/RS29310_20150318-KA-20150318-IMG_7750-e-galeri-scr.jpg\"><img src=https:\/\/semmelweis.hu\/hirek\/files\/2015\/04\/RS29310_20150318-KA-20150318-IMG_7750-e-galeri-scr.jpg \r\n                                alt=\"\"  \r\n                                class=\"attachment-sote-gallery-small size-sote-gallery-small\" \r\n                                srcset=\"https:\/\/semmelweis.hu\/hirek\/files\/2015\/04\/RS29310_20150318-KA-20150318-IMG_7750-e-galeri-scr-300x200.jpg 300w, https:\/\/semmelweis.hu\/hirek\/files\/2015\/04\/RS29310_20150318-KA-20150318-IMG_7750-e-galeri-scr-600x400.jpg 600w, https:\/\/semmelweis.hu\/hirek\/files\/2015\/04\/RS29310_20150318-KA-20150318-IMG_7750-e-galeri-scr-450x300.jpg 450w, https:\/\/semmelweis.hu\/hirek\/files\/2015\/04\/RS29310_20150318-KA-20150318-IMG_7750-e-galeri-scr.jpg 950w\" ><\/a><\/div>\r\n                    <\/span>\r\n                    <span class=\"gallery-item frame d-none d-md-flex\">\r\n\t\t\t\t\t<div class=\"galeria-small-img mt-0\"><a href=\"https:\/\/semmelweis.hu\/hirek\/files\/2015\/04\/RS29311_20150318-KA-20150318-IMG_7745-e-galeri-scr1.jpg\"><img src=https:\/\/semmelweis.hu\/hirek\/files\/2015\/04\/RS29311_20150318-KA-20150318-IMG_7745-e-galeri-scr1.jpg \r\n                                alt=\"\" \r\n                                class=\"attachment-sote-gallery-small size-sote-gallery-small\" \r\n                                srcset=\"https:\/\/semmelweis.hu\/hirek\/files\/2015\/04\/RS29311_20150318-KA-20150318-IMG_7745-e-galeri-scr1-300x200.jpg 300w, https:\/\/semmelweis.hu\/hirek\/files\/2015\/04\/RS29311_20150318-KA-20150318-IMG_7745-e-galeri-scr1-600x400.jpg 600w, https:\/\/semmelweis.hu\/hirek\/files\/2015\/04\/RS29311_20150318-KA-20150318-IMG_7745-e-galeri-scr1-450x300.jpg 450w, https:\/\/semmelweis.hu\/hirek\/files\/2015\/04\/RS29311_20150318-KA-20150318-IMG_7745-e-galeri-scr1.jpg 950w\" ><\/a><\/div>\r\n                    <\/span>\r\n\r\n                <\/div>\r\n\r\n            <\/div>\r\n\r\n            <span class=\"gallery-item\"><div class=\"hidden\"><a href=\"https:\/\/semmelweis.hu\/hirek\/files\/2015\/04\/RS29313_20150318-KA-20150318-IMG_7738-e-galeri-scr.jpg\">\r\n        <img src=https:\/\/semmelweis.hu\/hirek\/files\/2015\/04\/RS29313_20150318-KA-20150318-IMG_7738-e-galeri-scr.jpg alt=\"\" class=\"attachment-sote-gallery-big size-sote-gallery-big\" srcset=\"https:\/\/semmelweis.hu\/hirek\/files\/2015\/04\/RS29313_20150318-KA-20150318-IMG_7738-e-galeri-scr-300x200.jpg 300w, https:\/\/semmelweis.hu\/hirek\/files\/2015\/04\/RS29313_20150318-KA-20150318-IMG_7738-e-galeri-scr-600x400.jpg 600w, https:\/\/semmelweis.hu\/hirek\/files\/2015\/04\/RS29313_20150318-KA-20150318-IMG_7738-e-galeri-scr-450x300.jpg 450w, https:\/\/semmelweis.hu\/hirek\/files\/2015\/04\/RS29313_20150318-KA-20150318-IMG_7738-e-galeri-scr.jpg 950w\" >\r\n        <\/a><\/div><\/span><span class=\"gallery-item\"><div class=\"hidden\"><a href=\"https:\/\/semmelweis.hu\/hirek\/files\/2015\/04\/RS29314_20150318-KA-20150318-IMG_7737-e-galeri-scr.jpg\">\r\n        <img src=https:\/\/semmelweis.hu\/hirek\/files\/2015\/04\/RS29314_20150318-KA-20150318-IMG_7737-e-galeri-scr.jpg alt=\"\" class=\"attachment-sote-gallery-big size-sote-gallery-big\" srcset=\"https:\/\/semmelweis.hu\/hirek\/files\/2015\/04\/RS29314_20150318-KA-20150318-IMG_7737-e-galeri-scr-300x200.jpg 300w, https:\/\/semmelweis.hu\/hirek\/files\/2015\/04\/RS29314_20150318-KA-20150318-IMG_7737-e-galeri-scr-600x400.jpg 600w, https:\/\/semmelweis.hu\/hirek\/files\/2015\/04\/RS29314_20150318-KA-20150318-IMG_7737-e-galeri-scr-450x300.jpg 450w, https:\/\/semmelweis.hu\/hirek\/files\/2015\/04\/RS29314_20150318-KA-20150318-IMG_7737-e-galeri-scr.jpg 950w\" >\r\n        <\/a><\/div><\/span><span class=\"gallery-item\"><div class=\"hidden\"><a href=\"https:\/\/semmelweis.hu\/hirek\/files\/2015\/04\/RS29316_20150318-KA-20150318-IMG_7731-e-galeri-scr.jpg\">\r\n        <img src=https:\/\/semmelweis.hu\/hirek\/files\/2015\/04\/RS29316_20150318-KA-20150318-IMG_7731-e-galeri-scr.jpg alt=\"\" class=\"attachment-sote-gallery-big size-sote-gallery-big\" srcset=\"https:\/\/semmelweis.hu\/hirek\/files\/2015\/04\/RS29316_20150318-KA-20150318-IMG_7731-e-galeri-scr-300x200.jpg 300w, https:\/\/semmelweis.hu\/hirek\/files\/2015\/04\/RS29316_20150318-KA-20150318-IMG_7731-e-galeri-scr-600x400.jpg 600w, https:\/\/semmelweis.hu\/hirek\/files\/2015\/04\/RS29316_20150318-KA-20150318-IMG_7731-e-galeri-scr-450x300.jpg 450w, https:\/\/semmelweis.hu\/hirek\/files\/2015\/04\/RS29316_20150318-KA-20150318-IMG_7731-e-galeri-scr.jpg 950w\" >\r\n        <\/a><\/div><\/span><span class=\"gallery-item\"><div class=\"hidden\"><a href=\"https:\/\/semmelweis.hu\/hirek\/files\/2015\/04\/RS29318_20150318-KA-20150318-IMG_7725-e-galeri-scr.jpg\">\r\n        <img src=https:\/\/semmelweis.hu\/hirek\/files\/2015\/04\/RS29318_20150318-KA-20150318-IMG_7725-e-galeri-scr.jpg alt=\"\" class=\"attachment-sote-gallery-big size-sote-gallery-big\" srcset=\"https:\/\/semmelweis.hu\/hirek\/files\/2015\/04\/RS29318_20150318-KA-20150318-IMG_7725-e-galeri-scr-300x200.jpg 300w, https:\/\/semmelweis.hu\/hirek\/files\/2015\/04\/RS29318_20150318-KA-20150318-IMG_7725-e-galeri-scr-600x400.jpg 600w, https:\/\/semmelweis.hu\/hirek\/files\/2015\/04\/RS29318_20150318-KA-20150318-IMG_7725-e-galeri-scr-450x300.jpg 450w, https:\/\/semmelweis.hu\/hirek\/files\/2015\/04\/RS29318_20150318-KA-20150318-IMG_7725-e-galeri-scr.jpg 950w\" >\r\n        <\/a><\/div><\/span><span class=\"gallery-item\"><div class=\"hidden\"><a href=\"https:\/\/semmelweis.hu\/hirek\/files\/2015\/04\/RS29319_20150318-KA-20150318-IMG_7724-e-galeri-scr.jpg\">\r\n        <img src=https:\/\/semmelweis.hu\/hirek\/files\/2015\/04\/RS29319_20150318-KA-20150318-IMG_7724-e-galeri-scr.jpg alt=\"\" class=\"attachment-sote-gallery-big size-sote-gallery-big\" srcset=\"https:\/\/semmelweis.hu\/hirek\/files\/2015\/04\/RS29319_20150318-KA-20150318-IMG_7724-e-galeri-scr-300x200.jpg 300w, https:\/\/semmelweis.hu\/hirek\/files\/2015\/04\/RS29319_20150318-KA-20150318-IMG_7724-e-galeri-scr-600x400.jpg 600w, https:\/\/semmelweis.hu\/hirek\/files\/2015\/04\/RS29319_20150318-KA-20150318-IMG_7724-e-galeri-scr-450x300.jpg 450w, https:\/\/semmelweis.hu\/hirek\/files\/2015\/04\/RS29319_20150318-KA-20150318-IMG_7724-e-galeri-scr.jpg 950w\" >\r\n        <\/a><\/div><\/span><span class=\"gallery-item\"><div class=\"hidden\"><a href=\"https:\/\/semmelweis.hu\/hirek\/files\/2015\/04\/RS29320_20150318-KA-20150318-IMG_7722-e-galeri-scr.jpg\">\r\n        <img src=https:\/\/semmelweis.hu\/hirek\/files\/2015\/04\/RS29320_20150318-KA-20150318-IMG_7722-e-galeri-scr.jpg alt=\"\" class=\"attachment-sote-gallery-big size-sote-gallery-big\" srcset=\"https:\/\/semmelweis.hu\/hirek\/files\/2015\/04\/RS29320_20150318-KA-20150318-IMG_7722-e-galeri-scr-300x200.jpg 300w, https:\/\/semmelweis.hu\/hirek\/files\/2015\/04\/RS29320_20150318-KA-20150318-IMG_7722-e-galeri-scr-600x400.jpg 600w, https:\/\/semmelweis.hu\/hirek\/files\/2015\/04\/RS29320_20150318-KA-20150318-IMG_7722-e-galeri-scr-450x300.jpg 450w, https:\/\/semmelweis.hu\/hirek\/files\/2015\/04\/RS29320_20150318-KA-20150318-IMG_7722-e-galeri-scr.jpg 950w\" >\r\n        <\/a><\/div><\/span><span class=\"gallery-item\"><div class=\"hidden\"><a href=\"https:\/\/semmelweis.hu\/hirek\/files\/2015\/04\/RS29322_20150318-KA-20150318-IMG_7718-e-galeri-scr.jpg\">\r\n        <img src=https:\/\/semmelweis.hu\/hirek\/files\/2015\/04\/RS29322_20150318-KA-20150318-IMG_7718-e-galeri-scr.jpg alt=\"\" class=\"attachment-sote-gallery-big size-sote-gallery-big\" srcset=\"https:\/\/semmelweis.hu\/hirek\/files\/2015\/04\/RS29322_20150318-KA-20150318-IMG_7718-e-galeri-scr-300x200.jpg 300w, https:\/\/semmelweis.hu\/hirek\/files\/2015\/04\/RS29322_20150318-KA-20150318-IMG_7718-e-galeri-scr-600x400.jpg 600w, https:\/\/semmelweis.hu\/hirek\/files\/2015\/04\/RS29322_20150318-KA-20150318-IMG_7718-e-galeri-scr-450x300.jpg 450w, https:\/\/semmelweis.hu\/hirek\/files\/2015\/04\/RS29322_20150318-KA-20150318-IMG_7718-e-galeri-scr.jpg 950w\" >\r\n        <\/a><\/div><\/span><span class=\"gallery-item\"><div class=\"hidden\"><a href=\"https:\/\/semmelweis.hu\/hirek\/files\/2015\/04\/RS29323_20150318-KA-20150318-IMG_7715-e-galeri-scr.jpg\">\r\n        <img src=https:\/\/semmelweis.hu\/hirek\/files\/2015\/04\/RS29323_20150318-KA-20150318-IMG_7715-e-galeri-scr.jpg alt=\"\" class=\"attachment-sote-gallery-big size-sote-gallery-big\" srcset=\"https:\/\/semmelweis.hu\/hirek\/files\/2015\/04\/RS29323_20150318-KA-20150318-IMG_7715-e-galeri-scr-300x200.jpg 300w, https:\/\/semmelweis.hu\/hirek\/files\/2015\/04\/RS29323_20150318-KA-20150318-IMG_7715-e-galeri-scr-600x400.jpg 600w, https:\/\/semmelweis.hu\/hirek\/files\/2015\/04\/RS29323_20150318-KA-20150318-IMG_7715-e-galeri-scr-450x300.jpg 450w, https:\/\/semmelweis.hu\/hirek\/files\/2015\/04\/RS29323_20150318-KA-20150318-IMG_7715-e-galeri-scr.jpg 950w\" >\r\n        <\/a><\/div><\/span><span class=\"gallery-item\"><div class=\"hidden\"><a href=\"https:\/\/semmelweis.hu\/hirek\/files\/2015\/04\/RS29325_20150318-KA-20150318-IMG_7711-e-galeri-scr.jpg\">\r\n        <img src=https:\/\/semmelweis.hu\/hirek\/files\/2015\/04\/RS29325_20150318-KA-20150318-IMG_7711-e-galeri-scr.jpg alt=\"\" class=\"attachment-sote-gallery-big size-sote-gallery-big\" srcset=\"https:\/\/semmelweis.hu\/hirek\/files\/2015\/04\/RS29325_20150318-KA-20150318-IMG_7711-e-galeri-scr-300x200.jpg 300w, https:\/\/semmelweis.hu\/hirek\/files\/2015\/04\/RS29325_20150318-KA-20150318-IMG_7711-e-galeri-scr-600x400.jpg 600w, https:\/\/semmelweis.hu\/hirek\/files\/2015\/04\/RS29325_20150318-KA-20150318-IMG_7711-e-galeri-scr-450x300.jpg 450w, https:\/\/semmelweis.hu\/hirek\/files\/2015\/04\/RS29325_20150318-KA-20150318-IMG_7711-e-galeri-scr.jpg 950w\" >\r\n        <\/a><\/div><\/span><span class=\"gallery-item\"><div class=\"hidden\"><a href=\"https:\/\/semmelweis.hu\/hirek\/files\/2015\/04\/RS29326_20150318-KA-20150318-IMG_7708-e-galeri-scr.jpg\">\r\n        <img src=https:\/\/semmelweis.hu\/hirek\/files\/2015\/04\/RS29326_20150318-KA-20150318-IMG_7708-e-galeri-scr.jpg alt=\"\" class=\"attachment-sote-gallery-big size-sote-gallery-big\" srcset=\"https:\/\/semmelweis.hu\/hirek\/files\/2015\/04\/RS29326_20150318-KA-20150318-IMG_7708-e-galeri-scr-300x200.jpg 300w, https:\/\/semmelweis.hu\/hirek\/files\/2015\/04\/RS29326_20150318-KA-20150318-IMG_7708-e-galeri-scr-600x400.jpg 600w, https:\/\/semmelweis.hu\/hirek\/files\/2015\/04\/RS29326_20150318-KA-20150318-IMG_7708-e-galeri-scr-450x300.jpg 450w, https:\/\/semmelweis.hu\/hirek\/files\/2015\/04\/RS29326_20150318-KA-20150318-IMG_7708-e-galeri-scr.jpg 950w\" >\r\n        <\/a><\/div><\/span><span class=\"gallery-item\"><div class=\"hidden\"><a href=\"https:\/\/semmelweis.hu\/hirek\/files\/2015\/04\/RS29328_20150318-KA-20150318-IMG_7705-e-galeri-scr.jpg\">\r\n        <img src=https:\/\/semmelweis.hu\/hirek\/files\/2015\/04\/RS29328_20150318-KA-20150318-IMG_7705-e-galeri-scr.jpg alt=\"\" class=\"attachment-sote-gallery-big size-sote-gallery-big\" srcset=\"https:\/\/semmelweis.hu\/hirek\/files\/2015\/04\/RS29328_20150318-KA-20150318-IMG_7705-e-galeri-scr-300x200.jpg 300w, https:\/\/semmelweis.hu\/hirek\/files\/2015\/04\/RS29328_20150318-KA-20150318-IMG_7705-e-galeri-scr-600x400.jpg 600w, https:\/\/semmelweis.hu\/hirek\/files\/2015\/04\/RS29328_20150318-KA-20150318-IMG_7705-e-galeri-scr-450x300.jpg 450w, https:\/\/semmelweis.hu\/hirek\/files\/2015\/04\/RS29328_20150318-KA-20150318-IMG_7705-e-galeri-scr.jpg 950w\" >\r\n        <\/a><\/div><\/span><span class=\"gallery-item\"><div class=\"hidden\"><a href=\"https:\/\/semmelweis.hu\/hirek\/files\/2015\/04\/RS29329_20150318-KA-20150318-IMG_7703-e-galeri-scr.jpg\">\r\n        <img src=https:\/\/semmelweis.hu\/hirek\/files\/2015\/04\/RS29329_20150318-KA-20150318-IMG_7703-e-galeri-scr.jpg alt=\"\" class=\"attachment-sote-gallery-big size-sote-gallery-big\" srcset=\"https:\/\/semmelweis.hu\/hirek\/files\/2015\/04\/RS29329_20150318-KA-20150318-IMG_7703-e-galeri-scr-300x200.jpg 300w, https:\/\/semmelweis.hu\/hirek\/files\/2015\/04\/RS29329_20150318-KA-20150318-IMG_7703-e-galeri-scr-600x400.jpg 600w, https:\/\/semmelweis.hu\/hirek\/files\/2015\/04\/RS29329_20150318-KA-20150318-IMG_7703-e-galeri-scr-450x300.jpg 450w, https:\/\/semmelweis.hu\/hirek\/files\/2015\/04\/RS29329_20150318-KA-20150318-IMG_7703-e-galeri-scr.jpg 950w\" >\r\n        <\/a><\/div><\/span><span class=\"gallery-item\"><div class=\"hidden\"><a href=\"https:\/\/semmelweis.hu\/hirek\/files\/2015\/04\/RS29330_20150318-KA-20150318-IMG_7702-e-galeri-scr.jpg\">\r\n        <img src=https:\/\/semmelweis.hu\/hirek\/files\/2015\/04\/RS29330_20150318-KA-20150318-IMG_7702-e-galeri-scr.jpg alt=\"\" class=\"attachment-sote-gallery-big size-sote-gallery-big\" srcset=\"https:\/\/semmelweis.hu\/hirek\/files\/2015\/04\/RS29330_20150318-KA-20150318-IMG_7702-e-galeri-scr-300x200.jpg 300w, https:\/\/semmelweis.hu\/hirek\/files\/2015\/04\/RS29330_20150318-KA-20150318-IMG_7702-e-galeri-scr-600x400.jpg 600w, https:\/\/semmelweis.hu\/hirek\/files\/2015\/04\/RS29330_20150318-KA-20150318-IMG_7702-e-galeri-scr-450x300.jpg 450w, https:\/\/semmelweis.hu\/hirek\/files\/2015\/04\/RS29330_20150318-KA-20150318-IMG_7702-e-galeri-scr.jpg 950w\" >\r\n        <\/a><\/div><\/span><span class=\"gallery-item\"><div class=\"hidden\"><a href=\"https:\/\/semmelweis.hu\/hirek\/files\/2015\/04\/RS29339_20150318-KA-20150318-IMG_7670-e-galeri-scr.jpg\">\r\n        <img src=https:\/\/semmelweis.hu\/hirek\/files\/2015\/04\/RS29339_20150318-KA-20150318-IMG_7670-e-galeri-scr.jpg alt=\"\" class=\"attachment-sote-gallery-big size-sote-gallery-big\" srcset=\"https:\/\/semmelweis.hu\/hirek\/files\/2015\/04\/RS29339_20150318-KA-20150318-IMG_7670-e-galeri-scr-300x200.jpg 300w, https:\/\/semmelweis.hu\/hirek\/files\/2015\/04\/RS29339_20150318-KA-20150318-IMG_7670-e-galeri-scr-600x400.jpg 600w, https:\/\/semmelweis.hu\/hirek\/files\/2015\/04\/RS29339_20150318-KA-20150318-IMG_7670-e-galeri-scr-450x300.jpg 450w, https:\/\/semmelweis.hu\/hirek\/files\/2015\/04\/RS29339_20150318-KA-20150318-IMG_7670-e-galeri-scr.jpg 950w\" >\r\n        <\/a><\/div><\/span><span class=\"gallery-item\"><div class=\"hidden\"><a href=\"https:\/\/semmelweis.hu\/hirek\/files\/2015\/04\/RS29342_20150318-KA-20150318-IMG_7658-e-galeri-scr.jpg\">\r\n        <img src=https:\/\/semmelweis.hu\/hirek\/files\/2015\/04\/RS29342_20150318-KA-20150318-IMG_7658-e-galeri-scr.jpg alt=\"\" class=\"attachment-sote-gallery-big size-sote-gallery-big\" srcset=\"https:\/\/semmelweis.hu\/hirek\/files\/2015\/04\/RS29342_20150318-KA-20150318-IMG_7658-e-galeri-scr-300x200.jpg 300w, https:\/\/semmelweis.hu\/hirek\/files\/2015\/04\/RS29342_20150318-KA-20150318-IMG_7658-e-galeri-scr-600x400.jpg 600w, https:\/\/semmelweis.hu\/hirek\/files\/2015\/04\/RS29342_20150318-KA-20150318-IMG_7658-e-galeri-scr-450x300.jpg 450w, https:\/\/semmelweis.hu\/hirek\/files\/2015\/04\/RS29342_20150318-KA-20150318-IMG_7658-e-galeri-scr.jpg 950w\" >\r\n        <\/a><\/div><\/span><span class=\"gallery-item\"><div class=\"hidden\"><a href=\"https:\/\/semmelweis.hu\/hirek\/files\/2015\/04\/RS29331_20150318-KA-20150318-IMG_7695-e-galeri-scr.jpg\">\r\n        <img src=https:\/\/semmelweis.hu\/hirek\/files\/2015\/04\/RS29331_20150318-KA-20150318-IMG_7695-e-galeri-scr.jpg alt=\"\" class=\"attachment-sote-gallery-big size-sote-gallery-big\" srcset=\"https:\/\/semmelweis.hu\/hirek\/files\/2015\/04\/RS29331_20150318-KA-20150318-IMG_7695-e-galeri-scr-300x200.jpg 300w, https:\/\/semmelweis.hu\/hirek\/files\/2015\/04\/RS29331_20150318-KA-20150318-IMG_7695-e-galeri-scr-600x400.jpg 600w, https:\/\/semmelweis.hu\/hirek\/files\/2015\/04\/RS29331_20150318-KA-20150318-IMG_7695-e-galeri-scr-450x300.jpg 450w, https:\/\/semmelweis.hu\/hirek\/files\/2015\/04\/RS29331_20150318-KA-20150318-IMG_7695-e-galeri-scr.jpg 950w\" >\r\n        <\/a><\/div><\/span>\r\n            <\/div>\r\n\r\n            [\/slb_exclude]\r\n\t\n<\/div>\n","protected":false},"excerpt":{"rendered":"<p><a href=\"https:\/\/semmelweis.hu\/hirek\/files\/2015\/04\/RS29338_20150318-KA-20150318-IMG_7676-e-galeri-scr.jpg\"><\/a> M\u0171helykoncerttel ny\u00edlt meg az \u201eE-Galeri\u201d, amelynek keret\u00e9ben az egyetem zenekedvel\u0151 hallgat\u00f3i, dolgoz\u00f3i kapnak lehet\u0151s\u00e9get a gyakorl\u00e1sra a Nagyv\u00e1rad T\u00e9ri Elm\u00e9leti T\u00f6mb Tan\u00e1csterm\u00e9nek gal\u00e9ri\u00e1j\u00e1n. A rendezv\u00e9nyt dr. T\u00edm\u00e1r J\u00f3zsef \u00e1ltal\u00e1nos \u00e9s oktat\u00e1si rektorhelyettes nyitotta meg, aki hangs\u00falyozta: a program seg\u00edt felsz\u00ednre hozni a Semmelweis Egyetemen lappang\u00f3 tehets\u00e9geket, akik szeretn\u00e9nek zen\u00e9lni, de nem tudnak hol gyakorolni, nincs &hellip;<\/p>\n","protected":false},"author":1,"featured_media":39610,"comment_status":"closed","ping_status":"closed","sticky":false,"template":"","format":"standard","meta":{"_acf_changed":false,"footnotes":""},"categories":[157],"tags":[2569,152],"class_list":["post-39604","post","type-post","status-publish","format-standard","has-post-thumbnail","hentry","category-semmelweis-vilag","tag-galeria","tag-kultur"],"acf":[],"_links":{"self":[{"href":"https:\/\/semmelweis.hu\/hirek\/wp-json\/wp\/v2\/posts\/39604","targetHints":{"allow":["GET"]}}],"collection":[{"href":"https:\/\/semmelweis.hu\/hirek\/wp-json\/wp\/v2\/posts"}],"about":[{"href":"https:\/\/semmelweis.hu\/hirek\/wp-json\/wp\/v2\/types\/post"}],"author":[{"embeddable":true,"href":"https:\/\/semmelweis.hu\/hirek\/wp-json\/wp\/v2\/users\/1"}],"replies":[{"embeddable":true,"href":"https:\/\/semmelweis.hu\/hirek\/wp-json\/wp\/v2\/comments?post=39604"}],"version-history":[{"count":5,"href":"https:\/\/semmelweis.hu\/hirek\/wp-json\/wp\/v2\/posts\/39604\/revisions"}],"predecessor-version":[{"id":41363,"href":"https:\/\/semmelweis.hu\/hirek\/wp-json\/wp\/v2\/posts\/39604\/revisions\/41363"}],"wp:featuredmedia":[{"embeddable":true,"href":"https:\/\/semmelweis.hu\/hirek\/wp-json\/wp\/v2\/media\/39610"}],"wp:attachment":[{"href":"https:\/\/semmelweis.hu\/hirek\/wp-json\/wp\/v2\/media?parent=39604"}],"wp:term":[{"taxonomy":"category","embeddable":true,"href":"https:\/\/semmelweis.hu\/hirek\/wp-json\/wp\/v2\/categories?post=39604"},{"taxonomy":"post_tag","embeddable":true,"href":"https:\/\/semmelweis.hu\/hirek\/wp-json\/wp\/v2\/tags?post=39604"}],"curies":[{"name":"wp","href":"https:\/\/api.w.org\/{rel}","templated":true}]}}