{"id":39544,"date":"2015-03-30T16:09:59","date_gmt":"2015-03-30T14:09:59","guid":{"rendered":"http:\/\/semmelweis.hu\/hirek\/?p=39544"},"modified":"2020-03-31T12:17:05","modified_gmt":"2020-03-31T10:17:05","slug":"ev-orvosa-palyazatnyertesek-az-egyetemrol","status":"publish","type":"post","link":"https:\/\/semmelweis.hu\/hirek\/2015\/03\/30\/ev-orvosa-palyazatnyertesek-az-egyetemrol\/","title":{"rendered":"\u00c9v orvosa p\u00e1ly\u00e1zatnyertesek az egyetemr\u0151l"},"content":{"rendered":"<p><a href=\"https:\/\/semmelweis.hu\/hirek\/files\/2015\/03\/RS20610_KA-20140711-IMG_2530-az-ev-egeszsegugyi-dolgozoja-scr.jpg\"><img loading=\"lazy\" decoding=\"async\" class=\"alignright  wp-image-40631\" src=\"https:\/\/semmelweis.hu\/hirek\/files\/2015\/03\/RS20610_KA-20140711-IMG_2530-az-ev-egeszsegugyi-dolgozoja-scr-300x200.jpg\" alt=\"RS20610_KA-20140711-IMG_2530-az-ev-egeszsegugyi-dolgozoja-scr\" width=\"287\" height=\"191\" srcset=\"https:\/\/semmelweis.hu\/hirek\/files\/2015\/03\/RS20610_KA-20140711-IMG_2530-az-ev-egeszsegugyi-dolgozoja-scr-300x200.jpg 300w, https:\/\/semmelweis.hu\/hirek\/files\/2015\/03\/RS20610_KA-20140711-IMG_2530-az-ev-egeszsegugyi-dolgozoja-scr-600x400.jpg 600w, https:\/\/semmelweis.hu\/hirek\/files\/2015\/03\/RS20610_KA-20140711-IMG_2530-az-ev-egeszsegugyi-dolgozoja-scr-450x300.jpg 450w, https:\/\/semmelweis.hu\/hirek\/files\/2015\/03\/RS20610_KA-20140711-IMG_2530-az-ev-egeszsegugyi-dolgozoja-scr.jpg 950w\" sizes=\"auto, (max-width: 287px) 100vw, 287px\" \/><\/a>Az \u00c9v Orvosa p\u00e1ly\u00e1zaton\u00a012\u00a0egy\u00e9ni \u00e9s 3\u00a0csoportos nyertes kapott elismer\u00e9st az Astellas D\u00edj\u00e1tad\u00f3 G\u00e1l\u00e1n. K\u00f6zt\u00fck volt\u00a0Dr. Somogyi Anik\u00f3, a Semmelweis Egyetem II. sz. Belgy\u00f3gy\u00e1szati Klinika egyetemi tan\u00e1ra, illetve\u00a0Dr. Kov\u00e1cs Lajos, a Semmelweis Egyetem I. sz. Gyermekgy\u00f3gy\u00e1szati Klinika tan\u00e1rseg\u00e9de.<\/p>\n<p>Az \u00c9v orvosa p\u00e1ly\u00e1zat szakmai jel\u00f6ltjeir\u0151l a hazai orvosi szakma kiv\u00e1l\u00f3s\u00e1gaib\u00f3l \u00e1ll\u00f3 szakmai zs\u0171ri ez\u00fattal is az \u00fcnneps\u00e9get megel\u0151z\u0151 \u00f3r\u00e1kban d\u00f6nt\u00f6tt, a szakmai Astellas-d\u00edjak id\u00e9n hat kateg\u00f3ri\u00e1ban tal\u00e1ltak gazd\u00e1ra. A konzervat\u00edv jelleg\u0171 elj\u00e1r\u00e1sok kateg\u00f3ri\u00e1ban az els\u0151 helyen\u00a0Dr. Somogyi Anik\u00f3, a Semmelweis Egyetem\u00a0II. sz. Belgy\u00f3gy\u00e1szati Klinika egyetemi tan\u00e1ra\u00a0v\u00e9gzett. A klinikai csecsem\u0151- \u00e9s gyermekgy\u00f3gy\u00e1szat kateg\u00f3ria nyertese dr. Kov\u00e1cs Lajos, a Semmelweis Egyetem I. sz. Gyermekgy\u00f3gy\u00e1szati Klinika egyetemi tan\u00e1rseg\u00e9de lett, de a\u00a0d\u00f6nt\u0151be ker\u00fclt dr. M\u00e1ttyus Istv\u00e1n, a Semmelweis Egyetem I. sz. Gyermekgy\u00f3gy\u00e1szati Klinika oszt\u00e1lyvezet\u0151 egyetemi adjunktusa is.<\/p>\n<p><a href=\"https:\/\/semmelweis.hu\/hirek\/files\/2015\/03\/11055297_10152768720778317_5940900101609478445_n.jpg\"><img loading=\"lazy\" decoding=\"async\" class=\"aligncenter size-large wp-image-40633\" src=\"https:\/\/semmelweis.hu\/hirek\/files\/2015\/03\/11055297_10152768720778317_5940900101609478445_n-600x222.jpg\" alt=\"11055297_10152768720778317_5940900101609478445_n\" width=\"600\" height=\"222\" srcset=\"https:\/\/semmelweis.hu\/hirek\/files\/2015\/03\/11055297_10152768720778317_5940900101609478445_n-600x222.jpg 600w, https:\/\/semmelweis.hu\/hirek\/files\/2015\/03\/11055297_10152768720778317_5940900101609478445_n-300x111.jpg 300w, https:\/\/semmelweis.hu\/hirek\/files\/2015\/03\/11055297_10152768720778317_5940900101609478445_n-580x214.jpg 580w, https:\/\/semmelweis.hu\/hirek\/files\/2015\/03\/11055297_10152768720778317_5940900101609478445_n.jpg 960w\" sizes=\"auto, (max-width: 600px) 100vw, 600px\" \/><\/a><\/p>\n<p>Az alapell\u00e1t\u00e1s kateg\u00f3ria els\u0151 h\u00e1rom helyezettje a Semmelweis Egyetem Csal\u00e1dorvosi Tansz\u00e9k\u00e9nek oktat\u00e1sban r\u00e9szt vev\u0151 nem f\u0151\u00e1ll\u00e1s\u00fa orvosa:\u00a0Dr. Szab\u00f3 J\u00e1nos, Heves v\u00e1ros, dr. Ol\u00e1h Ilona Budapest-Csepel \u00d6nkorm\u00e1nyzat, valamint dr. Antalics G\u00e1bor, a XVII. ker\u00fclet h\u00e1ziorvosa.<\/p>\n<p>A 2014 \u0151sz\u00e9n \u00e9letre h\u00edvott, De Ch\u00e2tel Rudolfr\u00f3l, a\u00a0Semmelweis Egyetem\u00a0I. Sz. Belgy\u00f3gy\u00e1szati Klinika egykori professzor emeritus\u00e1r\u00f3l elnevezett eml\u00e9kd\u00edjat az \u00fcnneps\u00e9gen az alap\u00edt\u00f3k nev\u00e9ben dr. Perner Ferenc, a Transzplant\u00e1ci\u00f3s \u00e9s Seb\u00e9szeti Klinika professzor emeritusa mutatta be. Besz\u00e9de v\u00e9g\u00e9n az elismer\u00e9st a 34 felterjesztett csoport k\u00e9t idei legjobbj\u00e1nak, a Gottsegen Gy\u00f6rgy Orsz\u00e1gos Kardiol\u00f3giai Int\u00e9zet Csecsem\u0151- \u00e9s Gyermeksz\u00edvseb\u00e9szeti Anaesthesiol\u00f3giai Intenz\u00edv R\u00e9szleg \u00e9s a Heim P\u00e1l Gyermekk\u00f3rh\u00e1z Seb\u00e9szeti \u00e9s Traumatol\u00f3giai Oszt\u00e1ly dolgoz\u00f3inak adta \u00e1t.<\/p>\n<p>T\u00f3th-Szab\u00f3 Szilvia<br \/>\nFot\u00f3k: Kov\u00e1cs Attila, Semmelweis Egyetem; Astellas<\/p>\n","protected":false},"excerpt":{"rendered":"<p><a href=\"https:\/\/semmelweis.hu\/hirek\/files\/2015\/03\/RS20610_KA-20140711-IMG_2530-az-ev-egeszsegugyi-dolgozoja-scr.jpg\"><\/a> Az \u00c9v Orvosa p\u00e1ly\u00e1zaton\u00a012\u00a0egy\u00e9ni \u00e9s 3\u00a0csoportos nyertes kapott elismer\u00e9st az Astellas D\u00edj\u00e1tad\u00f3 G\u00e1l\u00e1n. K\u00f6zt\u00fck volt\u00a0Dr. Somogyi Anik\u00f3, a Semmelweis Egyetem II. sz. Belgy\u00f3gy\u00e1szati Klinika egyetemi tan\u00e1ra, illetve\u00a0Dr. Kov\u00e1cs Lajos, a Semmelweis Egyetem I. sz. Gyermekgy\u00f3gy\u00e1szati Klinika tan\u00e1rseg\u00e9de. Az \u00c9v orvosa p\u00e1ly\u00e1zat szakmai jel\u00f6ltjeir\u0151l a hazai orvosi szakma kiv\u00e1l\u00f3s\u00e1gaib\u00f3l \u00e1ll\u00f3 szakmai zs\u0171ri ez\u00fattal is az \u00fcnneps\u00e9get &hellip;<\/p>\n","protected":false},"author":12,"featured_media":27838,"comment_status":"closed","ping_status":"closed","sticky":false,"template":"","format":"standard","meta":{"_acf_changed":false,"footnotes":""},"categories":[157],"tags":[2128,158],"class_list":["post-39544","post","type-post","status-publish","format-standard","has-post-thumbnail","hentry","category-semmelweis-vilag","tag-astellas-dij","tag-dijak-kituntetesek"],"acf":[],"_links":{"self":[{"href":"https:\/\/semmelweis.hu\/hirek\/wp-json\/wp\/v2\/posts\/39544","targetHints":{"allow":["GET"]}}],"collection":[{"href":"https:\/\/semmelweis.hu\/hirek\/wp-json\/wp\/v2\/posts"}],"about":[{"href":"https:\/\/semmelweis.hu\/hirek\/wp-json\/wp\/v2\/types\/post"}],"author":[{"embeddable":true,"href":"https:\/\/semmelweis.hu\/hirek\/wp-json\/wp\/v2\/users\/12"}],"replies":[{"embeddable":true,"href":"https:\/\/semmelweis.hu\/hirek\/wp-json\/wp\/v2\/comments?post=39544"}],"version-history":[{"count":5,"href":"https:\/\/semmelweis.hu\/hirek\/wp-json\/wp\/v2\/posts\/39544\/revisions"}],"predecessor-version":[{"id":95562,"href":"https:\/\/semmelweis.hu\/hirek\/wp-json\/wp\/v2\/posts\/39544\/revisions\/95562"}],"wp:featuredmedia":[{"embeddable":true,"href":"https:\/\/semmelweis.hu\/hirek\/wp-json\/wp\/v2\/media\/27838"}],"wp:attachment":[{"href":"https:\/\/semmelweis.hu\/hirek\/wp-json\/wp\/v2\/media?parent=39544"}],"wp:term":[{"taxonomy":"category","embeddable":true,"href":"https:\/\/semmelweis.hu\/hirek\/wp-json\/wp\/v2\/categories?post=39544"},{"taxonomy":"post_tag","embeddable":true,"href":"https:\/\/semmelweis.hu\/hirek\/wp-json\/wp\/v2\/tags?post=39544"}],"curies":[{"name":"wp","href":"https:\/\/api.w.org\/{rel}","templated":true}]}}