{"id":39346,"date":"2015-03-25T14:16:45","date_gmt":"2015-03-25T13:16:45","guid":{"rendered":"http:\/\/semmelweis.hu\/hirek\/?p=39346"},"modified":"2015-04-28T14:26:01","modified_gmt":"2015-04-28T12:26:01","slug":"koltoi-kepek-az-elmulasrol","status":"publish","type":"post","link":"https:\/\/semmelweis.hu\/hirek\/2015\/03\/25\/koltoi-kepek-az-elmulasrol\/","title":{"rendered":"K\u00f6lt\u0151i k\u00e9pek az elm\u00fal\u00e1sr\u00f3l"},"content":{"rendered":"<p>Balogh Gyula fest\u0151m\u0171v\u00e9sz alkot\u00e1saib\u00f3l ny\u00edlt ki\u00e1ll\u00edt\u00e1s m\u00e1rciusban a Semmelweis Szalonban. Az \u00fcnnep\u00e9lyes megnyit\u00f3n az alkot\u00f3val Salamon Gy\u00f6rgy fest\u0151m\u0171v\u00e9sz besz\u00e9lgetett, az est zenei hangulat\u00e1r\u00f3l Vida M\u00f3nika zongoram\u0171v\u00e9sz gondoskodott.<\/p>\n<p><a href=\"https:\/\/semmelweis.hu\/hirek\/files\/2015\/04\/RS29645_20150319-KA-20150319-IMG_7978-scr.jpg\"><img loading=\"lazy\" decoding=\"async\" class=\"alignleft size-medium wp-image-39352\" src=\"https:\/\/semmelweis.hu\/hirek\/files\/2015\/04\/RS29645_20150319-KA-20150319-IMG_7978-scr-300x200.jpg\" alt=\"RS29645_20150319-KA-20150319-IMG_7978--scr\" width=\"300\" height=\"200\" srcset=\"https:\/\/semmelweis.hu\/hirek\/files\/2015\/04\/RS29645_20150319-KA-20150319-IMG_7978-scr-300x200.jpg 300w, https:\/\/semmelweis.hu\/hirek\/files\/2015\/04\/RS29645_20150319-KA-20150319-IMG_7978-scr-600x400.jpg 600w, https:\/\/semmelweis.hu\/hirek\/files\/2015\/04\/RS29645_20150319-KA-20150319-IMG_7978-scr-450x300.jpg 450w, https:\/\/semmelweis.hu\/hirek\/files\/2015\/04\/RS29645_20150319-KA-20150319-IMG_7978-scr.jpg 950w\" sizes=\"auto, (max-width: 300px) 100vw, 300px\" \/><\/a>A rendezv\u00e9nyt dr. T\u00edm\u00e1r J\u00f3zsef \u00e1ltal\u00e1nos \u00e9s oktat\u00e1si rektorhelyettes nyitotta meg, aki r\u00f6vid bevezet\u0151j\u00e9ben \u00fagy fogalmazott: a Semmelweis Szalonban l\u00e1that\u00f3 k\u00e9pek alapj\u00e1n Balogh Gyula m\u0171v\u00e9szet\u00e9t \u2013 az \u00e9vtizedekig elv\u00e1rt szocialista realizmus kateg\u00f3ri\u00e1ja helyett, de arra r\u00edmelve \u2013 szoci\u00e1lis realizmusk\u00e9nt lehetne jellemezni. Ezt igazolja, hogy a besz\u00e9lget\u00e9s egyik k\u00f6zponti mot\u00edvuma a m\u0171v\u00e9sz val\u00f3s\u00e1ghoz val\u00f3 viszonya, a val\u00f3s\u00e1g \u00e1br\u00e1zol\u00e1sa volt.<\/p>\n<p>Salamon Gy\u00f6rgy r\u00f6viden \u00fagy jellemezte Balogh Gyula m\u0171v\u00e9szet\u00e9t, hogy az elm\u00fal\u00e1s hangulata lengi be, t\u00e9mav\u00e1laszt\u00e1sa az elm\u00fal\u00e1ssal \u00e9s a f\u00f6ldi \u00e9let v\u00e9gess\u00e9g\u00e9vel rokon\u00edthat\u00f3. \u201eEzek a k\u00e9pek k\u00f6lt\u0151is\u00e9g\u00fckkel hatnak els\u0151sorban\u201d \u2013 fogalmazott. \u00d6sszegz\u00e9s\u00e9t k\u00e9rd\u00e9ss\u00e9 form\u00e1lta: Az emberi \u00e9let szomor\u00fa v\u00e9gkifejlete, az elm\u00fal\u00e1s t\u00e9m\u00e1ja nem hat-e b\u00e9n\u00edt\u00f3an a m\u0171v\u00e9szet\u00e9re? Nem sugallja azt, hogy hi\u00e1baval\u00f3 ez a tev\u00e9kenys\u00e9g?\u00a0<\/p>\n<p><a href=\"https:\/\/semmelweis.hu\/hirek\/files\/2015\/04\/RS29628_20150319-KA-20150319-IMG_8016-scr.jpg\"><img loading=\"lazy\" decoding=\"async\" class=\"alignright size-medium wp-image-39353\" src=\"https:\/\/semmelweis.hu\/hirek\/files\/2015\/04\/RS29628_20150319-KA-20150319-IMG_8016-scr-300x200.jpg\" alt=\"RS29628_20150319-KA-20150319-IMG_8016--scr\" width=\"300\" height=\"200\" srcset=\"https:\/\/semmelweis.hu\/hirek\/files\/2015\/04\/RS29628_20150319-KA-20150319-IMG_8016-scr-300x200.jpg 300w, https:\/\/semmelweis.hu\/hirek\/files\/2015\/04\/RS29628_20150319-KA-20150319-IMG_8016-scr-600x400.jpg 600w, https:\/\/semmelweis.hu\/hirek\/files\/2015\/04\/RS29628_20150319-KA-20150319-IMG_8016-scr-450x300.jpg 450w, https:\/\/semmelweis.hu\/hirek\/files\/2015\/04\/RS29628_20150319-KA-20150319-IMG_8016-scr.jpg 950w\" sizes=\"auto, (max-width: 300px) 100vw, 300px\" \/><\/a>Balogh Gyula elmondta, b\u00e1r l\u00e1tsz\u00f3lag val\u00f3ban az elm\u00fal\u00e1sr\u00f3l sz\u00f3lnak a k\u00e9pei, val\u00f3j\u00e1ban ott munk\u00e1l m\u00f6g\u00f6tt\u00fck egyfajta optimista szeml\u00e9let is. Az \u00f6nkifejez\u00e9s bels\u0151 k\u00e9sztet\u00e9s\u00e9re is felh\u00edvta a figyelmet, ami minden m\u0171v\u00e9szn\u00e9l jelen van. A fest\u0151t \u00e9rz\u00e9kszervei arra vezetik, hogy a fest\u00e9szeten kereszt\u00fcl kezdjen besz\u00e9lni, \u00e9s val\u00f3sz\u00edn\u0171leg \u00e1rnyaltabban \u00e9s l\u00e9nyegl\u00e1t\u00f3bban tudja \u00edgy kifejezni mag\u00e1t, mint sz\u00f3ban \u2013 mondta el. \u201eA m\u0171v\u00e9sz reag\u00e1l a k\u00f6rnyezete esem\u00e9nyeire, mint mindenki. Az egyikb\u0151l fecseg\u00e9s lesz, m\u00e1s tal\u00e1n k\u00e9pes arra, hogy \u00f6sszevonja a dolgokat, l\u00e9nyegl\u00e1t\u00f3 k\u00f6zl\u00e9sei vannak. Ez az alkot\u00f3kra is igaz.\u201d Hozz\u00e1tette, \u0151 a pontos megfogalmaz\u00e1st t\u0171zi ki c\u00e9lul, de a vizu\u00e1lis m\u0171fajok ilyen \u00e9rtelemben \u00e1tmenetinek tekinthet\u0151k. \u201eA megfestett fel\u00fclet m\u00e9g nem egy\u00e9rtelm\u0171 \u2013 a n\u00e9z\u0151n kereszt\u00fcl nyer \u00e9rtelmet, az a fontos, hogy sz\u00e1m\u00e1ra mi sug\u00e1rzik bel\u0151le. Ah\u00e1ny n\u00e9z\u0151, annyi tartalom t\u00fckr\u00f6z\u0151dik vissza egy k\u00e9pz\u0151m\u0171v\u00e9szeti munk\u00e1b\u00f3l\u201d \u2013 fejtette ki. Ezzel indokolhat\u00f3, hogy a k\u00e9pz\u0151m\u0171v\u00e9szeti m\u0171fajokat tartja a leggazdagabb emberi reakci\u00f3nak.<\/p>\n<p>Salamon Gy\u00f6rgy szerint a m\u0171v\u00e9szek ma szembemennek az \u00e1ltal\u00e1nos trenddel: a mai gondolkod\u00e1sm\u00f3d arra predesztin\u00e1lja az embereket, hogy pillanatnyi \u00e9rt\u00e9keket teremtsenek, a t\u00fal\u00e9l\u00e9s van k\u00f6z\u00e9ppontban, nem t\u00f6rekszenek arra a hossz\u00fa t\u00e1v\u00fa befektet\u00e9sre, ami a m\u0171v\u00e9szek saj\u00e1tja. A mai t\u00e1rsadalomba beilleszkedni sokszor csak nehezen tud\u00f3 m\u0171v\u00e9szeket id\u0151utaz\u00f3khoz hasonl\u00edtotta, akik idegen\u00fcl mozognak a sz\u00e1mukra t\u00e1volr\u00f3l sem ide\u00e1lis k\u00f6zegben. T\u00f6bbsz\u00f6r is utalt a renesz\u00e1nsz korszakra, amelynek fontos m\u0171veiben az \u00e9letigenl\u00e9s, pozit\u00edv hangulat, \u00e9let\u00f6r\u00f6m t\u00fckr\u00f6z\u0151dik, szemben a huszadik sz\u00e1zadi \u00e9s a kort\u00e1rs m\u0171v\u00e9szettel.<\/p>\n<p><a href=\"https:\/\/semmelweis.hu\/hirek\/files\/2015\/04\/RS29633_20150319-KA-20150319-IMG_8006-scr.jpg\"><img loading=\"lazy\" decoding=\"async\" class=\"aligncenter size-large wp-image-39354\" src=\"https:\/\/semmelweis.hu\/hirek\/files\/2015\/04\/RS29633_20150319-KA-20150319-IMG_8006-scr-600x400.jpg\" alt=\"RS29633_20150319-KA-20150319-IMG_8006--scr\" width=\"600\" height=\"400\" srcset=\"https:\/\/semmelweis.hu\/hirek\/files\/2015\/04\/RS29633_20150319-KA-20150319-IMG_8006-scr-600x400.jpg 600w, https:\/\/semmelweis.hu\/hirek\/files\/2015\/04\/RS29633_20150319-KA-20150319-IMG_8006-scr-300x200.jpg 300w, https:\/\/semmelweis.hu\/hirek\/files\/2015\/04\/RS29633_20150319-KA-20150319-IMG_8006-scr-450x300.jpg 450w, https:\/\/semmelweis.hu\/hirek\/files\/2015\/04\/RS29633_20150319-KA-20150319-IMG_8006-scr.jpg 950w\" sizes=\"auto, (max-width: 600px) 100vw, 600px\" \/><\/a>Balogh Gyula kiemelte, az \u00e9vsz\u00e1zadok alatt sok minden megv\u00e1ltozott a m\u0171v\u00e9szetben, a renesz\u00e1nsz egy m\u0171v\u00e9szett\u00f6rt\u00e9neti eml\u00e9k. Az \u00fajabb korokban megker\u00fclhetetlenn\u00e9 v\u00e1lt a k\u00e9tely, a filoz\u00f3fiai z\u0171rzavar, ami ugyanakkor m\u00e9g ink\u00e1bb a megold\u00e1s keres\u00e9s\u00e9re \u00f6szt\u00f6n\u00f6z. \u201eA huszadik sz\u00e1zadi m\u0171v\u00e9szek mindegyike megteremti a maga igazs\u00e1g\u00e1t, kihirdeti, de az a k\u00e9rd\u00e9s, hogy ehhez van-e m\u00e1sok sz\u00e1m\u00e1ra kapcsol\u00f3d\u00e1s\u201d \u2013 fogalmazott.<\/p>\n<p>Saj\u00e1t m\u0171v\u00e9szet\u00e9r\u0151l azt mondta: rem\u00e9li, hogy bizonyos \u00e9rtelemben az egy kis t\u00fck\u00f6r, ami megsz\u0171ri \u00e9s visszat\u00fckr\u00f6zi azt, ami \u00e9lm\u00e9nyk\u00e9nt, tapasztalatk\u00e9nt, eml\u00e9kk\u00e9nt kereszt\u00fclmegy rajta. Ebben benne van a saj\u00e1t szem\u00e9lye is, de tiszteletben tartja azt, amivel tal\u00e1lkozik: amit l\u00e1t, azt semmik\u00e9ppen nem akarja \u00e1talak\u00edtani \u2013 egy igazi m\u0171v\u00e9sz pr\u00f3b\u00e1lkozik azzal, hogy mivel lesz sikeres. \u0150t csak az \u00e9rdekli, hogy ami a pap\u00edron van, az megfelel-e a val\u00f3s\u00e1gnak.<\/p>\n<p>A ki\u00e1ll\u00edt\u00e1s \u2013 el\u0151zetes bejelentkez\u00e9s ut\u00e1n \u2013 2015. \u00e1prilis 10-ig tekinthet\u0151 meg.<\/p>\n<p>Kapcsolattart\u00f3: Tornyosi N\u00f3ra, 06\/20 663-26-38<\/p>\n<p>Pogr\u00e1nyi P\u00e9ter<\/p>\n<p>Fot\u00f3: Kov\u00e1cs Attila \u2013 Semmelweis Egyetem<\/p>\n\r\n        [slb_exclude]\r\n        <div class=\"row galeria-wrapper mx-0 h-auto\">\r\n            <div class=\"col-9 pl-0 pr-2\">\r\n            <span class=\"gallery-item frame\">\r\n\t\t\t\t<div class=\"galeria-left-img\"><a href=\"https:\/\/semmelweis.hu\/hirek\/files\/2015\/04\/RS29617_20150319-KA-20150319-IMG_8040-scr.jpg\"><img src=https:\/\/semmelweis.hu\/hirek\/files\/2015\/04\/RS29617_20150319-KA-20150319-IMG_8040-scr.jpg  \r\n                            alt=\"\" \r\n                            class=\"attachment-sote-gallery-big size-sote-gallery-big\" \r\n                            srcset=\"https:\/\/semmelweis.hu\/hirek\/files\/2015\/04\/RS29617_20150319-KA-20150319-IMG_8040-scr-300x200.jpg 300w, https:\/\/semmelweis.hu\/hirek\/files\/2015\/04\/RS29617_20150319-KA-20150319-IMG_8040-scr-600x400.jpg 600w, https:\/\/semmelweis.hu\/hirek\/files\/2015\/04\/RS29617_20150319-KA-20150319-IMG_8040-scr-450x300.jpg 450w, https:\/\/semmelweis.hu\/hirek\/files\/2015\/04\/RS29617_20150319-KA-20150319-IMG_8040-scr.jpg 950w\" ><\/a><\/div>\r\n            <\/span>\r\n\r\n            <\/div>\r\n\r\n\t\t\t<div class=\"col-3 pl-0 pr-0\">\r\n\t\t\t\t<div class=\"galeria-right-img d-flex justify-content-between flex-column h-100 w-100 px-0 mx-0 \">\r\n                <div class=\"galeria-box\">\r\n\t\t\t\t\t<h3 class=\"galeria-title\">Gal\u00e9ria<\/h3>\r\n\t\t\t\t\t<div class=\"galeria-subtitle\">\r\n\r\n\t\t\t\t\t\t<div class=\"galeria-page-counter\"><span>9<\/span>k\u00e9p<\/div>\r\n                    <\/div> <\/div>\r\n                    <span class=\"gallery-item frame d-none d-md-flex\">\r\n\t\t\t\t\t<div class=\"galeria-small-img mt-0\"><a href=\"https:\/\/semmelweis.hu\/hirek\/files\/2015\/04\/RS29618_20150319-KA-20150319-IMG_8037-scr.jpg\"><img src=https:\/\/semmelweis.hu\/hirek\/files\/2015\/04\/RS29618_20150319-KA-20150319-IMG_8037-scr.jpg \r\n                                alt=\"\"  \r\n                                class=\"attachment-sote-gallery-small size-sote-gallery-small\" \r\n                                srcset=\"https:\/\/semmelweis.hu\/hirek\/files\/2015\/04\/RS29618_20150319-KA-20150319-IMG_8037-scr-300x200.jpg 300w, https:\/\/semmelweis.hu\/hirek\/files\/2015\/04\/RS29618_20150319-KA-20150319-IMG_8037-scr-600x400.jpg 600w, https:\/\/semmelweis.hu\/hirek\/files\/2015\/04\/RS29618_20150319-KA-20150319-IMG_8037-scr-450x300.jpg 450w, https:\/\/semmelweis.hu\/hirek\/files\/2015\/04\/RS29618_20150319-KA-20150319-IMG_8037-scr.jpg 950w\" ><\/a><\/div>\r\n                    <\/span>\r\n                    <span class=\"gallery-item frame d-none d-md-flex\">\r\n\t\t\t\t\t<div class=\"galeria-small-img mt-0\"><a href=\"https:\/\/semmelweis.hu\/hirek\/files\/2015\/04\/RS29622_20150319-KA-20150319-IMG_8031-scr.jpg\"><img src=https:\/\/semmelweis.hu\/hirek\/files\/2015\/04\/RS29622_20150319-KA-20150319-IMG_8031-scr.jpg \r\n                                alt=\"\" \r\n                                class=\"attachment-sote-gallery-small size-sote-gallery-small\" \r\n                                srcset=\"https:\/\/semmelweis.hu\/hirek\/files\/2015\/04\/RS29622_20150319-KA-20150319-IMG_8031-scr-300x200.jpg 300w, https:\/\/semmelweis.hu\/hirek\/files\/2015\/04\/RS29622_20150319-KA-20150319-IMG_8031-scr-600x400.jpg 600w, https:\/\/semmelweis.hu\/hirek\/files\/2015\/04\/RS29622_20150319-KA-20150319-IMG_8031-scr-450x300.jpg 450w, https:\/\/semmelweis.hu\/hirek\/files\/2015\/04\/RS29622_20150319-KA-20150319-IMG_8031-scr.jpg 950w\" ><\/a><\/div>\r\n                    <\/span>\r\n\r\n                <\/div>\r\n\r\n            <\/div>\r\n\r\n            <span class=\"gallery-item\"><div class=\"hidden\"><a href=\"https:\/\/semmelweis.hu\/hirek\/files\/2015\/04\/RS29628_20150319-KA-20150319-IMG_8016-scr1.jpg\">\r\n        <img src=https:\/\/semmelweis.hu\/hirek\/files\/2015\/04\/RS29628_20150319-KA-20150319-IMG_8016-scr1.jpg alt=\"\" class=\"attachment-sote-gallery-big size-sote-gallery-big\" srcset=\"https:\/\/semmelweis.hu\/hirek\/files\/2015\/04\/RS29628_20150319-KA-20150319-IMG_8016-scr1-300x200.jpg 300w, https:\/\/semmelweis.hu\/hirek\/files\/2015\/04\/RS29628_20150319-KA-20150319-IMG_8016-scr1-600x400.jpg 600w, https:\/\/semmelweis.hu\/hirek\/files\/2015\/04\/RS29628_20150319-KA-20150319-IMG_8016-scr1-450x300.jpg 450w, https:\/\/semmelweis.hu\/hirek\/files\/2015\/04\/RS29628_20150319-KA-20150319-IMG_8016-scr1.jpg 950w\" >\r\n        <\/a><\/div><\/span><span class=\"gallery-item\"><div class=\"hidden\"><a href=\"https:\/\/semmelweis.hu\/hirek\/files\/2015\/04\/RS29633_20150319-KA-20150319-IMG_8006-scr1.jpg\">\r\n        <img src=https:\/\/semmelweis.hu\/hirek\/files\/2015\/04\/RS29633_20150319-KA-20150319-IMG_8006-scr1.jpg alt=\"\" class=\"attachment-sote-gallery-big size-sote-gallery-big\" srcset=\"https:\/\/semmelweis.hu\/hirek\/files\/2015\/04\/RS29633_20150319-KA-20150319-IMG_8006-scr1-300x200.jpg 300w, https:\/\/semmelweis.hu\/hirek\/files\/2015\/04\/RS29633_20150319-KA-20150319-IMG_8006-scr1-600x400.jpg 600w, https:\/\/semmelweis.hu\/hirek\/files\/2015\/04\/RS29633_20150319-KA-20150319-IMG_8006-scr1-450x300.jpg 450w, https:\/\/semmelweis.hu\/hirek\/files\/2015\/04\/RS29633_20150319-KA-20150319-IMG_8006-scr1.jpg 950w\" >\r\n        <\/a><\/div><\/span><span class=\"gallery-item\"><div class=\"hidden\"><a href=\"https:\/\/semmelweis.hu\/hirek\/files\/2015\/04\/RS29634_20150319-KA-20150319-IMG_8003-scr.jpg\">\r\n        <img src=https:\/\/semmelweis.hu\/hirek\/files\/2015\/04\/RS29634_20150319-KA-20150319-IMG_8003-scr.jpg alt=\"\" class=\"attachment-sote-gallery-big size-sote-gallery-big\" srcset=\"https:\/\/semmelweis.hu\/hirek\/files\/2015\/04\/RS29634_20150319-KA-20150319-IMG_8003-scr-300x200.jpg 300w, https:\/\/semmelweis.hu\/hirek\/files\/2015\/04\/RS29634_20150319-KA-20150319-IMG_8003-scr-600x400.jpg 600w, https:\/\/semmelweis.hu\/hirek\/files\/2015\/04\/RS29634_20150319-KA-20150319-IMG_8003-scr-450x300.jpg 450w, https:\/\/semmelweis.hu\/hirek\/files\/2015\/04\/RS29634_20150319-KA-20150319-IMG_8003-scr.jpg 950w\" >\r\n        <\/a><\/div><\/span><span class=\"gallery-item\"><div class=\"hidden\"><a href=\"https:\/\/semmelweis.hu\/hirek\/files\/2015\/04\/RS29639_20150319-KA-20150319-IMG_7992-scr.jpg\">\r\n        <img src=https:\/\/semmelweis.hu\/hirek\/files\/2015\/04\/RS29639_20150319-KA-20150319-IMG_7992-scr.jpg alt=\"\" class=\"attachment-sote-gallery-big size-sote-gallery-big\" srcset=\"https:\/\/semmelweis.hu\/hirek\/files\/2015\/04\/RS29639_20150319-KA-20150319-IMG_7992-scr-300x200.jpg 300w, https:\/\/semmelweis.hu\/hirek\/files\/2015\/04\/RS29639_20150319-KA-20150319-IMG_7992-scr-600x400.jpg 600w, https:\/\/semmelweis.hu\/hirek\/files\/2015\/04\/RS29639_20150319-KA-20150319-IMG_7992-scr-450x300.jpg 450w, https:\/\/semmelweis.hu\/hirek\/files\/2015\/04\/RS29639_20150319-KA-20150319-IMG_7992-scr.jpg 950w\" >\r\n        <\/a><\/div><\/span><span class=\"gallery-item\"><div class=\"hidden\"><a href=\"https:\/\/semmelweis.hu\/hirek\/files\/2015\/04\/RS29645_20150319-KA-20150319-IMG_7978-scr1.jpg\">\r\n        <img src=https:\/\/semmelweis.hu\/hirek\/files\/2015\/04\/RS29645_20150319-KA-20150319-IMG_7978-scr1.jpg alt=\"\" class=\"attachment-sote-gallery-big size-sote-gallery-big\" srcset=\"https:\/\/semmelweis.hu\/hirek\/files\/2015\/04\/RS29645_20150319-KA-20150319-IMG_7978-scr1-300x200.jpg 300w, https:\/\/semmelweis.hu\/hirek\/files\/2015\/04\/RS29645_20150319-KA-20150319-IMG_7978-scr1-600x400.jpg 600w, https:\/\/semmelweis.hu\/hirek\/files\/2015\/04\/RS29645_20150319-KA-20150319-IMG_7978-scr1-450x300.jpg 450w, https:\/\/semmelweis.hu\/hirek\/files\/2015\/04\/RS29645_20150319-KA-20150319-IMG_7978-scr1.jpg 950w\" >\r\n        <\/a><\/div><\/span><span class=\"gallery-item\"><div class=\"hidden\"><a href=\"https:\/\/semmelweis.hu\/hirek\/files\/2015\/04\/RS29646_20150319-KA-20150319-IMG_7976-scr.jpg\">\r\n        <img src=https:\/\/semmelweis.hu\/hirek\/files\/2015\/04\/RS29646_20150319-KA-20150319-IMG_7976-scr.jpg alt=\"\" class=\"attachment-sote-gallery-big size-sote-gallery-big\" srcset=\"https:\/\/semmelweis.hu\/hirek\/files\/2015\/04\/RS29646_20150319-KA-20150319-IMG_7976-scr-300x200.jpg 300w, https:\/\/semmelweis.hu\/hirek\/files\/2015\/04\/RS29646_20150319-KA-20150319-IMG_7976-scr-600x400.jpg 600w, https:\/\/semmelweis.hu\/hirek\/files\/2015\/04\/RS29646_20150319-KA-20150319-IMG_7976-scr-450x300.jpg 450w, https:\/\/semmelweis.hu\/hirek\/files\/2015\/04\/RS29646_20150319-KA-20150319-IMG_7976-scr.jpg 950w\" >\r\n        <\/a><\/div><\/span>\r\n            <\/div>\r\n\r\n            [\/slb_exclude]\r\n\t\n","protected":false},"excerpt":{"rendered":"<p>Balogh Gyula fest\u0151m\u0171v\u00e9sz alkot\u00e1saib\u00f3l ny\u00edlt ki\u00e1ll\u00edt\u00e1s m\u00e1rciusban a Semmelweis Szalonban. Az \u00fcnnep\u00e9lyes megnyit\u00f3n az alkot\u00f3val Salamon Gy\u00f6rgy fest\u0151m\u0171v\u00e9sz besz\u00e9lgetett, az est zenei hangulat\u00e1r\u00f3l Vida M\u00f3nika zongoram\u0171v\u00e9sz gondoskodott. <a href=\"https:\/\/semmelweis.hu\/hirek\/files\/2015\/04\/RS29645_20150319-KA-20150319-IMG_7978-scr.jpg\"><\/a> A rendezv\u00e9nyt dr. T\u00edm\u00e1r J\u00f3zsef \u00e1ltal\u00e1nos \u00e9s oktat\u00e1si rektorhelyettes nyitotta meg, aki r\u00f6vid bevezet\u0151j\u00e9ben \u00fagy fogalmazott: a Semmelweis Szalonban l\u00e1that\u00f3 k\u00e9pek alapj\u00e1n Balogh Gyula m\u0171v\u00e9szet\u00e9t \u2013 az \u00e9vtizedekig &hellip;<\/p>\n","protected":false},"author":1,"featured_media":0,"comment_status":"closed","ping_status":"closed","sticky":false,"template":"","format":"standard","meta":{"_acf_changed":false,"footnotes":""},"categories":[],"tags":[2569],"class_list":["post-39346","post","type-post","status-publish","format-standard","hentry","tag-galeria"],"acf":[],"_links":{"self":[{"href":"https:\/\/semmelweis.hu\/hirek\/wp-json\/wp\/v2\/posts\/39346","targetHints":{"allow":["GET"]}}],"collection":[{"href":"https:\/\/semmelweis.hu\/hirek\/wp-json\/wp\/v2\/posts"}],"about":[{"href":"https:\/\/semmelweis.hu\/hirek\/wp-json\/wp\/v2\/types\/post"}],"author":[{"embeddable":true,"href":"https:\/\/semmelweis.hu\/hirek\/wp-json\/wp\/v2\/users\/1"}],"replies":[{"embeddable":true,"href":"https:\/\/semmelweis.hu\/hirek\/wp-json\/wp\/v2\/comments?post=39346"}],"version-history":[{"count":1,"href":"https:\/\/semmelweis.hu\/hirek\/wp-json\/wp\/v2\/posts\/39346\/revisions"}],"predecessor-version":[{"id":39367,"href":"https:\/\/semmelweis.hu\/hirek\/wp-json\/wp\/v2\/posts\/39346\/revisions\/39367"}],"wp:attachment":[{"href":"https:\/\/semmelweis.hu\/hirek\/wp-json\/wp\/v2\/media?parent=39346"}],"wp:term":[{"taxonomy":"category","embeddable":true,"href":"https:\/\/semmelweis.hu\/hirek\/wp-json\/wp\/v2\/categories?post=39346"},{"taxonomy":"post_tag","embeddable":true,"href":"https:\/\/semmelweis.hu\/hirek\/wp-json\/wp\/v2\/tags?post=39346"}],"curies":[{"name":"wp","href":"https:\/\/api.w.org\/{rel}","templated":true}]}}