{"id":3910,"date":"2010-09-07T10:47:02","date_gmt":"2010-09-07T08:47:02","guid":{"rendered":"http:\/\/semmelweis-egyetem.hu\/?p=3910"},"modified":"2025-10-17T15:46:58","modified_gmt":"2025-10-17T13:46:58","slug":"szurovizsgalat-egyetemi-dolgozoknak-a-prosztata-napokon","status":"publish","type":"post","link":"https:\/\/semmelweis.hu\/hirek\/2010\/09\/07\/szurovizsgalat-egyetemi-dolgozoknak-a-prosztata-napokon\/","title":{"rendered":"Sz\u0171r\u0151vizsg\u00e1lat egyetemi dolgoz\u00f3knak a Prosztata Napokon"},"content":{"rendered":"<p>Az Urol\u00f3giai Klinika munkat\u00e1rsai az Eur\u00f3pai Urol\u00f3gus T\u00e1rsas\u00e1g felh\u00edv\u00e1s\u00e1ra 2010. szeptember 13-18 k\u00f6z\u00f6tt ingyenes prosztatar\u00e1k sz\u0171r\u00e9st tartanak, melyre v\u00e1rj\u00e1k az egyetem 50 \u00e9v feletti f\u00e9rfi dolgoz\u00f3it.<br \/>\nA koll\u00e9g\u00e1k az 51134-es mell\u00e9ken k\u00e9rhetnek id\u0151pontot. A kamp\u00e1ny az egyetemi f\u00e9rfi dolgoz\u00f3k sz\u00e1m\u00e1ra okt\u00f3ber 15-ig tart.<\/p>\n","protected":false},"excerpt":{"rendered":"<p>Az Urol\u00f3giai Klinika munkat\u00e1rsai az Eur\u00f3pai Urol\u00f3gus T\u00e1rsas\u00e1g felh\u00edv\u00e1s\u00e1ra 2010. szeptember 13-18 k\u00f6z\u00f6tt ingyenes prosztatar\u00e1k sz\u0171r\u00e9st tartanak, melyre v\u00e1rj\u00e1k az egyetem 50 \u00e9v feletti f\u00e9rfi dolgoz\u00f3it.<br \/>\nA koll\u00e9g\u00e1k az 51134-es mell\u00e9ken k\u00e9rhetnek id\u0151pontot. A kamp\u00e1ny az egyetemi f\u00e9rfi dolgoz\u00f3k sz\u00e1m\u00e1ra okt\u00f3ber 15-ig tart.<\/p>\n","protected":false},"author":1,"featured_media":0,"comment_status":"closed","ping_status":"closed","sticky":false,"template":"","format":"standard","meta":{"_acf_changed":false,"footnotes":""},"categories":[13],"tags":[162],"class_list":["post-3910","post","type-post","status-publish","format-standard","hentry","category-egyeb","tag-eletmod-eletmod"],"acf":[],"_links":{"self":[{"href":"https:\/\/semmelweis.hu\/hirek\/wp-json\/wp\/v2\/posts\/3910","targetHints":{"allow":["GET"]}}],"collection":[{"href":"https:\/\/semmelweis.hu\/hirek\/wp-json\/wp\/v2\/posts"}],"about":[{"href":"https:\/\/semmelweis.hu\/hirek\/wp-json\/wp\/v2\/types\/post"}],"author":[{"embeddable":true,"href":"https:\/\/semmelweis.hu\/hirek\/wp-json\/wp\/v2\/users\/1"}],"replies":[{"embeddable":true,"href":"https:\/\/semmelweis.hu\/hirek\/wp-json\/wp\/v2\/comments?post=3910"}],"version-history":[{"count":1,"href":"https:\/\/semmelweis.hu\/hirek\/wp-json\/wp\/v2\/posts\/3910\/revisions"}],"predecessor-version":[{"id":65369,"href":"https:\/\/semmelweis.hu\/hirek\/wp-json\/wp\/v2\/posts\/3910\/revisions\/65369"}],"wp:attachment":[{"href":"https:\/\/semmelweis.hu\/hirek\/wp-json\/wp\/v2\/media?parent=3910"}],"wp:term":[{"taxonomy":"category","embeddable":true,"href":"https:\/\/semmelweis.hu\/hirek\/wp-json\/wp\/v2\/categories?post=3910"},{"taxonomy":"post_tag","embeddable":true,"href":"https:\/\/semmelweis.hu\/hirek\/wp-json\/wp\/v2\/tags?post=3910"}],"curies":[{"name":"wp","href":"https:\/\/api.w.org\/{rel}","templated":true}]}}