{"id":37901,"date":"2015-03-02T11:57:34","date_gmt":"2015-03-02T10:57:34","guid":{"rendered":"http:\/\/semmelweis.hu\/hirek\/?p=37901"},"modified":"2018-02-06T13:17:05","modified_gmt":"2018-02-06T12:17:05","slug":"veralvadast-segito-eszkozt-kapott-a-transzplantacios-klinika","status":"publish","type":"post","link":"https:\/\/semmelweis.hu\/hirek\/2015\/03\/02\/veralvadast-segito-eszkozt-kapott-a-transzplantacios-klinika\/","title":{"rendered":"V\u00e9ralvad\u00e1st seg\u00edt\u0151 eszk\u00f6zt kapott a Transzplant\u00e1ci\u00f3s Klinika"},"content":{"rendered":"<p>A v\u00e9ralvad\u00e1s korszer\u0171 vizsg\u00e1lat\u00e1t, \u00edgy c\u00e9lzottabb v\u00e9rz\u00e9scsillap\u00edt\u00e1st tesz lehet\u0151v\u00e9, de bizonyos esetekben a v\u00e9r\u00e1t\u00f6mleszt\u00e9st is kiv\u00e1lthatja az a k\u00e9sz\u00fcl\u00e9k, amelyet a Transzplant\u00e1ci\u00f3s \u00e9s Seb\u00e9szeti Klinik\u00e1nak a TEST-V\u00c9R Eg\u00e9szs\u00e9gp\u00e9nzt\u00e1r adom\u00e1nyozott. A 14 milli\u00f3 forintos eszk\u00f6zt m\u00e1r az \u00e1tad\u00e1s m\u00e1snapj\u00e1n alkalmazt\u00e1k a klinik\u00e1n egy m\u00e1j\u00e1t\u00fcltet\u00e9s sor\u00e1n.<\/p>\n<p><a href=\"https:\/\/semmelweis.hu\/hirek\/files\/2015\/03\/RS28600_KA-20150225-IMG_2291-transzplant-rotem-gep-atado-scr.jpg\"><img loading=\"lazy\" decoding=\"async\" class=\"alignleft size-medium wp-image-37904\" src=\"https:\/\/semmelweis.hu\/hirek\/files\/2015\/03\/RS28600_KA-20150225-IMG_2291-transzplant-rotem-gep-atado-scr-200x300.jpg\" alt=\"RS28600_KA-20150225-IMG_2291-transzplant-rotem-gep-atado-scr\" width=\"200\" height=\"300\" srcset=\"https:\/\/semmelweis.hu\/hirek\/files\/2015\/03\/RS28600_KA-20150225-IMG_2291-transzplant-rotem-gep-atado-scr-200x300.jpg 200w, https:\/\/semmelweis.hu\/hirek\/files\/2015\/03\/RS28600_KA-20150225-IMG_2291-transzplant-rotem-gep-atado-scr-267x400.jpg 267w, https:\/\/semmelweis.hu\/hirek\/files\/2015\/03\/RS28600_KA-20150225-IMG_2291-transzplant-rotem-gep-atado-scr.jpg 500w\" sizes=\"auto, (max-width: 200px) 100vw, 200px\" \/><\/a>Dr. M\u00e1th\u00e9 Zolt\u00e1n klinikaigazgat\u00f3 a k\u00e9sz\u00fcl\u00e9k bemutat\u00e1sakor elmondta: a m\u0171t\u00e9t k\u00f6zben fell\u00e9p\u0151 v\u00e9rz\u00e9sek ell\u00e1t\u00e1s\u00e1ra alkalmas eszk\u00f6zt m\u00e1j-, vese- \u00e9s hasny\u00e1lmirigy transzplant\u00e1ci\u00f3k, illetve m\u00e1jreszekci\u00f3k eset\u00e9ben fogj\u00e1k alkalmazni. A komoly el\u0151rel\u00e9p\u00e9st jelent\u0151 technol\u00f3gia seg\u00edti a seb\u00e9sz \u00e9s az aneszteziol\u00f3gus k\u00f6z\u00f6tti egy\u00fcttm\u0171k\u00f6d\u00e9st az el\u0151zetes \u00e1llapotfelm\u00e9r\u00e9s \u00e9s el\u0151k\u00e9sz\u00edt\u00e9s sor\u00e1n, a m\u0171t\u0151ben, illetve az oper\u00e1ci\u00f3t k\u00f6vet\u0151en is \u2013 fogalmazott.<\/p>\n<p>A TEST-V\u00c9R Eg\u00e9szs\u00e9gp\u00e9nzt\u00e1r kifejezetten az\u00e9rt alakult, hogy a v\u00e9r n\u00e9lk\u00fcli, illetve v\u00e9rtakar\u00e9kos gy\u00f3gy\u00edt\u00e1st szolg\u00e1lja \u2013 hangs\u00falyozta dr. Ruttkay M. G\u00e9za eln\u00f6k. Mint arr\u00f3l besz\u00e1molt: id\u00e9n t\u00edz f\u0151v\u00e1rosi \u00e9s vid\u00e9ki k\u00f3rh\u00e1z r\u00e9sz\u00e9re tudnak ilyen eszk\u00f6zt biztos\u00edtani.<\/p>\n<p><a href=\"https:\/\/semmelweis.hu\/hirek\/files\/2015\/03\/RS28595_KA-20150225-IMG_2321-transzplant-rotem-gep-atado-scr.jpg\"><img loading=\"lazy\" decoding=\"async\" class=\"alignright size-medium wp-image-37906\" src=\"https:\/\/semmelweis.hu\/hirek\/files\/2015\/03\/RS28595_KA-20150225-IMG_2321-transzplant-rotem-gep-atado-scr-300x200.jpg\" alt=\"RS28595_KA-20150225-IMG_2321-transzplant-rotem-gep-atado-scr\" width=\"300\" height=\"200\" srcset=\"https:\/\/semmelweis.hu\/hirek\/files\/2015\/03\/RS28595_KA-20150225-IMG_2321-transzplant-rotem-gep-atado-scr-300x200.jpg 300w, https:\/\/semmelweis.hu\/hirek\/files\/2015\/03\/RS28595_KA-20150225-IMG_2321-transzplant-rotem-gep-atado-scr-600x400.jpg 600w, https:\/\/semmelweis.hu\/hirek\/files\/2015\/03\/RS28595_KA-20150225-IMG_2321-transzplant-rotem-gep-atado-scr-450x300.jpg 450w, https:\/\/semmelweis.hu\/hirek\/files\/2015\/03\/RS28595_KA-20150225-IMG_2321-transzplant-rotem-gep-atado-scr.jpg 950w\" sizes=\"auto, (max-width: 300px) 100vw, 300px\" \/><\/a>A m\u0171t\u00e9tek sor\u00e1n felmer\u00fcl\u0151 v\u00e9rz\u00e9st csak a v\u00e9ralvad\u00e1si zavar ok\u00e1nak pontos ismeret\u00e9ben lehet hat\u00e9konyan csillap\u00edtani, hagyom\u00e1nyos laborat\u00f3riumi vizsg\u00e1latokkal azonban nem mindig t\u00e1rhat\u00f3 fel, mi \u00e1ll a v\u00e9rz\u00e9kenys\u00e9g h\u00e1tter\u00e9ben. A most \u00e1tadott ROTEM k\u00e9sz\u00fcl\u00e9kkel egyszer\u0171en kider\u00edthet\u0151, melyik alvad\u00e1s\u00e9rt felel\u0151s v\u00e9rkomponens nem m\u0171k\u00f6dik megfelel\u0151en, \u00edgy seg\u00edt a c\u00e9lzott beavatkoz\u00e1s kiv\u00e1laszt\u00e1s\u00e1ban \u00e9s gyorsabb v\u00e9rz\u00e9scsillap\u00edt\u00e1st tesz lehet\u0151v\u00e9. Haszn\u00e1lat\u00e1val lehet\u0151s\u00e9g ny\u00edlik arra is, hogy a c\u00e9lzott ter\u00e1pia sor\u00e1n emberi v\u00e9rb\u0151l el\u0151\u00e1ll\u00edtott k\u00e9sz\u00edtm\u00e9nyekkel p\u00f3tolj\u00e1k a hi\u00e1nyz\u00f3 alvad\u00e1si faktorokat, \u00edgy bizonyos esetekben kiv\u00e1lthatja a transzf\u00fazi\u00f3t is. Egyszerre n\u00e9gy p\u00e1rhuzamos m\u00e9r\u00e9st tesz lehet\u0151v\u00e9, haszn\u00e1lata m\u00e9gis k\u00f6nnyen elsaj\u00e1t\u00edthat\u00f3, r\u00e1ad\u00e1sul j\u00f3val gyorsabb, stabilabb \u00e9s kev\u00e9sb\u00e9 \u00e9rz\u00e9keny a kor\u00e1bban alkalmazott m\u0171szerekn\u00e9l.<\/p>\n<p><a href=\"https:\/\/semmelweis.hu\/hirek\/files\/2015\/03\/RS28609_KA-20150225-IMG_2262-transzplant-rotem-gep-atado-scr.jpg\"><img loading=\"lazy\" decoding=\"async\" class=\"alignleft size-medium wp-image-37902\" src=\"https:\/\/semmelweis.hu\/hirek\/files\/2015\/03\/RS28609_KA-20150225-IMG_2262-transzplant-rotem-gep-atado-scr-300x200.jpg\" alt=\"RS28609_KA-20150225-IMG_2262-transzplant-rotem-gep-atado-scr\" width=\"300\" height=\"200\" srcset=\"https:\/\/semmelweis.hu\/hirek\/files\/2015\/03\/RS28609_KA-20150225-IMG_2262-transzplant-rotem-gep-atado-scr-300x200.jpg 300w, https:\/\/semmelweis.hu\/hirek\/files\/2015\/03\/RS28609_KA-20150225-IMG_2262-transzplant-rotem-gep-atado-scr-600x400.jpg 600w, https:\/\/semmelweis.hu\/hirek\/files\/2015\/03\/RS28609_KA-20150225-IMG_2262-transzplant-rotem-gep-atado-scr-450x300.jpg 450w, https:\/\/semmelweis.hu\/hirek\/files\/2015\/03\/RS28609_KA-20150225-IMG_2262-transzplant-rotem-gep-atado-scr.jpg 950w\" sizes=\"auto, (max-width: 300px) 100vw, 300px\" \/><\/a>A n\u00e9met diagnosztikai eszk\u00f6z el\u0151dj\u00e9t, a TEG-et m\u00e1r az 1940-es \u00e9vekben alkalmazt\u00e1k, negyven \u00e9vvel k\u00e9s\u0151bb az Egyes\u00fclt \u00c1llamokban fejlesztett\u00e9k tov\u00e1bb, ez\u00fattal pedig leg\u00fajabb verzi\u00f3ja ker\u00fclt a klinik\u00e1ra.<\/p>\n<p>Mozer M\u00e1ria<\/p>\n<p>Fot\u00f3: Kov\u00e1cs Attila &#8211; Semmelweis Egyetem<\/p>\n","protected":false},"excerpt":{"rendered":"<p>A v\u00e9ralvad\u00e1s korszer\u0171 vizsg\u00e1lat\u00e1t, \u00edgy c\u00e9lzottabb v\u00e9rz\u00e9scsillap\u00edt\u00e1st tesz lehet\u0151v\u00e9, de bizonyos esetekben a v\u00e9r\u00e1t\u00f6mleszt\u00e9st is kiv\u00e1lthatja az a k\u00e9sz\u00fcl\u00e9k, amelyet a Transzplant\u00e1ci\u00f3s \u00e9s Seb\u00e9szeti Klinik\u00e1nak a TEST-V\u00c9R Eg\u00e9szs\u00e9gp\u00e9nzt\u00e1r adom\u00e1nyozott. A 14 milli\u00f3 forintos eszk\u00f6zt m\u00e1r az \u00e1tad\u00e1s m\u00e1snapj\u00e1n alkalmazt\u00e1k a klinik\u00e1n egy m\u00e1j\u00e1t\u00fcltet\u00e9s sor\u00e1n. <a href=\"https:\/\/semmelweis.hu\/hirek\/files\/2015\/03\/RS28600_KA-20150225-IMG_2291-transzplant-rotem-gep-atado-scr.jpg\"><\/a> Dr. M\u00e1th\u00e9 Zolt\u00e1n klinikaigazgat\u00f3 a k\u00e9sz\u00fcl\u00e9k bemutat\u00e1sakor elmondta: a m\u0171t\u00e9t k\u00f6zben &hellip;<\/p>\n","protected":false},"author":280,"featured_media":37902,"comment_status":"closed","ping_status":"closed","sticky":false,"template":"","format":"standard","meta":{"_acf_changed":false,"footnotes":""},"categories":[154,168],"tags":[1971,156,3895],"class_list":["post-37901","post","type-post","status-publish","format-standard","has-post-thumbnail","hentry","category-egeszseg","category-kiemelt","tag-adomany","tag-gyogyitas","tag-jotekonysag"],"acf":[],"_links":{"self":[{"href":"https:\/\/semmelweis.hu\/hirek\/wp-json\/wp\/v2\/posts\/37901","targetHints":{"allow":["GET"]}}],"collection":[{"href":"https:\/\/semmelweis.hu\/hirek\/wp-json\/wp\/v2\/posts"}],"about":[{"href":"https:\/\/semmelweis.hu\/hirek\/wp-json\/wp\/v2\/types\/post"}],"author":[{"embeddable":true,"href":"https:\/\/semmelweis.hu\/hirek\/wp-json\/wp\/v2\/users\/280"}],"replies":[{"embeddable":true,"href":"https:\/\/semmelweis.hu\/hirek\/wp-json\/wp\/v2\/comments?post=37901"}],"version-history":[{"count":1,"href":"https:\/\/semmelweis.hu\/hirek\/wp-json\/wp\/v2\/posts\/37901\/revisions"}],"predecessor-version":[{"id":37907,"href":"https:\/\/semmelweis.hu\/hirek\/wp-json\/wp\/v2\/posts\/37901\/revisions\/37907"}],"wp:featuredmedia":[{"embeddable":true,"href":"https:\/\/semmelweis.hu\/hirek\/wp-json\/wp\/v2\/media\/37902"}],"wp:attachment":[{"href":"https:\/\/semmelweis.hu\/hirek\/wp-json\/wp\/v2\/media?parent=37901"}],"wp:term":[{"taxonomy":"category","embeddable":true,"href":"https:\/\/semmelweis.hu\/hirek\/wp-json\/wp\/v2\/categories?post=37901"},{"taxonomy":"post_tag","embeddable":true,"href":"https:\/\/semmelweis.hu\/hirek\/wp-json\/wp\/v2\/tags?post=37901"}],"curies":[{"name":"wp","href":"https:\/\/api.w.org\/{rel}","templated":true}]}}